{"id":11158,"date":"2025-07-16T16:25:16","date_gmt":"2025-07-16T16:25:16","guid":{"rendered":"https:\/\/verdadincomodadiario.ar\/?p=11158"},"modified":"2025-07-16T16:25:16","modified_gmt":"2025-07-16T16:25:16","slug":"la-diaria-se-financia-con-prestamos-privilegiados-del-banco-republica-2","status":"publish","type":"post","link":"https:\/\/verdadincomodadiario.ar\/?p=11158","title":{"rendered":"La Diaria se financia con pr\u00e9stamos privilegiados del Banco Rep\u00fablica"},"content":{"rendered":"<p>El <strong>panfleto<\/strong> de la ultra izquierda uruguaya, que defiende al gobierno de Yamand\u00fa <strong>Orsi<\/strong>, sigue recibiendo <strong>financiamiento<\/strong> del Estado, es decir de los contribuyentes que pagan <strong>impuestos<\/strong>, y de fundaciones del exterior.\u00a0<\/p>\n<h2>Financiamiento extranjero<\/h2>\n<p>Desde La Derecha Diario ya noticiamos que una de sus fuentes escenciales de <strong>financiamiento<\/strong> es la Fundaci\u00f3n Avina, que junto con Omidyar Network y Avina Americas, cre\u00f3 la Alianza Latinoamericana para la Tecnolog\u00eda C\u00edvica (ALTEC) en 2017, con un fondo de 3,5 millones de d\u00f3lares para &#8220;apoyar proyectos de tecnolog\u00eda c\u00edvica en Am\u00e9rica Latina&#8221;.\u00a0<\/p>\n<p>El <strong>pasqu\u00edn<\/strong> izquierdista recibe dinero fresco de esta fundaci\u00f3n extranjera desde hace a\u00f1os.<\/p>\n<p>Esta fundaci\u00f3n promueve la agenda 2030, el <strong>feminismo<\/strong> radical, el <strong>aborto<\/strong>, el fanatismo <strong>ambientalista<\/strong>, y apoya a las narco <strong>dictaduras<\/strong> comunistas de Venezuela, Cuba, y Nicaragua.<\/p>\n<h2>Mujica y los 400.000 d\u00f3lares<\/h2>\n<p>El 2013, durante la presidencia del frenteamplista Jos\u00e9 Mujica, se le otorg\u00f3 &#8220;un apoyo&#8221;, de <strong>400.000<\/strong>\u00a0<strong>d\u00f3lares<\/strong> a trav\u00e9s del FONDES.<\/p>\n<div class=\"inter_image image_horizontal\">\n<picture><source class=\"img-responsive\" type=\"image\/webp\" data-srcset=\"https:\/\/filesedc.com\/uploads\/image\/post\/2025\/07\/screenshot-20250716-030045-1752678705165_300_200.webp 300w, https:\/\/filesedc.com\/uploads\/image\/post\/2025\/07\/screenshot-20250716-030045-1752678705165_630_420.webp 630w, https:\/\/filesedc.com\/uploads\/image\/post\/2025\/07\/screenshot-20250716-030045-1752678705165_760_507.webp 760w, https:\/\/filesedc.com\/uploads\/image\/post\/2025\/07\/screenshot-20250716-030045-1752678705165_1200_800.webp 1200w, https:\/\/filesedc.com\/uploads\/image\/post\/2025\/07\/screenshot-20250716-030045-1752678705165_1600_1067.webp 1600w, \"><img decoding=\"async\" src=\"https:\/\/derechadiario.com.ar\/filesedc\/uploads\/image\/post\/2025\/07\/screenshot-20250716-030045-1752678705165_1200_800.webp\" class=\"img-responsive lazyload\" alt=\"Fachada de edificio urbano con un cartel azul de la diaria y una camioneta blanca estacionada con el mismo logo reflejado\" title=\"Fachada de edificio urbano con un cartel azul de la diaria y una camioneta blanca estacionada con el mismo logo reflejado\"><\/picture>\n<div>\n<span class=\"img_footer\">Camioneta de La Diaria  <\/span>| <span class=\"img_author\">La Derecha Diario<\/span>\n<\/div>\n<\/div>\n<p>El FONDES es el Fondo de Desarrollo y fue creado por ley. Sirve para apoyar supuestos emprendimientos cooperativos.<\/p>\n<p>Bajo el mandato de Jos\u00e9 Mujica, La Diaria recibi\u00f3 en 2013 400.000 d\u00f3lares como &#8220;apoyo&#8221;, de acuerdo a lo se\u00f1alado el propio Mujica en mayo de 2013, seg\u00fan inform\u00f3 el 27 de ese mes el portal 180.com.uy.<\/p>\n<p>Lo de &#8220;<strong>apoyo<\/strong>&#8220;, lo dijo el propio presidente tupamaro en 2013.<\/p>\n<h2>Prestamos privilegiados<\/h2>\n<p>La Diaria utiliza pr\u00e9stamos privilegiados del BROU como parte de su financiamiento. La <strong>deuda<\/strong> al BROU representa un tercio de su deuda total seg\u00fan ellos mismos reconocen.<\/p>\n<p>Los detalles espec\u00edficos no est\u00e1n disponibles p\u00fablicamente, pero el BROU le otorg\u00f3 <strong>pr\u00e9stamos<\/strong> al consumo, para MIPYMES (Micro, Peque\u00f1as y Medianas Empresas), algo ins\u00f3lito y nunca visto para un &#8220;medio de prensa&#8221;.<\/p>\n<p>Son pr\u00e9stamos privilegiados e hiper\u00a0 accesibles, con tasas competitivas, como el 0% de inter\u00e9s para MIPYMES bajo ciertos convenios.<\/p>\n<figure><img decoding=\"async\" src=\"https:\/\/derechadiario.com.ar\/filesedc\/uploads\/image\/post\/2025\/07\/inshot-20250716-0142397032-1752679038749_1200_800.webp\" class=\"img-responsive lazyload\" alt=\"Captura de pantalla de un art\u00edculo titulado C\u00f3mo se financia la diaria los n\u00fameros de 2025, con etiquetas de aniversario y financiamiento, publicado el 20 de marzo y con una duraci\u00f3n estimada de lectura de un minuto.\" title=\"Captura de pantalla de un art\u00edculo titulado C\u00f3mo se financia la diaria los n\u00fameros de 2025, con etiquetas de aniversario y financiamiento, publicado el 20 de marzo y con una duraci\u00f3n estimada de lectura de un minuto.\"><\/figure>\n<p>El BROU, como banco estatal, tiene un rol clave en Uruguay apoyando proyectos supuestamente productivos y cooperativos.<\/p>\n<p>La Diaria disfruta de <strong>pr\u00e9stamos<\/strong> que otras empresas no tienen.<\/p>\n<p>Estos pr\u00e9stamos del Banco Rep\u00fablica suelen estar alineados con los objetivos del banco de &#8220;fomentar el desarrollo econ\u00f3mico y social&#8221;, seg\u00fan su Carta Org\u00e1nica.<\/p>\n<p>Sin embargo, el <strong>pasqu\u00edn<\/strong> chavista no ofrece ning\u00fan incentivo econ\u00f3mico para que un banco le otorgue un pr\u00e9stamo.\u00a0<\/p>\n<p>En realidad el \u00fanico &#8220;incentivo&#8221; para que se le otorgue un <strong>pr\u00e9stamo<\/strong> sin intereses es exclusivamente pol\u00edtico &#8211; partidario.<\/p>\n<p>Entre 2006 cuando se fund\u00f3 el <strong>pasqu\u00edn<\/strong>, y 2020, el gobernante Frente Amplio le otorg\u00f3 <strong>facilidades<\/strong> econ\u00f3micas a trav\u00e9s de pr\u00e9stamos usando el BROU.<\/p>\n<p>Una empresa comercial cualquiera debe <strong>pagar<\/strong> los intereses correspondientes, sin embargo, La Diaria disfrut\u00f3 de beneficios exclusivos, todo por afinidad pol\u00edtico &#8211; partidaria con el gobierno frenteamplista del momento.<\/p>\n<h2>Confesi\u00f3n del financiamiento del BROU<\/h2>\n<p>El 20 de marzo de 2024 el propio panfleto chavista reconoci\u00f3 que al Banco Rep\u00fablica le debe el 33% de su deuda total.<\/p>\n<p>Es decir que un tercio de su deuda se la debe al banco estatal. Lo que <strong>omiten<\/strong> decir es que disfrutan de pr\u00e9stamos <strong>privilegiados<\/strong> a los cuales no accede cualquier empresa.\u00a0<\/p>\n<h2>Financiamiento condicionado<\/h2>\n<p>\u00bfPor qu\u00e9 el BROU, un banco del Estado, le ofrece a La Diaria este tipo de pr\u00e9stamos?.<\/p>\n<figure><img decoding=\"async\" src=\"https:\/\/derechadiario.com.ar\/filesedc\/uploads\/image\/post\/2025\/07\/broujpg-1752679158572_1200_800.webp\" class=\"img-responsive lazyload\" alt=\"Fachada de una sucursal del Banco Rep\u00fablica con cartel azul y letras blancas\" title=\"Fachada de una sucursal del Banco Rep\u00fablica con cartel azul y letras blancas\"><\/figure>\n<p>La respuesta es muy sencilla, el Directorio del banco se compone de pol\u00edticos. Son cinco miembros integrantes de la <strong>casta<\/strong> pol\u00edtica uruguaya.<\/p>\n<p>Entre 2005 y 2020, cuando gobern\u00f3 el Frente Amplio, los directores del BROU eran en su mayor\u00eda frenteamplistas, con alg\u00fan integrante de la oposici\u00f3n blanca y colorada.<\/p>\n<p>La mayor\u00eda de directores de izquierda le otorgaron los pr\u00e9stamos <strong>privilegiados<\/strong>. Un banco estatal que se supone que es para financiar proyectos y empresas productivas, utiliz\u00f3 sus recursos para ayudar al <strong>panfleto<\/strong> de ultra izquierda.<\/p>\n<p>Como se advierte f\u00e1cilmente, La Diaria ha disfrutado de los <strong>privilegios<\/strong> del poder.<\/p>\n<p>Durante los primeros gobiernos frenteamplistas goz\u00f3 de pr\u00e9stamos hiper <strong>beneficiosos<\/strong> a los cuales no accede ninguna empresa comercial.<\/p>\n<p>Es m\u00e1s que obvio que esto condiciona totalmente su l\u00ednea editorial. Responden al Frente Amplio y a su <strong>sat\u00e9lites<\/strong>, como el PIT-CNT, FUCVAM, o las organizaci\u00f3n de familiares de &#8220;desaparecidos&#8221;.<\/p>\n<p>El que paga manda, y a La Diaria le pagan los pol\u00edticos frenteamplistas.<\/p>\n","protected":false},"excerpt":{"rendered":"<p>El panfleto de la ultra izquierda uruguaya, que defiende al gobierno de Yamand\u00fa Orsi, sigue recibiendo financiamiento del Estado, es decir de los contribuyentes que pagan impuestos, y de fundaciones del exterior.\u00a0 Financiamiento extranjero Desde La Derecha Diario ya noticiamos que una de sus fuentes escenciales de financiamiento es la Fundaci\u00f3n Avina, que junto con [&hellip;]<\/p>\n","protected":false},"author":2,"featured_media":11159,"comment_status":"open","ping_status":"open","sticky":false,"template":"","format":"standard","meta":{"_et_pb_use_builder":"","_et_pb_old_content":"","_et_gb_content_width":"","footnotes":""},"categories":[84],"tags":[],"class_list":["post-11158","post","type-post","status-publish","format-standard","has-post-thumbnail","hentry","category-ultimomomento"],"_links":{"self":[{"href":"https:\/\/verdadincomodadiario.ar\/index.php?rest_route=\/wp\/v2\/posts\/11158","targetHints":{"allow":["GET"]}}],"collection":[{"href":"https:\/\/verdadincomodadiario.ar\/index.php?rest_route=\/wp\/v2\/posts"}],"about":[{"href":"https:\/\/verdadincomodadiario.ar\/index.php?rest_route=\/wp\/v2\/types\/post"}],"author":[{"embeddable":true,"href":"https:\/\/verdadincomodadiario.ar\/index.php?rest_route=\/wp\/v2\/users\/2"}],"replies":[{"embeddable":true,"href":"https:\/\/verdadincomodadiario.ar\/index.php?rest_route=%2Fwp%2Fv2%2Fcomments&post=11158"}],"version-history":[{"count":0,"href":"https:\/\/verdadincomodadiario.ar\/index.php?rest_route=\/wp\/v2\/posts\/11158\/revisions"}],"wp:featuredmedia":[{"embeddable":true,"href":"https:\/\/verdadincomodadiario.ar\/index.php?rest_route=\/wp\/v2\/media\/11159"}],"wp:attachment":[{"href":"https:\/\/verdadincomodadiario.ar\/index.php?rest_route=%2Fwp%2Fv2%2Fmedia&parent=11158"}],"wp:term":[{"taxonomy":"category","embeddable":true,"href":"https:\/\/verdadincomodadiario.ar\/index.php?rest_route=%2Fwp%2Fv2%2Fcategories&post=11158"},{"taxonomy":"post_tag","embeddable":true,"href":"https:\/\/verdadincomodadiario.ar\/index.php?rest_route=%2Fwp%2Fv2%2Ftags&post=11158"}],"curies":[{"name":"wp","href":"https:\/\/api.w.org\/{rel}","templated":true}]}}