{"id":11156,"date":"2025-07-16T16:25:17","date_gmt":"2025-07-16T16:25:17","guid":{"rendered":"https:\/\/verdadincomodadiario.ar\/?p=11156"},"modified":"2025-07-16T16:25:17","modified_gmt":"2025-07-16T16:25:17","slug":"excelente-medida-la-intendencia-de-florida-implementa-medidas-de-austeridad","status":"publish","type":"post","link":"https:\/\/verdadincomodadiario.ar\/?p=11156","title":{"rendered":"Excelente medida: La intendencia de Florida implementa medidas de austeridad"},"content":{"rendered":"<p>El Ejecutivo Departamental de Florida anunci\u00f3 el 15 de julio de 2025 una serie de medidas destinadas a racionalizar el uso de los recursos municipales, con el objetivo de <strong>mejorar la eficiencia y reducir costos operativos<\/strong>. Estas iniciativas, presentadas como parte de un esfuerzo por optimizar la gesti\u00f3n p\u00fablica, han generado tanto apoyo como interrogantes sobre su impacto en el funcionamiento de la intendencia.<\/p>\n<p>Entre las principales medidas, se destaca <strong>la suspensi\u00f3n de los contratos de telefon\u00eda m\u00f3vil<\/strong> para el intendente, el secretario general, directores, asesores y diversas reparticiones municipales. Adem\u00e1s, se inici\u00f3 un an\u00e1lisis detallado de los costos y beneficios de los servicios de telefon\u00eda fija, buscando identificar ahorros potenciales.<\/p>\n<p><a href=\"https:\/\/derechadiario.com.ar\/uruguay\/opinion\/asi-luce-socialdemocracia\">Quiz\u00e1s tambi\u00e9n te interese&#8230;<\/a><\/p>\n<p>El Ejecutivo tambi\u00e9n dispuso <strong>una reducci\u00f3n del 50% en las horas extras autorizadas<\/strong>, tomando como referencia el mes anterior, y un mayor control sobre los vi\u00e1ticos, que deber\u00e1n ajustarse estrictamente a las normativas vigentes. Asimismo, se orden\u00f3 un relevamiento de todos los contratos en curso para evaluar su conveniencia, junto con la suspensi\u00f3n temporal de las compensaciones existentes en la intendencia, las cuales ser\u00e1n revisadas caso por caso.<\/p>\n<p>Otras acciones incluyen <strong>la interrupci\u00f3n por al menos tres meses de los gastos en publicidad<\/strong>, un inventario de maquinaria, veh\u00edculos y chatarra en desuso para su posterior remate p\u00fablico, y la reubicaci\u00f3n de oficinas municipales en locales propios, cancelando la mayor\u00eda de los alquileres. Por \u00faltimo, se present\u00f3 ante la Junta Departamental una <strong>propuesta de retiro incentivado para funcionarios<\/strong>, en cumplimiento de un compromiso de campa\u00f1a del intendente.<\/p>\n<p><a href=\"https:\/\/derechadiario.com.ar\/uruguay\/politica\/100-dias-bitacora-del-proyecto-gobierno-honesto-yamandu-orsi\">Quiz\u00e1s tambi\u00e9n te interese&#8230;<\/a><\/p>\n<p>Estas medidas buscan <strong>reducir el gasto p\u00fablico y priorizar los recursos para servicios esenciales<\/strong>. Sin embargo, algunos sectores han expresado preocupaci\u00f3n por posibles impactos en la operatividad de las dependencias municipales y en la continuidad de ciertos servicios. El Ejecutivo sostiene que <strong>las reformas son necesarias para garantizar una gesti\u00f3n m\u00e1s eficiente y transparente<\/strong>, aunque su \u00e9xito depender\u00e1 de una implementaci\u00f3n cuidadosa y de los resultados de las revisiones en curso.<\/p>\n<p>Mientras la Junta Departamental analiza la propuesta de retiro incentivado y se avanza en el relevamiento de activos, <strong>la comunidad de Florida observa con atenci\u00f3n el desarrollo de estas medidas<\/strong>, que podr\u00edan sentar un precedente para la gesti\u00f3n municipal en la regi\u00f3n.<\/p>\n<p><a href=\"https:\/\/derechadiario.com.ar\/uruguay\/politica\/mujica-delato-sus-companeros-y-colaboro-con-los-militares-1972\">Quiz\u00e1s tambi\u00e9n te interese&#8230;<\/a><\/p>\n","protected":false},"excerpt":{"rendered":"<p>El Ejecutivo Departamental de Florida anunci\u00f3 el 15 de julio de 2025 una serie de medidas destinadas a racionalizar el uso de los recursos municipales, con el objetivo de mejorar la eficiencia y reducir costos operativos. Estas iniciativas, presentadas como parte de un esfuerzo por optimizar la gesti\u00f3n p\u00fablica, han generado tanto apoyo como interrogantes [&hellip;]<\/p>\n","protected":false},"author":2,"featured_media":11157,"comment_status":"open","ping_status":"open","sticky":false,"template":"","format":"standard","meta":{"_et_pb_use_builder":"","_et_pb_old_content":"","_et_gb_content_width":"","footnotes":""},"categories":[84],"tags":[],"class_list":["post-11156","post","type-post","status-publish","format-standard","has-post-thumbnail","hentry","category-ultimomomento"],"_links":{"self":[{"href":"https:\/\/verdadincomodadiario.ar\/index.php?rest_route=\/wp\/v2\/posts\/11156","targetHints":{"allow":["GET"]}}],"collection":[{"href":"https:\/\/verdadincomodadiario.ar\/index.php?rest_route=\/wp\/v2\/posts"}],"about":[{"href":"https:\/\/verdadincomodadiario.ar\/index.php?rest_route=\/wp\/v2\/types\/post"}],"author":[{"embeddable":true,"href":"https:\/\/verdadincomodadiario.ar\/index.php?rest_route=\/wp\/v2\/users\/2"}],"replies":[{"embeddable":true,"href":"https:\/\/verdadincomodadiario.ar\/index.php?rest_route=%2Fwp%2Fv2%2Fcomments&post=11156"}],"version-history":[{"count":0,"href":"https:\/\/verdadincomodadiario.ar\/index.php?rest_route=\/wp\/v2\/posts\/11156\/revisions"}],"wp:featuredmedia":[{"embeddable":true,"href":"https:\/\/verdadincomodadiario.ar\/index.php?rest_route=\/wp\/v2\/media\/11157"}],"wp:attachment":[{"href":"https:\/\/verdadincomodadiario.ar\/index.php?rest_route=%2Fwp%2Fv2%2Fmedia&parent=11156"}],"wp:term":[{"taxonomy":"category","embeddable":true,"href":"https:\/\/verdadincomodadiario.ar\/index.php?rest_route=%2Fwp%2Fv2%2Fcategories&post=11156"},{"taxonomy":"post_tag","embeddable":true,"href":"https:\/\/verdadincomodadiario.ar\/index.php?rest_route=%2Fwp%2Fv2%2Ftags&post=11156"}],"curies":[{"name":"wp","href":"https:\/\/api.w.org\/{rel}","templated":true}]}}