{"id":11136,"date":"2025-07-16T15:24:11","date_gmt":"2025-07-16T15:24:11","guid":{"rendered":"https:\/\/verdadincomodadiario.ar\/?p=11136"},"modified":"2025-07-16T15:24:11","modified_gmt":"2025-07-16T15:24:11","slug":"el-presidente-noboa-insistio-en-reformas-para-fortalecer-la-seguridad-y-la-institucion","status":"publish","type":"post","link":"https:\/\/verdadincomodadiario.ar\/?p=11136","title":{"rendered":"El presidente Noboa insisti\u00f3 en reformas para fortalecer la seguridad y la institucion"},"content":{"rendered":"<\/p>\n<p><title><\/title><\/p>\n<p>El presidente <a href=\"https:\/\/derechadiario.com.ar\/ecuador\/politica\/presidente-noboa-atrajo-inversion-usd-700-millones-con-megaproyectos-solares\" title=\"El presidente Noboa atrajo inversi\u00f3n de USD 700 millones con megaproyectos solares\"><b>Daniel Noboa<\/b><\/a> plante\u00f3 cinco reformas constitucionales en menos de un a\u00f1o de gobierno. Su objetivo fue <b>reforzar la seguridad ciudadana<\/b> y <b>sanear el sistema pol\u00edtico<\/b>, priorizando la protecci\u00f3n de los derechos de los ciudadanos.<\/p>\n<p>Entre las propuestas destacaron el retorno de <b>bases militares extranjeras<\/b> y la eliminaci\u00f3n del <b>financiamiento estatal a partidos pol\u00edticos<\/b>. Ambas reformas fueron recibidas con inter\u00e9s por parte de la Asamblea Nacional y pasaron a revisi\u00f3n de la Corte Constitucional.<\/p>\n<p>Una tercera propuesta busc\u00f3 redefinir la prioridad de atenci\u00f3n a personas privadas de libertad. Aunque la Corte Constitucional rechaz\u00f3 este intento, Noboa dej\u00f3 clara su intenci\u00f3n de redistribuir los recursos del Estado con criterios de justicia y eficiencia.En febrero de 2025, el Ejecutivo propuso una reforma para imponer <b>prisi\u00f3n preventiva obligatoria en delitos de terrorismo<\/b>. Pese al rechazo judicial, la propuesta reflej\u00f3 su firme compromiso para enfrentar a las mafias con herramientas legales m\u00e1s contundentes.<\/p>\n<p>La m\u00e1s reciente iniciativa fue presentada en julio de 2025 e incluy\u00f3 la <b>castraci\u00f3n qu\u00edmica para violadores<\/b> y la creaci\u00f3n de un registro confidencial de agresores sexuales. Estas medidas buscan <b>proteger a ni\u00f1os, ni\u00f1as y adolescentes<\/b> de reincidencias delictivas. Aunque algunas propuestas enfrentaron obst\u00e1culos jur\u00eddicos, el presidente <b>Noboa mostr\u00f3 liderazgo<\/b> y voluntad pol\u00edtica. Afirm\u00f3 que planea someter varias de estas reformas a consulta popular a finales de este a\u00f1o.<\/p>\n<div class=\"inter_image image_horizontal\">\n<picture><source class=\"img-responsive\" type=\"image\/webp\" data-srcset=\"https:\/\/filesedc.com\/uploads\/image\/post\/2025\/07\/nobia-2_300_200.webp 300w, https:\/\/filesedc.com\/uploads\/image\/post\/2025\/07\/nobia-2_630_420.webp 630w, https:\/\/filesedc.com\/uploads\/image\/post\/2025\/07\/nobia-2_760_507.webp 760w, https:\/\/filesedc.com\/uploads\/image\/post\/2025\/07\/nobia-2_1200_800.webp 1200w, https:\/\/filesedc.com\/uploads\/image\/post\/2025\/07\/nobia-2_1600_1067.webp 1600w, \"><img decoding=\"async\" src=\"https:\/\/derechadiario.com.ar\/filesedc\/uploads\/image\/post\/2025\/07\/nobia-2_1200_800.webp\" class=\"img-responsive lazyload\" alt=\"Hombre de cabello corto y camisa azul claro hablando en p\u00fablico mientras sostiene un micr\u00f3fono y gesticula con la mano\" title=\"Hombre de cabello corto y camisa azul claro hablando en p\u00fablico mientras sostiene un micr\u00f3fono y gesticula con la mano\"><\/picture>\n<div>\n<span class=\"img_footer\">Daniel Noboa  <\/span>| <span class=\"img_author\">La Derecha Diario<\/span>\n<\/div>\n<\/div>\n<p>La Corte Constitucional llam\u00f3 la atenci\u00f3n al Ejecutivo por la fragmentaci\u00f3n de sus iniciativas. Sin embargo, <b>la firmeza del Gobierno en materia de seguridad ha sido bien recibida<\/b> por un amplio sector ciudadano. Con el respaldo del nuevo oficialismo en la Asamblea, el plan de reformas se perfila como una apuesta coherente frente a la crisis. El presidente conf\u00eda en que la ciudadan\u00eda valore su <b>determinaci\u00f3n para enfrentar el crimen y ordenar el Estado<\/b>.<\/p>\n<p>A diferencia de propuestas populistas carentes de ejecuci\u00f3n real, <b>Noboa ha optado por una v\u00eda institucional<\/b> y legal para aplicar cambios de fondo. Su visi\u00f3n se aleja del uso demag\u00f3gico del castigo y prioriza soluciones de largo plazo.<\/p>\n<p>El presidente <b><a href=\"https:\/\/derechadiario.com.ar\/ecuador\/politica\/presidente-noboa-atrajo-inversion-usd-700-millones-con-megaproyectos-solares\" title=\"El presidente Noboa atrajo inversi\u00f3n de USD 700 millones con megaproyectos solares\">Daniel Noboa <\/a>demostr\u00f3 iniciativa y determinaci\u00f3n para enfrentar problemas estructurales<\/b>. Con una agenda clara y reformas enfocadas en la <b>seguridad, justicia y eficiencia estatal<\/b>, su liderazgo marca distancia de modelos fallidos y reactivos.<\/p>\n","protected":false},"excerpt":{"rendered":"<p>El presidente Daniel Noboa plante\u00f3 cinco reformas constitucionales en menos de un a\u00f1o de gobierno. Su objetivo fue reforzar la seguridad ciudadana y sanear el sistema pol\u00edtico, priorizando la protecci\u00f3n de los derechos de los ciudadanos. Entre las propuestas destacaron el retorno de bases militares extranjeras y la eliminaci\u00f3n del financiamiento estatal a partidos pol\u00edticos. [&hellip;]<\/p>\n","protected":false},"author":2,"featured_media":11137,"comment_status":"open","ping_status":"open","sticky":false,"template":"","format":"standard","meta":{"_et_pb_use_builder":"","_et_pb_old_content":"","_et_gb_content_width":"","footnotes":""},"categories":[84],"tags":[],"class_list":["post-11136","post","type-post","status-publish","format-standard","has-post-thumbnail","hentry","category-ultimomomento"],"_links":{"self":[{"href":"https:\/\/verdadincomodadiario.ar\/index.php?rest_route=\/wp\/v2\/posts\/11136","targetHints":{"allow":["GET"]}}],"collection":[{"href":"https:\/\/verdadincomodadiario.ar\/index.php?rest_route=\/wp\/v2\/posts"}],"about":[{"href":"https:\/\/verdadincomodadiario.ar\/index.php?rest_route=\/wp\/v2\/types\/post"}],"author":[{"embeddable":true,"href":"https:\/\/verdadincomodadiario.ar\/index.php?rest_route=\/wp\/v2\/users\/2"}],"replies":[{"embeddable":true,"href":"https:\/\/verdadincomodadiario.ar\/index.php?rest_route=%2Fwp%2Fv2%2Fcomments&post=11136"}],"version-history":[{"count":0,"href":"https:\/\/verdadincomodadiario.ar\/index.php?rest_route=\/wp\/v2\/posts\/11136\/revisions"}],"wp:featuredmedia":[{"embeddable":true,"href":"https:\/\/verdadincomodadiario.ar\/index.php?rest_route=\/wp\/v2\/media\/11137"}],"wp:attachment":[{"href":"https:\/\/verdadincomodadiario.ar\/index.php?rest_route=%2Fwp%2Fv2%2Fmedia&parent=11136"}],"wp:term":[{"taxonomy":"category","embeddable":true,"href":"https:\/\/verdadincomodadiario.ar\/index.php?rest_route=%2Fwp%2Fv2%2Fcategories&post=11136"},{"taxonomy":"post_tag","embeddable":true,"href":"https:\/\/verdadincomodadiario.ar\/index.php?rest_route=%2Fwp%2Fv2%2Ftags&post=11136"}],"curies":[{"name":"wp","href":"https:\/\/api.w.org\/{rel}","templated":true}]}}