{"id":11132,"date":"2025-07-16T15:24:13","date_gmt":"2025-07-16T15:24:13","guid":{"rendered":"https:\/\/verdadincomodadiario.ar\/?p=11132"},"modified":"2025-07-16T15:24:13","modified_gmt":"2025-07-16T15:24:13","slug":"el-presidente-noboa-entrego-vehiculos-tacticos-para-fortalecer-la-seguridad-nacional","status":"publish","type":"post","link":"https:\/\/verdadincomodadiario.ar\/?p=11132","title":{"rendered":"El presidente Noboa entreg\u00f3 veh\u00edculos t\u00e1cticos para fortalecer la seguridad nacional"},"content":{"rendered":"<\/p>\n<p><title><\/title><\/p>\n<p>El presidente <a href=\"https:\/\/derechadiario.com.ar\/ecuador\/politica\/presidente-noboa-atrajo-inversion-usd-700-millones-con-megaproyectos-solares\" title=\"El presidente Noboa atrajo inversi\u00f3n de USD 700 millones con megaproyectos solares\"><b>Daniel Noboa<\/b><\/a> entreg\u00f3 51 veh\u00edculos t\u00e1cticos blindados a las Fuerzas Armadas en Manab\u00ed. La medida busc\u00f3 fortalecer las capacidades operativas frente al narcotr\u00e1fico y el terrorismo.<\/p>\n<p>Los automotores, entre ellos 45 DAVID 4\u00d74 y 6 Mbombe 6\u00d76, contaron con tecnolog\u00eda de vanguardia; estos veh\u00edculos se incorporaron a las misiones de control y patrullaje en zonas cr\u00edticas del pa\u00eds.<\/p>\n<p>El ministro de Defensa destac\u00f3 que los blindados se sumaron a m\u00e1s de 100 unidades previamente entregadas en 2024. El Gobierno prioriz\u00f3 proyectos de modernizaci\u00f3n y mantenimiento de la flota militar.<\/p>\n<p>En su discurso, Noboa asegur\u00f3 que \u201cno se puede permitir que recursos estatales permanezcan sin uso\u201d. El mandatario afirm\u00f3 que esta entrega forma parte de una estrategia integral de seguridad nacional.<\/p>\n<div class=\"inter_image image_horizontal\">\n<picture><source class=\"img-responsive\" type=\"image\/webp\" data-srcset=\"https:\/\/filesedc.com\/uploads\/image\/post\/2025\/07\/noboa-entrega-carros-2_300_200.webp 300w, https:\/\/filesedc.com\/uploads\/image\/post\/2025\/07\/noboa-entrega-carros-2_630_420.webp 630w, https:\/\/filesedc.com\/uploads\/image\/post\/2025\/07\/noboa-entrega-carros-2_760_507.webp 760w, https:\/\/filesedc.com\/uploads\/image\/post\/2025\/07\/noboa-entrega-carros-2_1200_800.webp 1200w, https:\/\/filesedc.com\/uploads\/image\/post\/2025\/07\/noboa-entrega-carros-2_1600_1067.webp 1600w, \"><img decoding=\"async\" src=\"https:\/\/derechadiario.com.ar\/filesedc\/uploads\/image\/post\/2025\/07\/noboa-entrega-carros-2_1200_800.webp\" class=\"img-responsive lazyload\" alt=\"Publicaci\u00f3n del Ministerio de Defensa Nacional del Ecuador anunciando la incorporaci\u00f3n de m\u00e1s de 130 veh\u00edculos blindados multiprop\u00f3sito para fortalecer la seguridad y defensa del pa\u00eds, acompa\u00f1ada de im\u00e1genes de los veh\u00edculos y personal militar\" title=\"Publicaci\u00f3n del Ministerio de Defensa Nacional del Ecuador anunciando la incorporaci\u00f3n de m\u00e1s de 130 veh\u00edculos blindados multiprop\u00f3sito para fortalecer la seguridad y defensa del pa\u00eds, acompa\u00f1ada de im\u00e1genes de los veh\u00edculos y personal militar\"><\/picture>\n<div>\n<span class=\"img_footer\">X entrega vehiculos <\/span>| <span class=\"img_author\">La Derecha Diario<\/span>\n<\/div>\n<\/div>\n<p>Tambi\u00e9n mencion\u00f3 que estas unidades beneficiar\u00edan tanto a militares como a polic\u00edas del <a href=\"https:\/\/derechadiario.com.ar\/ecuador\/politica\/salud-seguridad-y-empleo-avanzaron-firmes-nuevo-ecuador\" title=\"La salud, la seguridad y el empleo avanzaron firmes en el Nuevo Ecuador\">Bloque de Seguridad<\/a>. El objetivo fue articular esfuerzos para proteger a la ciudadan\u00eda.<\/p>\n<p>Los veh\u00edculos blindados fueron dise\u00f1ados para resistir armas de fuego y operar en todo tipo de terreno. Su uso estuvo dirigido especialmente a operaciones urbanas y rurales complejas.<\/p>\n<p>La entrega incluy\u00f3 equipamiento especializado, como sistemas de blindaje y capacidad de transporte para hasta 12 soldados. El plan busca elevar la eficacia en la lucha contra el crimen organizado.<\/p>\n<p>Con la incorporaci\u00f3n de veh\u00edculos t\u00e1cticos modernos, <b>Noboa reafirm\u00f3 su compromiso con la seguridad ciudadana<\/b>. La actuaci\u00f3n se enmarca en una pol\u00edtica de fortalecimiento institucional y operativo frente a amenazas delictivas.<\/p>\n","protected":false},"excerpt":{"rendered":"<p>El presidente Daniel Noboa entreg\u00f3 51 veh\u00edculos t\u00e1cticos blindados a las Fuerzas Armadas en Manab\u00ed. La medida busc\u00f3 fortalecer las capacidades operativas frente al narcotr\u00e1fico y el terrorismo. Los automotores, entre ellos 45 DAVID 4\u00d74 y 6 Mbombe 6\u00d76, contaron con tecnolog\u00eda de vanguardia; estos veh\u00edculos se incorporaron a las misiones de control y patrullaje [&hellip;]<\/p>\n","protected":false},"author":2,"featured_media":11133,"comment_status":"open","ping_status":"open","sticky":false,"template":"","format":"standard","meta":{"_et_pb_use_builder":"","_et_pb_old_content":"","_et_gb_content_width":"","footnotes":""},"categories":[84],"tags":[],"class_list":["post-11132","post","type-post","status-publish","format-standard","has-post-thumbnail","hentry","category-ultimomomento"],"_links":{"self":[{"href":"https:\/\/verdadincomodadiario.ar\/index.php?rest_route=\/wp\/v2\/posts\/11132","targetHints":{"allow":["GET"]}}],"collection":[{"href":"https:\/\/verdadincomodadiario.ar\/index.php?rest_route=\/wp\/v2\/posts"}],"about":[{"href":"https:\/\/verdadincomodadiario.ar\/index.php?rest_route=\/wp\/v2\/types\/post"}],"author":[{"embeddable":true,"href":"https:\/\/verdadincomodadiario.ar\/index.php?rest_route=\/wp\/v2\/users\/2"}],"replies":[{"embeddable":true,"href":"https:\/\/verdadincomodadiario.ar\/index.php?rest_route=%2Fwp%2Fv2%2Fcomments&post=11132"}],"version-history":[{"count":0,"href":"https:\/\/verdadincomodadiario.ar\/index.php?rest_route=\/wp\/v2\/posts\/11132\/revisions"}],"wp:featuredmedia":[{"embeddable":true,"href":"https:\/\/verdadincomodadiario.ar\/index.php?rest_route=\/wp\/v2\/media\/11133"}],"wp:attachment":[{"href":"https:\/\/verdadincomodadiario.ar\/index.php?rest_route=%2Fwp%2Fv2%2Fmedia&parent=11132"}],"wp:term":[{"taxonomy":"category","embeddable":true,"href":"https:\/\/verdadincomodadiario.ar\/index.php?rest_route=%2Fwp%2Fv2%2Fcategories&post=11132"},{"taxonomy":"post_tag","embeddable":true,"href":"https:\/\/verdadincomodadiario.ar\/index.php?rest_route=%2Fwp%2Fv2%2Ftags&post=11132"}],"curies":[{"name":"wp","href":"https:\/\/api.w.org\/{rel}","templated":true}]}}