{"id":11130,"date":"2025-07-16T15:24:14","date_gmt":"2025-07-16T15:24:14","guid":{"rendered":"https:\/\/verdadincomodadiario.ar\/?p=11130"},"modified":"2025-07-16T15:24:14","modified_gmt":"2025-07-16T15:24:14","slug":"sorpresa-arqueologica-descubren-un-hibrido-entre-humano-y-neandertal-en-israel","status":"publish","type":"post","link":"https:\/\/verdadincomodadiario.ar\/?p=11130","title":{"rendered":"Sorpresa arqueol\u00f3gica: descubren un h\u00edbrido entre humano y neandertal en Israel"},"content":{"rendered":"<p>Un <a href=\"https:\/\/derechadiario.com.ar\/sociedad\/alemania-hallan-flautas-42000-anos-que-siguen-funcionando\" title=\"Alemania: hallan flautas de 42.000 a\u00f1os que siguen funcionando\">nuevo estudio<\/a> reaviva el debate sobre el cruce entre <strong>neandertales<\/strong> y <strong>Homo sapiens<\/strong>.<\/p>\n<p>Analizaron con tecnolog\u00eda moderna un <strong><a href=\"https:\/\/derechadiario.com.ar\/sociedad\/arqueologos-descubren-intentos-curar-cancer-antiguo-egipto-hace-4000-anos\" title=\"Arque\u00f3logos descubren intentos de curar el c\u00e1ncer en el antiguo Egipto hace 4.000 a\u00f1os\">cr\u00e1neo<\/a> infantil<\/strong> hallado hace casi un siglo en <strong>Israel<\/strong>\u00a0 y detectaron rasgos mixtos.<\/p>\n<div class=\"inter_image image_horizontal\">\n<picture><source class=\"img-responsive\" type=\"image\/webp\" data-srcset=\"https:\/\/filesedc.com\/uploads\/image\/post\/2025\/07\/cueva-de-skhul-israel-homo-sapiens-neandertal_300_200.webp 300w, https:\/\/filesedc.com\/uploads\/image\/post\/2025\/07\/cueva-de-skhul-israel-homo-sapiens-neandertal_630_420.webp 630w, https:\/\/filesedc.com\/uploads\/image\/post\/2025\/07\/cueva-de-skhul-israel-homo-sapiens-neandertal_760_507.webp 760w, https:\/\/filesedc.com\/uploads\/image\/post\/2025\/07\/cueva-de-skhul-israel-homo-sapiens-neandertal_1200_800.webp 1200w, https:\/\/filesedc.com\/uploads\/image\/post\/2025\/07\/cueva-de-skhul-israel-homo-sapiens-neandertal_1600_1067.webp 1600w, \"><img decoding=\"async\" src=\"https:\/\/derechadiario.com.ar\/filesedc\/uploads\/image\/post\/2025\/07\/cueva-de-skhul-israel-homo-sapiens-neandertal_1200_800.webp\" class=\"img-responsive lazyload\" alt=\"Cueva subterr\u00e1nea iluminada con focos donde se observan herramientas de excavaci\u00f3n sobre una roca y cuadrantes de excavaci\u00f3n arqueol\u00f3gica al fondo\" title=\"Cueva subterr\u00e1nea iluminada con focos donde se observan herramientas de excavaci\u00f3n sobre una roca y cuadrantes de excavaci\u00f3n arqueol\u00f3gica al fondo\"><\/picture>\n<div>\n<span class=\"img_footer\">Analizaron con tecnolog\u00eda moderna un cr\u00e1neo infantil hallado hace casi un siglo en Israel <\/span>| <span class=\"img_author\">La Derecha Diario<\/span>\n<\/div>\n<\/div>\n<h2><strong>\u00bfQu\u00e9 encontraron en la Cueva Skhul?<\/strong><\/h2>\n<p>El cr\u00e1neo pertenece a una ni\u00f1a de entre 3 y 5 a\u00f1os y fue descubierto en la <strong>Cueva Skhul<\/strong>, en el monte Carmelo.<\/p>\n<p>Se trata de uno de los <strong>entierros humanos m\u00e1s antiguos<\/strong> conocidos, y durante d\u00e9cadas se clasific\u00f3 como Homo sapiens.<\/p>\n<h2><strong>La nueva hip\u00f3tesis: un posible h\u00edbrido<\/strong><\/h2>\n<p>Investigadores franceses usaron escaneos por <strong>tomograf\u00eda computarizada<\/strong> para observar detalles ocultos por restauraciones antiguas.<\/p>\n<figure><img decoding=\"async\" src=\"https:\/\/derechadiario.com.ar\/filesedc\/uploads\/image\/post\/2025\/07\/craneo-homo-sapiens-neandertal_1200_800.webp\" class=\"img-responsive lazyload\" alt=\"Cr\u00e1neo antiguo parcialmente reconstruido y fragmentado sobre fondo negro con una escala de referencia de un cent\u00edmetro\" title=\"Cr\u00e1neo antiguo parcialmente reconstruido y fragmentado sobre fondo negro con una escala de referencia de un cent\u00edmetro\"><\/figure>\n<p>Detectaron que el <strong>neurocr\u00e1neo<\/strong> tiene caracter\u00edsticas humanas, pero la mand\u00edbula recuerda a la de los neandertales.<\/p>\n<h3><strong>\u00bfQu\u00e9 dijeron los autores del estudio?<\/strong><\/h3>\n<p>Anne Dambricourt Malass\u00e9, autora principal, sostiene que no hay forma de que esa morfolog\u00eda pertenezca a un humano moderno com\u00fan.<\/p>\n<figure><img decoding=\"async\" src=\"https:\/\/derechadiario.com.ar\/filesedc\/uploads\/image\/post\/2025\/07\/anne-dambricourt-malasse_1200_800.webp\" class=\"img-responsive lazyload\" alt=\"Mujer de cabello corto y canoso con su\u00e9ter azul oscuro sonriendo levemente frente a un fondo desenfocado\" title=\"Mujer de cabello corto y canoso con su\u00e9ter azul oscuro sonriendo levemente frente a un fondo desenfocado\"><\/figure>\n<p>Seg\u00fan la experta, se tratar\u00eda de un <strong>h\u00edbrido objetivo<\/strong> entre ambas especies humanas.<\/p>\n<h2><strong>Reacciones cruzadas en la comunidad cient\u00edfica<\/strong><\/h2>\n<p>El hallazgo gener\u00f3 debate. Chris Stringer, del Museo de Historia Natural de Londres, cree que el f\u00f3sil sigue siendo Homo sapiens. Aun as\u00ed, admite que podr\u00eda reflejar <strong>flujo gen\u00e9tico<\/strong> entre neandertales y humanos.<\/p>\n<aside class=\"whatsappChannelText\"><a href=\"https:\/\/whatsapp.com\/channel\/0029VagEjILGE56eKjedWF2U\" rel=\"nofollow\" title=\"WhatsApp Link\"><img alt=\"Logo de WhatsApp\" class=\"lazyload\" data-src=\"https:\/\/derechadiario.com.ar\/filesedc\/uploads\/other\/whatsapp_icon_mid_article.png\" width=\"32\" height=\"32\"><\/a> <a href=\"https:\/\/whatsapp.com\/channel\/0029VagEjILGE56eKjedWF2U\" rel=\"nofollow\" title=\"WhatsApp Link\"><strong>NO SE PIERDAN NINGUNA NOTICIA<\/strong>: Click aqu\u00ed para sumarte <strong>GRATIS<\/strong> al canal de noticias de <strong>La Derecha Diario en WhatsApp.<\/strong><\/a><\/aside>\n<p>John Hawks, de la Universidad de Wisconsin, valor\u00f3 el estudio pero pidi\u00f3 cautela hasta contar con <strong>pruebas gen\u00e9ticas<\/strong>.<\/p>\n<figure><img decoding=\"async\" src=\"https:\/\/derechadiario.com.ar\/filesedc\/uploads\/image\/post\/2025\/07\/hibrido-neandertal-homo-sapiens_1200_800.webp\" class=\"img-responsive lazyload\" alt=\"Ni\u00f1o con cabello largo y desordenado vestido con una prenda de piel mirando al frente con expresi\u00f3n seria en un fondo difuminado.\" title=\"Ni\u00f1o con cabello largo y desordenado vestido con una prenda de piel mirando al frente con expresi\u00f3n seria en un fondo difuminado.\"><\/figure>\n<h2><strong>\u00bfQu\u00e9 implicar\u00eda si se confirma la hibridaci\u00f3n?<\/strong><\/h2>\n<p>Demostrar\u00eda que los <strong>cruces entre humanos y neandertales<\/strong> ocurrieron antes y m\u00e1s seguido de lo que se pensaba.<\/p>\n<p>La mayor\u00eda de los humanos modernos ya porta entre un 1 % y un 3 % de <strong>ADN neandertal<\/strong>. Este caso sugiere que algunas de esas uniones pudieron haber generado <strong>descendencia viable<\/strong>, como la ni\u00f1a de Skhul.<\/p>\n","protected":false},"excerpt":{"rendered":"<p>Un nuevo estudio reaviva el debate sobre el cruce entre neandertales y Homo sapiens. Analizaron con tecnolog\u00eda moderna un cr\u00e1neo infantil hallado hace casi un siglo en Israel\u00a0 y detectaron rasgos mixtos. Analizaron con tecnolog\u00eda moderna un cr\u00e1neo infantil hallado hace casi un siglo en Israel | La Derecha Diario \u00bfQu\u00e9 encontraron en la Cueva [&hellip;]<\/p>\n","protected":false},"author":2,"featured_media":11131,"comment_status":"open","ping_status":"open","sticky":false,"template":"","format":"standard","meta":{"_et_pb_use_builder":"","_et_pb_old_content":"","_et_gb_content_width":"","footnotes":""},"categories":[84],"tags":[],"class_list":["post-11130","post","type-post","status-publish","format-standard","has-post-thumbnail","hentry","category-ultimomomento"],"_links":{"self":[{"href":"https:\/\/verdadincomodadiario.ar\/index.php?rest_route=\/wp\/v2\/posts\/11130","targetHints":{"allow":["GET"]}}],"collection":[{"href":"https:\/\/verdadincomodadiario.ar\/index.php?rest_route=\/wp\/v2\/posts"}],"about":[{"href":"https:\/\/verdadincomodadiario.ar\/index.php?rest_route=\/wp\/v2\/types\/post"}],"author":[{"embeddable":true,"href":"https:\/\/verdadincomodadiario.ar\/index.php?rest_route=\/wp\/v2\/users\/2"}],"replies":[{"embeddable":true,"href":"https:\/\/verdadincomodadiario.ar\/index.php?rest_route=%2Fwp%2Fv2%2Fcomments&post=11130"}],"version-history":[{"count":0,"href":"https:\/\/verdadincomodadiario.ar\/index.php?rest_route=\/wp\/v2\/posts\/11130\/revisions"}],"wp:featuredmedia":[{"embeddable":true,"href":"https:\/\/verdadincomodadiario.ar\/index.php?rest_route=\/wp\/v2\/media\/11131"}],"wp:attachment":[{"href":"https:\/\/verdadincomodadiario.ar\/index.php?rest_route=%2Fwp%2Fv2%2Fmedia&parent=11130"}],"wp:term":[{"taxonomy":"category","embeddable":true,"href":"https:\/\/verdadincomodadiario.ar\/index.php?rest_route=%2Fwp%2Fv2%2Fcategories&post=11130"},{"taxonomy":"post_tag","embeddable":true,"href":"https:\/\/verdadincomodadiario.ar\/index.php?rest_route=%2Fwp%2Fv2%2Ftags&post=11130"}],"curies":[{"name":"wp","href":"https:\/\/api.w.org\/{rel}","templated":true}]}}