{"id":11128,"date":"2025-07-16T15:24:15","date_gmt":"2025-07-16T15:24:15","guid":{"rendered":"https:\/\/verdadincomodadiario.ar\/?p=11128"},"modified":"2025-07-16T15:24:15","modified_gmt":"2025-07-16T15:24:15","slug":"hallan-una-molecula-que-despierta-los-foliculos-y-ayuda-a-recuperar-el-pelo","status":"publish","type":"post","link":"https:\/\/verdadincomodadiario.ar\/?p=11128","title":{"rendered":"Hallan una mol\u00e9cula que despierta los fol\u00edculos y ayuda a recuperar el pelo"},"content":{"rendered":"<p>Un grupo de <a href=\"https:\/\/derechadiario.com.ar\/sociedad\/terapia-experimental-revirtio-parkinson-ratones-laboratorio\" title=\"Una terapia experimental revirti\u00f3 el Parkinson en ratones de laboratorio\">cient\u00edficos<\/a> de la <strong>Universidad de California en Los \u00c1ngeles (UCLA)<\/strong> dio un paso clave contra la <strong>p\u00e9rdida de cabello<\/strong>.<\/p>\n<p>Lograron reactivar fol\u00edculos inactivos con una mol\u00e9cula llamada <strong>PP405<\/strong>, que mostr\u00f3 <a href=\"https:\/\/derechadiario.com.ar\/sociedad\/revelan-como-axolote-regenera-su-cuerpo-y-por-que-importante-para-los-humanos\" title=\"Revelan c\u00f3mo el axolote regenera su cuerpo y por qu\u00e9 es importante para los humanos\">resultados positivos en humanos<\/a>.<\/p>\n<div class=\"inter_image image_horizontal\">\n<picture><source class=\"img-responsive\" type=\"image\/webp\" data-srcset=\"https:\/\/filesedc.com\/uploads\/image\/post\/2025\/07\/tratamiento-calvicie_300_200.webp 300w, https:\/\/filesedc.com\/uploads\/image\/post\/2025\/07\/tratamiento-calvicie_630_420.webp 630w, https:\/\/filesedc.com\/uploads\/image\/post\/2025\/07\/tratamiento-calvicie_760_507.webp 760w, https:\/\/filesedc.com\/uploads\/image\/post\/2025\/07\/tratamiento-calvicie_1200_800.webp 1200w, https:\/\/filesedc.com\/uploads\/image\/post\/2025\/07\/tratamiento-calvicie_1600_1067.webp 1600w, \"><img decoding=\"async\" src=\"https:\/\/derechadiario.com.ar\/filesedc\/uploads\/image\/post\/2025\/07\/tratamiento-calvicie_1200_800.webp\" class=\"img-responsive lazyload\" alt=\"Comparaci\u00f3n del cabello de un hombre antes y despu\u00e9s de un tratamiento capilar\" title=\"Comparaci\u00f3n del cabello de un hombre antes y despu\u00e9s de un tratamiento capilar\"><\/picture>\n<div>\n<span class=\"img_footer\">Lograron reactivar fol\u00edculos inactivos con una mol\u00e9cula llamada PP405 <\/span>| <span class=\"img_author\">La Derecha Diario<\/span>\n<\/div>\n<\/div>\n<h2><strong>Un hallazgo que puede cambiar todo<\/strong><\/h2>\n<p>Investigadores liderados por <strong>William Lowry<\/strong> descubrieron que la mol\u00e9cula <strong>PP405<\/strong> estimula el crecimiento de <em>cabello terminal<\/em>. Es decir, pelo grueso y visible, no la t\u00edpica pelusita que dejan otros tratamientos.<\/p>\n<p>Los primeros ensayos fueron con aplicaci\u00f3n t\u00f3pica durante una semana. Los resultados fueron <strong>estad\u00edsticamente significativos<\/strong> y sin efectos adversos.<\/p>\n<aside class=\"are-you-interested-container-photo\"><\/aside>\n<h2><strong>\u00bfC\u00f3mo funciona PP405?<\/strong><\/h2>\n<p>La mol\u00e9cula act\u00faa sobre una prote\u00edna que mantiene dormidas a las <strong>c\u00e9lulas madre del fol\u00edculo piloso<\/strong>. Al bloquearla, estas se reactivan y vuelven a generar pelo.<\/p>\n<figure><img decoding=\"async\" src=\"https:\/\/derechadiario.com.ar\/filesedc\/uploads\/image\/post\/2025\/07\/pp405-tratamiento-calvicie_1200_800.webp\" class=\"img-responsive lazyload\" alt=\"Hombre revisando su cuero cabelludo con las manos mostrando signos de p\u00e9rdida de cabello\" title=\"Hombre revisando su cuero cabelludo con las manos mostrando signos de p\u00e9rdida de cabello\"><\/figure>\n<p>Los fol\u00edculos no est\u00e1n muertos, s\u00f3lo inactivos, y ah\u00ed es donde PP405 marca la diferencia frente a otras terapias.<\/p>\n<h2><strong>Una lucha que lleva siglos<\/strong><\/h2>\n<p>Desde el Antiguo Egipto hasta la actualidad, las personas buscaron formas de frenar la calvicie. Pese a tratamientos como <strong>minoxidil<\/strong> o <strong>finasteride<\/strong>, los resultados fueron limitados.<\/p>\n<figure><img decoding=\"async\" src=\"https:\/\/derechadiario.com.ar\/filesedc\/uploads\/image\/post\/2025\/07\/calvicie_1200_800.webp\" class=\"img-responsive lazyload\" alt=\"Hombre joven con barba observando su cabeza calva en el espejo mientras se toca la frente\" title=\"Hombre joven con barba observando su cabeza calva en el espejo mientras se toca la frente\"><\/figure>\n<p>Seg\u00fan UCLA, menos de una de cada tres personas responde bien a las opciones actuales, lo que lleva a probar soluciones caseras o intervenciones caras.<\/p>\n<h2><strong>\u00bfCu\u00e1ndo podr\u00eda estar disponible?<\/strong><\/h2>\n<p>Los cient\u00edficos remarcan que <strong>los tiempos de aprobaci\u00f3n son largos<\/strong> pero necesarios. La seguridad del paciente est\u00e1 primero.<\/p>\n<aside class=\"whatsappChannelText\"><a href=\"https:\/\/whatsapp.com\/channel\/0029VagEjILGE56eKjedWF2U\" rel=\"nofollow\" title=\"WhatsApp Link\"><img alt=\"Logo de WhatsApp\" class=\"lazyload\" data-src=\"https:\/\/derechadiario.com.ar\/filesedc\/uploads\/other\/whatsapp_icon_mid_article.png\" width=\"32\" height=\"32\"><\/a> <a href=\"https:\/\/whatsapp.com\/channel\/0029VagEjILGE56eKjedWF2U\" rel=\"nofollow\" title=\"WhatsApp Link\"><strong>NO SE PIERDAN NINGUNA NOTICIA<\/strong>: Click aqu\u00ed para sumarte <strong>GRATIS<\/strong> al canal de noticias de <strong>La Derecha Diario en WhatsApp.<\/strong><\/a><\/aside>\n<p>Mientras tanto, el entusiasmo crece por esta innovaci\u00f3n que podr\u00eda ofrecer una salida real a millones de personas con problemas de calvicie.<\/p>\n","protected":false},"excerpt":{"rendered":"<p>Un grupo de cient\u00edficos de la Universidad de California en Los \u00c1ngeles (UCLA) dio un paso clave contra la p\u00e9rdida de cabello. Lograron reactivar fol\u00edculos inactivos con una mol\u00e9cula llamada PP405, que mostr\u00f3 resultados positivos en humanos. Lograron reactivar fol\u00edculos inactivos con una mol\u00e9cula llamada PP405 | La Derecha Diario Un hallazgo que puede cambiar [&hellip;]<\/p>\n","protected":false},"author":2,"featured_media":11129,"comment_status":"open","ping_status":"open","sticky":false,"template":"","format":"standard","meta":{"_et_pb_use_builder":"","_et_pb_old_content":"","_et_gb_content_width":"","footnotes":""},"categories":[84],"tags":[],"class_list":["post-11128","post","type-post","status-publish","format-standard","has-post-thumbnail","hentry","category-ultimomomento"],"_links":{"self":[{"href":"https:\/\/verdadincomodadiario.ar\/index.php?rest_route=\/wp\/v2\/posts\/11128","targetHints":{"allow":["GET"]}}],"collection":[{"href":"https:\/\/verdadincomodadiario.ar\/index.php?rest_route=\/wp\/v2\/posts"}],"about":[{"href":"https:\/\/verdadincomodadiario.ar\/index.php?rest_route=\/wp\/v2\/types\/post"}],"author":[{"embeddable":true,"href":"https:\/\/verdadincomodadiario.ar\/index.php?rest_route=\/wp\/v2\/users\/2"}],"replies":[{"embeddable":true,"href":"https:\/\/verdadincomodadiario.ar\/index.php?rest_route=%2Fwp%2Fv2%2Fcomments&post=11128"}],"version-history":[{"count":0,"href":"https:\/\/verdadincomodadiario.ar\/index.php?rest_route=\/wp\/v2\/posts\/11128\/revisions"}],"wp:featuredmedia":[{"embeddable":true,"href":"https:\/\/verdadincomodadiario.ar\/index.php?rest_route=\/wp\/v2\/media\/11129"}],"wp:attachment":[{"href":"https:\/\/verdadincomodadiario.ar\/index.php?rest_route=%2Fwp%2Fv2%2Fmedia&parent=11128"}],"wp:term":[{"taxonomy":"category","embeddable":true,"href":"https:\/\/verdadincomodadiario.ar\/index.php?rest_route=%2Fwp%2Fv2%2Fcategories&post=11128"},{"taxonomy":"post_tag","embeddable":true,"href":"https:\/\/verdadincomodadiario.ar\/index.php?rest_route=%2Fwp%2Fv2%2Ftags&post=11128"}],"curies":[{"name":"wp","href":"https:\/\/api.w.org\/{rel}","templated":true}]}}