{"id":11126,"date":"2025-07-16T15:24:16","date_gmt":"2025-07-16T15:24:16","guid":{"rendered":"https:\/\/verdadincomodadiario.ar\/?p=11126"},"modified":"2025-07-16T15:24:16","modified_gmt":"2025-07-16T15:24:16","slug":"un-cientifico-de-harvard-asegura-que-el-envejecimiento-ya-se-puede-revertir","status":"publish","type":"post","link":"https:\/\/verdadincomodadiario.ar\/?p=11126","title":{"rendered":"Un cient\u00edfico de Harvard asegura que el envejecimiento ya se puede revertir"},"content":{"rendered":"<p>Un descubrimiento liderado por el cient\u00edfico <strong>David Sinclair<\/strong> podr\u00eda cambiar el rumbo de la <a href=\"https:\/\/derechadiario.com.ar\/sociedad\/revelan-como-axolote-regenera-su-cuerpo-y-por-que-importante-para-los-humanos\" title=\"Revelan c\u00f3mo el axolote regenera su cuerpo y por qu\u00e9 es importante para los humanos\"><strong>medicina regenerativa<\/strong><\/a>.<\/p>\n<p>Su equipo logr\u00f3 revertir el envejecimiento en <strong><a href=\"https:\/\/derechadiario.com.ar\/sociedad\/terapia-experimental-revirtio-parkinson-ratones-laboratorio\" title=\"Una terapia experimental revirti\u00f3 el Parkinson en ratones de laboratorio\">ratones<\/a> y monos<\/strong>, y ahora se prepara para probar la terapia en <strong>humanos<\/strong>.<\/p>\n<div class=\"inter_image image_horizontal\">\n<picture><source class=\"img-responsive\" type=\"image\/webp\" data-srcset=\"https:\/\/filesedc.com\/uploads\/image\/post\/2025\/07\/ratones-terapia-parkinson_300_200.webp 300w, https:\/\/filesedc.com\/uploads\/image\/post\/2025\/07\/ratones-terapia-parkinson_630_420.webp 630w, https:\/\/filesedc.com\/uploads\/image\/post\/2025\/07\/ratones-terapia-parkinson_760_507.webp 760w, https:\/\/filesedc.com\/uploads\/image\/post\/2025\/07\/ratones-terapia-parkinson_1200_800.webp 1200w, https:\/\/filesedc.com\/uploads\/image\/post\/2025\/07\/ratones-terapia-parkinson_1600_1067.webp 1600w, \"><img decoding=\"async\" src=\"https:\/\/derechadiario.com.ar\/filesedc\/uploads\/image\/post\/2025\/07\/ratones-terapia-parkinson_1200_800.webp\" class=\"img-responsive lazyload\" alt=\"Rat\u00f3n blanco dentro de una c\u00e1psula de vidrio sostenida por manos con guantes azules\" title=\"Rat\u00f3n blanco dentro de una c\u00e1psula de vidrio sostenida por manos con guantes azules\"><\/picture>\n<div>\n<span class=\"img_footer\">Su equipo logr\u00f3 revertir el envejecimiento en ratones y monos <\/span>| <span class=\"img_author\">La Derecha Diario<\/span>\n<\/div>\n<\/div>\n<h2><strong>Un paso cient\u00edfico que parece de ciencia ficci\u00f3n<\/strong><\/h2>\n<p>Desde su laboratorio en <strong>Harvard<\/strong>, <strong>Sinclair<\/strong> desarrolla un enfoque epigen\u00e9tico que permite &#8220;reiniciar&#8221; c\u00e9lulas y tejidos envejecidos.<\/p>\n<p>Este avance busca tratar enfermedades asociadas a la edad, mejorar la calidad de vida y extender la longevidad humana.<\/p>\n<aside class=\"are-you-interested-container-photo\"><\/aside>\n<h2><strong>C\u00f3mo lograron rejuvenecer a ratones y monos<\/strong><\/h2>\n<p>El proceso se basa en activar ciertos genes embrionarios conocidos como <strong>factores de Yamanaka<\/strong>, mediante una terapia g\u00e9nica.\u00a0En pruebas con animales, esto gener\u00f3 una <strong>reducci\u00f3n medible de la edad biol\u00f3gica<\/strong> y mejoras f\u00edsicas evidentes.<\/p>\n<figure><img decoding=\"async\" src=\"https:\/\/derechadiario.com.ar\/filesedc\/uploads\/image\/post\/2025\/07\/david-sinclair-rejuvenecimiento_1200_800.webp\" class=\"img-responsive lazyload\" alt=\"Cient\u00edfico con bata blanca observa un recipiente con l\u00edquido rosado en un laboratorio iluminado\" title=\"Cient\u00edfico con bata blanca observa un recipiente con l\u00edquido rosado en un laboratorio iluminado\"><\/figure>\n<p>En ratones, un tratamiento de cuatro semanas gener\u00f3 signos claros de rejuvenecimiento. En monos, se logr\u00f3 revertir el da\u00f1o en el <strong>nervio \u00f3ptico<\/strong>.<\/p>\n<h2><strong>La clave est\u00e1 en el epigenoma<\/strong><\/h2>\n<p>Seg\u00fan <strong>Sinclair<\/strong>, el problema del envejecimiento no es el desgaste celular, sino la p\u00e9rdida de <strong>informaci\u00f3n epigen\u00e9tica<\/strong>.<\/p>\n<figure><img decoding=\"async\" src=\"https:\/\/derechadiario.com.ar\/filesedc\/uploads\/image\/post\/envejecimiento_1200_800.webp\" class=\"img-responsive lazyload\" alt=\"Una imagen que muestra la mitad del rostro de una persona joven y la otra mitad de una persona mayor, simbolizando el paso del tiempo y los tratamientos con la prote\u00edna MANF para un envejecimento m\u00e1s saludable.\" title=\"Una imagen que muestra la mitad del rostro de una persona joven y la otra mitad de una persona mayor, simbolizando el paso del tiempo y los tratamientos con la prote\u00edna MANF para un envejecimento m\u00e1s saludable.\"><\/figure>\n<p>El tratamiento no modifica el ADN, sino que <strong>restaura el \u201cmanual de instrucciones\u201d celular<\/strong> para que funcionen como si fueran j\u00f3venes.<\/p>\n<h2><strong>IA y pastillas antiedad<\/strong><\/h2>\n<p>Para facilitar el acceso al tratamiento, el equipo ahora usa <strong>inteligencia artificial<\/strong> para encontrar mol\u00e9culas rejuvenecedoras orales.<\/p>\n<p>La idea es reemplazar las terapias complejas por <strong>una pastilla que se tome durante cuatro semanas<\/strong>.<\/p>\n<figure><img decoding=\"async\" src=\"https:\/\/derechadiario.com.ar\/filesedc\/uploads\/image\/post\/ia-autonoma-avances-2025-inteligencia-artificial_1200_800.webp\" class=\"img-responsive lazyload\" alt=\"Una inteligencia artificial aut\u00f3noma con luces y cables conectados a su cabeza.\" title=\"Una inteligencia artificial aut\u00f3noma con luces y cables conectados a su cabeza.\"><\/figure>\n<aside class=\"whatsappChannelText\"><a href=\"https:\/\/whatsapp.com\/channel\/0029VagEjILGE56eKjedWF2U\" rel=\"nofollow\" title=\"WhatsApp Link\"><img alt=\"Logo de WhatsApp\" class=\"lazyload\" data-src=\"https:\/\/derechadiario.com.ar\/filesedc\/uploads\/other\/whatsapp_icon_mid_article.png\" width=\"32\" height=\"32\"><\/a> <a href=\"https:\/\/whatsapp.com\/channel\/0029VagEjILGE56eKjedWF2U\" rel=\"nofollow\" title=\"WhatsApp Link\"><strong>NO SE PIERDAN NINGUNA NOTICIA<\/strong>: Click aqu\u00ed para sumarte <strong>GRATIS<\/strong> al canal de noticias de <strong>La Derecha Diario en WhatsApp.<\/strong><\/a><\/aside>\n<h2><strong>Ensayos en humanos: cu\u00e1ndo empiezan<\/strong><\/h2>\n<p>Los primeros <strong>ensayos cl\u00ednicos<\/strong> con humanos empezar\u00e1n en enero. El foco inicial ser\u00e1 en enfermedades oculares como el <strong>glaucoma<\/strong>.<\/p>\n<p>La prueba incluir\u00e1 una inyecci\u00f3n ocular y el uso de <strong>doxiciclina<\/strong> para activar los genes rejuvenecedores.<\/p>\n","protected":false},"excerpt":{"rendered":"<p>Un descubrimiento liderado por el cient\u00edfico David Sinclair podr\u00eda cambiar el rumbo de la medicina regenerativa. Su equipo logr\u00f3 revertir el envejecimiento en ratones y monos, y ahora se prepara para probar la terapia en humanos. Su equipo logr\u00f3 revertir el envejecimiento en ratones y monos | La Derecha Diario Un paso cient\u00edfico que parece [&hellip;]<\/p>\n","protected":false},"author":2,"featured_media":11127,"comment_status":"open","ping_status":"open","sticky":false,"template":"","format":"standard","meta":{"_et_pb_use_builder":"","_et_pb_old_content":"","_et_gb_content_width":"","footnotes":""},"categories":[84],"tags":[],"class_list":["post-11126","post","type-post","status-publish","format-standard","has-post-thumbnail","hentry","category-ultimomomento"],"_links":{"self":[{"href":"https:\/\/verdadincomodadiario.ar\/index.php?rest_route=\/wp\/v2\/posts\/11126","targetHints":{"allow":["GET"]}}],"collection":[{"href":"https:\/\/verdadincomodadiario.ar\/index.php?rest_route=\/wp\/v2\/posts"}],"about":[{"href":"https:\/\/verdadincomodadiario.ar\/index.php?rest_route=\/wp\/v2\/types\/post"}],"author":[{"embeddable":true,"href":"https:\/\/verdadincomodadiario.ar\/index.php?rest_route=\/wp\/v2\/users\/2"}],"replies":[{"embeddable":true,"href":"https:\/\/verdadincomodadiario.ar\/index.php?rest_route=%2Fwp%2Fv2%2Fcomments&post=11126"}],"version-history":[{"count":0,"href":"https:\/\/verdadincomodadiario.ar\/index.php?rest_route=\/wp\/v2\/posts\/11126\/revisions"}],"wp:featuredmedia":[{"embeddable":true,"href":"https:\/\/verdadincomodadiario.ar\/index.php?rest_route=\/wp\/v2\/media\/11127"}],"wp:attachment":[{"href":"https:\/\/verdadincomodadiario.ar\/index.php?rest_route=%2Fwp%2Fv2%2Fmedia&parent=11126"}],"wp:term":[{"taxonomy":"category","embeddable":true,"href":"https:\/\/verdadincomodadiario.ar\/index.php?rest_route=%2Fwp%2Fv2%2Fcategories&post=11126"},{"taxonomy":"post_tag","embeddable":true,"href":"https:\/\/verdadincomodadiario.ar\/index.php?rest_route=%2Fwp%2Fv2%2Ftags&post=11126"}],"curies":[{"name":"wp","href":"https:\/\/api.w.org\/{rel}","templated":true}]}}