{"id":11122,"date":"2025-07-16T15:24:18","date_gmt":"2025-07-16T15:24:18","guid":{"rendered":"https:\/\/verdadincomodadiario.ar\/?p=11122"},"modified":"2025-07-16T15:24:18","modified_gmt":"2025-07-16T15:24:18","slug":"tension-netanyahu-le-pide-a-los-drusos-que-no-crucen-la-frontera-hacia-siria","status":"publish","type":"post","link":"https:\/\/verdadincomodadiario.ar\/?p=11122","title":{"rendered":"Tensi\u00f3n: Netanyahu le pide a los drusos que no crucen la frontera hacia Siria"},"content":{"rendered":"<p>En medio de intensos enfrentamientos en la ciudad siria de Sweida, de mayor\u00eda drusa, <a href=\"https:\/\/derechadiario.com.ar\/israel\/politica\/crece-tension-frontera-con-siria-por-conflicto-con-los-drusos\" title=\"Crece la tensi\u00f3n en la frontera con Siria por el conflicto con los drusos\"><strong>Israel ha lanzado varios ataques contra objetivos del r\u00e9gimen en Damasco<\/strong><\/a>. El objetivo declarado es el de proteger a la poblaci\u00f3n drusa de las milicias aliadas del gobierno sirio.<\/p>\n<p><strong>El primer ministro Benjam\u00edn Netanyahu<\/strong>\u00a0 hizo un llamado urgente a <strong>los ciudadanos drusos israel\u00edes para que no crucen la frontera<\/strong>\u00a0 y no interfieran en la operaci\u00f3n militar en curso.<\/p>\n<p><strong>&#8220;Est\u00e1n poniendo en peligro sus vidas. Podr\u00edan ser asesinados o secuestrados, y est\u00e1n obstaculizando los esfuerzos de las FDI&#8221;<\/strong>, advirti\u00f3 Netanyahu.\u00a0\u201cEl ej\u00e9rcito israel\u00ed, la fuerza a\u00e9rea y otras unidades est\u00e1n actuando para salvar a nuestros hermanos drusos y eliminar a las milicias del r\u00e9gimen. Les pido: regresen a sus hogares. Dejen que las FDI hagan su trabajo\u201d.<\/p>\n<div class=\"inter_image image_horizontal\">\n<picture><source class=\"img-responsive\" type=\"image\/webp\" data-srcset=\"https:\/\/filesedc.com\/uploads\/image\/post\/2025\/07\/netanyahu-1752670586195_300_200.webp 300w, https:\/\/filesedc.com\/uploads\/image\/post\/2025\/07\/netanyahu-1752670586195_630_420.webp 630w, https:\/\/filesedc.com\/uploads\/image\/post\/2025\/07\/netanyahu-1752670586195_760_507.webp 760w, https:\/\/filesedc.com\/uploads\/image\/post\/2025\/07\/netanyahu-1752670586195_1200_800.webp 1200w, https:\/\/filesedc.com\/uploads\/image\/post\/2025\/07\/netanyahu-1752670586195_1600_1067.webp 1600w, \"><img decoding=\"async\" src=\"https:\/\/derechadiario.com.ar\/filesedc\/uploads\/image\/post\/2025\/07\/netanyahu-1752670586195_1200_800.webp\" class=\"img-responsive lazyload\" alt=\"Hombre de cabello canoso con traje oscuro y corbata roja hablando frente a micr\u00f3fonos con banderas de Israel al fondo\" title=\"Hombre de cabello canoso con traje oscuro y corbata roja hablando frente a micr\u00f3fonos con banderas de Israel al fondo\"><\/picture>\n<div>\n<span class=\"img_footer\">El primer ministro de Israel, Benjam\u00edn Netanyahu <\/span>| <span class=\"img_author\">La Derecha Diario<\/span>\n<\/div>\n<\/div>\n<p><strong>El ministro de Defensa, Israel Katz<\/strong>, reafirm\u00f3 el compromiso de Israel con la protecci\u00f3n de la comunidad drusa. <strong>\u201cEl ej\u00e9rcito continuar\u00e1 operando con contundencia en Sweida hasta destruir completamente a las fuerzas que atacaron a los drusos\u201d<\/strong>, afirm\u00f3.<\/p>\n<p>Por su parte, <strong>el canciller Gideon Sa&#8217;ar acus\u00f3 al r\u00e9gimen del presidente sirio Ahmed al-Sharaa de cometer \u201cpogromos\u201d contra las minor\u00edas en Siria<\/strong>\u00a0 y critic\u00f3 la inacci\u00f3n internacional. \u201cNuestros intereses en Siria son claros: proteger a la comunidad drusa, con la que tenemos lazos hist\u00f3ricos\u201d, declar\u00f3.<\/p>\n<p>Mientras tanto, <strong>el r\u00e9gimen sirio<\/strong>\u00a0 emiti\u00f3 un comunicado condenando la violencia y prometiendo investigar los hechos, aunque <strong>evit\u00f3 hacer menci\u00f3n directa a los ataques israel\u00edes<\/strong>.<\/p>\n","protected":false},"excerpt":{"rendered":"<p>En medio de intensos enfrentamientos en la ciudad siria de Sweida, de mayor\u00eda drusa, Israel ha lanzado varios ataques contra objetivos del r\u00e9gimen en Damasco. El objetivo declarado es el de proteger a la poblaci\u00f3n drusa de las milicias aliadas del gobierno sirio. El primer ministro Benjam\u00edn Netanyahu\u00a0 hizo un llamado urgente a los ciudadanos [&hellip;]<\/p>\n","protected":false},"author":2,"featured_media":11123,"comment_status":"open","ping_status":"open","sticky":false,"template":"","format":"standard","meta":{"_et_pb_use_builder":"","_et_pb_old_content":"","_et_gb_content_width":"","footnotes":""},"categories":[84],"tags":[],"class_list":["post-11122","post","type-post","status-publish","format-standard","has-post-thumbnail","hentry","category-ultimomomento"],"_links":{"self":[{"href":"https:\/\/verdadincomodadiario.ar\/index.php?rest_route=\/wp\/v2\/posts\/11122","targetHints":{"allow":["GET"]}}],"collection":[{"href":"https:\/\/verdadincomodadiario.ar\/index.php?rest_route=\/wp\/v2\/posts"}],"about":[{"href":"https:\/\/verdadincomodadiario.ar\/index.php?rest_route=\/wp\/v2\/types\/post"}],"author":[{"embeddable":true,"href":"https:\/\/verdadincomodadiario.ar\/index.php?rest_route=\/wp\/v2\/users\/2"}],"replies":[{"embeddable":true,"href":"https:\/\/verdadincomodadiario.ar\/index.php?rest_route=%2Fwp%2Fv2%2Fcomments&post=11122"}],"version-history":[{"count":0,"href":"https:\/\/verdadincomodadiario.ar\/index.php?rest_route=\/wp\/v2\/posts\/11122\/revisions"}],"wp:featuredmedia":[{"embeddable":true,"href":"https:\/\/verdadincomodadiario.ar\/index.php?rest_route=\/wp\/v2\/media\/11123"}],"wp:attachment":[{"href":"https:\/\/verdadincomodadiario.ar\/index.php?rest_route=%2Fwp%2Fv2%2Fmedia&parent=11122"}],"wp:term":[{"taxonomy":"category","embeddable":true,"href":"https:\/\/verdadincomodadiario.ar\/index.php?rest_route=%2Fwp%2Fv2%2Fcategories&post=11122"},{"taxonomy":"post_tag","embeddable":true,"href":"https:\/\/verdadincomodadiario.ar\/index.php?rest_route=%2Fwp%2Fv2%2Ftags&post=11122"}],"curies":[{"name":"wp","href":"https:\/\/api.w.org\/{rel}","templated":true}]}}