{"id":11120,"date":"2025-07-16T15:24:19","date_gmt":"2025-07-16T15:24:19","guid":{"rendered":"https:\/\/verdadincomodadiario.ar\/?p=11120"},"modified":"2025-07-16T15:24:19","modified_gmt":"2025-07-16T15:24:19","slug":"el-regimen-terrorista-de-iran-apunto-contra-milei-por-defender-a-israel","status":"publish","type":"post","link":"https:\/\/verdadincomodadiario.ar\/?p=11120","title":{"rendered":"El r\u00e9gimen terrorista de Ir\u00e1n apunt\u00f3 contra Milei por defender a Israel"},"content":{"rendered":"<p>El <strong>r\u00e9gimen terrorista de Ir\u00e1n cuestion\u00f3 al presidente argentino, Javier Milei<\/strong>, por su respaldo incondicional a Israel.<\/p>\n<p>La decisi\u00f3n hist\u00f3rica de la Argentina de respaldar a Israel, la \u00fanica democracia libre del Medio Oriente,\u00a0<strong>gener\u00f3 una dura respuesta oficial de Ir\u00e1n ante las Naciones Unidas<\/strong>.<\/p>\n<p>En un documento presentado por la misi\u00f3n iran\u00ed en Nueva York, <strong>Teher\u00e1n acusa directamente a la Argentina y a Milei de alinearse con lo que denominan &#8220;la agresi\u00f3n del r\u00e9gimen sionista&#8221;<\/strong>, en referencia a Israel, y de apoyar los recientes bombardeos contra instalaciones nucleares iran\u00edes.<\/p>\n<div class=\"inter_image image_horizontal\">\n<picture><source class=\"img-responsive\" type=\"image\/webp\" data-srcset=\"https:\/\/filesedc.com\/uploads\/image\/post\/2025\/07\/ayatollah_300_200.webp 300w, https:\/\/filesedc.com\/uploads\/image\/post\/2025\/07\/ayatollah_630_420.webp 630w, https:\/\/filesedc.com\/uploads\/image\/post\/2025\/07\/ayatollah_760_507.webp 760w, https:\/\/filesedc.com\/uploads\/image\/post\/2025\/07\/ayatollah_1200_800.webp 1200w, https:\/\/filesedc.com\/uploads\/image\/post\/2025\/07\/ayatollah_1600_1067.webp 1600w, \"><img decoding=\"async\" src=\"https:\/\/derechadiario.com.ar\/filesedc\/uploads\/image\/post\/2025\/07\/ayatollah_1200_800.webp\" class=\"img-responsive lazyload\" alt=\"Hombre mayor con barba y turbante negro hablando frente a dos micr\u00f3fonos, sentado junto a una bandera de Ir\u00e1n y un fondo de cortinas azules\" title=\"Hombre mayor con barba y turbante negro hablando frente a dos micr\u00f3fonos, sentado junto a una bandera de Ir\u00e1n y un fondo de cortinas azules\"><\/picture>\n<div>\n<span class=\"img_footer\">El ayatola Khamenei <\/span>| <span class=\"img_author\">La Derecha Diario<\/span>\n<\/div>\n<\/div>\n<p>Junto a Argentina, el r\u00e9gimen iran\u00ed tambi\u00e9n menciona a Canad\u00e1, Rep\u00fablica Checa y Paraguay como pa\u00edses que <strong>\u201chan declarado su apoyo a los actos de agresi\u00f3n\u201d<\/strong>.<\/p>\n<p>Las declaraciones de Milei no dejan lugar a dudas. <strong>El mandatario ha calificado a Ir\u00e1n como \u201cenemigo de Argentina\u201d<\/strong>\u00a0 y ha definido al pa\u00eds persa como \u201cuna teocracia que quiere exterminar a la \u00fanica democracia libre de Medio Oriente\u201d, en clara alusi\u00f3n a Israel.<\/p>\n<p>El presidente argentino tambi\u00e9n <strong>respald\u00f3 expl\u00edcitamente las operaciones militares tanto de Israel como de Estados Unidos<\/strong>\u00a0 contra objetivos estrat\u00e9gicos iran\u00edes.<\/p>\n<p>La embestida iran\u00ed contra Milei ocurre <strong>a pocos d\u00edas de cumplirse 31 a\u00f1os del atentado a la AMIA, el ataque terrorista m\u00e1s grave en suelo argentino<\/strong>, perpetrado por Hezbollah bajo \u00f3rdenes de Ir\u00e1n, seg\u00fan la justicia argentina. En ese contexto, la defensa del Estado jud\u00edo se vuelve tambi\u00e9n, para Milei, una forma de reivindicaci\u00f3n nacional.<\/p>\n<p>Con una pol\u00edtica exterior decididamente alineada con Occidente y con el Estado de Israel, <strong>Javier Milei reafirma su lugar como uno de los pocos l\u00edderes latinoamericanos dispuestos a denunciar el terrorismo iran\u00ed sin ambig\u00fcedades<\/strong>.<\/p>\n","protected":false},"excerpt":{"rendered":"<p>El r\u00e9gimen terrorista de Ir\u00e1n cuestion\u00f3 al presidente argentino, Javier Milei, por su respaldo incondicional a Israel. La decisi\u00f3n hist\u00f3rica de la Argentina de respaldar a Israel, la \u00fanica democracia libre del Medio Oriente,\u00a0gener\u00f3 una dura respuesta oficial de Ir\u00e1n ante las Naciones Unidas. En un documento presentado por la misi\u00f3n iran\u00ed en Nueva York, [&hellip;]<\/p>\n","protected":false},"author":2,"featured_media":11121,"comment_status":"open","ping_status":"open","sticky":false,"template":"","format":"standard","meta":{"_et_pb_use_builder":"","_et_pb_old_content":"","_et_gb_content_width":"","footnotes":""},"categories":[84],"tags":[],"class_list":["post-11120","post","type-post","status-publish","format-standard","has-post-thumbnail","hentry","category-ultimomomento"],"_links":{"self":[{"href":"https:\/\/verdadincomodadiario.ar\/index.php?rest_route=\/wp\/v2\/posts\/11120","targetHints":{"allow":["GET"]}}],"collection":[{"href":"https:\/\/verdadincomodadiario.ar\/index.php?rest_route=\/wp\/v2\/posts"}],"about":[{"href":"https:\/\/verdadincomodadiario.ar\/index.php?rest_route=\/wp\/v2\/types\/post"}],"author":[{"embeddable":true,"href":"https:\/\/verdadincomodadiario.ar\/index.php?rest_route=\/wp\/v2\/users\/2"}],"replies":[{"embeddable":true,"href":"https:\/\/verdadincomodadiario.ar\/index.php?rest_route=%2Fwp%2Fv2%2Fcomments&post=11120"}],"version-history":[{"count":0,"href":"https:\/\/verdadincomodadiario.ar\/index.php?rest_route=\/wp\/v2\/posts\/11120\/revisions"}],"wp:featuredmedia":[{"embeddable":true,"href":"https:\/\/verdadincomodadiario.ar\/index.php?rest_route=\/wp\/v2\/media\/11121"}],"wp:attachment":[{"href":"https:\/\/verdadincomodadiario.ar\/index.php?rest_route=%2Fwp%2Fv2%2Fmedia&parent=11120"}],"wp:term":[{"taxonomy":"category","embeddable":true,"href":"https:\/\/verdadincomodadiario.ar\/index.php?rest_route=%2Fwp%2Fv2%2Fcategories&post=11120"},{"taxonomy":"post_tag","embeddable":true,"href":"https:\/\/verdadincomodadiario.ar\/index.php?rest_route=%2Fwp%2Fv2%2Ftags&post=11120"}],"curies":[{"name":"wp","href":"https:\/\/api.w.org\/{rel}","templated":true}]}}