{"id":11110,"date":"2025-07-16T13:32:22","date_gmt":"2025-07-16T13:32:22","guid":{"rendered":"https:\/\/verdadincomodadiario.ar\/?p=11110"},"modified":"2025-07-16T13:32:22","modified_gmt":"2025-07-16T13:32:22","slug":"crece-la-tension-en-la-frontera-con-siria-por-el-conflicto-con-los-drusos","status":"publish","type":"post","link":"https:\/\/verdadincomodadiario.ar\/?p=11110","title":{"rendered":"Crece la tensi\u00f3n en la frontera con Siria por el conflicto con los drusos"},"content":{"rendered":"<p><strong>La creciente violencia en la regi\u00f3n de Sweida, al sur de Siria<\/strong>, ha encendido alarmas entre los drusos israel\u00edes. El l\u00edder espiritual druso en Israel, <strong>jeque Mowafak Tarif<\/strong>, emiti\u00f3 un dram\u00e1tico llamado a su comunidad para que est\u00e9 preparada a <strong>\u201ccruzar la frontera por todos los medios necesarios\u201d<\/strong>\u00a0 y ayudar a sus hermanos sirios que, seg\u00fan afirm\u00f3, est\u00e1n siendo masacrados.<\/p>\n<p>Las Fuerzas de Defensa de Israel han reforzado la seguridad en la frontera, ante la posibilidad de <strong>una escalada de violencia<\/strong>.<\/p>\n<p>La situaci\u00f3n en Sweida, basti\u00f3n druso, se deterior\u00f3 r\u00e1pidamente despu\u00e9s de un conflicto entre drusos y beduinos, que escal\u00f3 en enfrentamientos directos entre fuerzas del r\u00e9gimen sirio y milicias locales. <strong>Se reportan al menos 100 muertos<\/strong>.<\/p>\n<div class=\"inter_image image_horizontal\">\n<picture><source class=\"img-responsive\" type=\"image\/webp\" data-srcset=\"https:\/\/filesedc.com\/uploads\/image\/post\/2025\/07\/siriamilicias_300_200.webp 300w, https:\/\/filesedc.com\/uploads\/image\/post\/2025\/07\/siriamilicias_630_420.webp 630w, https:\/\/filesedc.com\/uploads\/image\/post\/2025\/07\/siriamilicias_760_507.webp 760w, https:\/\/filesedc.com\/uploads\/image\/post\/2025\/07\/siriamilicias_1200_800.webp 1200w, https:\/\/filesedc.com\/uploads\/image\/post\/2025\/07\/siriamilicias_1600_1067.webp 1600w, \"><img decoding=\"async\" src=\"https:\/\/derechadiario.com.ar\/filesedc\/uploads\/image\/post\/2025\/07\/siriamilicias_1200_800.webp\" class=\"img-responsive lazyload\" alt=\"Varios veh\u00edculos todoterreno circulan por una calle con hombres armados y \u00e1rboles al fondo en un ambiente soleado.\" title=\"Varios veh\u00edculos todoterreno circulan por una calle con hombres armados y \u00e1rboles al fondo en un ambiente soleado.\"><\/picture>\n<div>\n<span class=\"img_footer\">Militares del ej\u00e9rcito sirio <\/span>| <span class=\"img_author\">La Derecha Diario<\/span>\n<\/div>\n<\/div>\n<p>La tensi\u00f3n cruz\u00f3 fronteras: <strong>decenas de civiles drusos israel\u00edes lograron infiltrarse en Siria desde Majdal Shams para apoyar a sus familiares<\/strong>. Adem\u00e1s, el ej\u00e9rcito israel\u00ed atac\u00f3 tanques sirios y bombarde\u00f3 objetivos del r\u00e9gimen en Damasco y Sweida. Tambi\u00e9n anunci\u00f3 refuerzos en la frontera norte.<\/p>\n<p><strong>El ministro de Defensa de Israel,\u00a0Israel Katz<\/strong>, asegur\u00f3 que <a href=\"https:\/\/derechadiario.com.ar\/israel\/politica\/israel-lanzo-ofensiva-sur-siria-para-defender-comunidad-drusa\" title=\"Israel lanz\u00f3 una ofensiva en el sur de Siria para defender a la comunidad drusa\">las FDI respaldar\u00e1n a los drusos <\/a>y\u00a0advirti\u00f3 que si Damasco no se retira de Sweida, Israel aumentar\u00e1 sus ataques.<\/p>\n<p>El mensaje es claro: <strong>Israel no permitir\u00e1 una masacre drusa a manos del r\u00e9gimen sirio<\/strong>. Y si el Estado no act\u00faa con decisi\u00f3n, parte de su propia ciudadan\u00eda est\u00e1 dispuesta a tomar las riendas.<\/p>\n","protected":false},"excerpt":{"rendered":"<p>La creciente violencia en la regi\u00f3n de Sweida, al sur de Siria, ha encendido alarmas entre los drusos israel\u00edes. El l\u00edder espiritual druso en Israel, jeque Mowafak Tarif, emiti\u00f3 un dram\u00e1tico llamado a su comunidad para que est\u00e9 preparada a \u201ccruzar la frontera por todos los medios necesarios\u201d\u00a0 y ayudar a sus hermanos sirios que, [&hellip;]<\/p>\n","protected":false},"author":2,"featured_media":11111,"comment_status":"open","ping_status":"open","sticky":false,"template":"","format":"standard","meta":{"_et_pb_use_builder":"","_et_pb_old_content":"","_et_gb_content_width":"","footnotes":""},"categories":[84],"tags":[],"class_list":["post-11110","post","type-post","status-publish","format-standard","has-post-thumbnail","hentry","category-ultimomomento"],"_links":{"self":[{"href":"https:\/\/verdadincomodadiario.ar\/index.php?rest_route=\/wp\/v2\/posts\/11110","targetHints":{"allow":["GET"]}}],"collection":[{"href":"https:\/\/verdadincomodadiario.ar\/index.php?rest_route=\/wp\/v2\/posts"}],"about":[{"href":"https:\/\/verdadincomodadiario.ar\/index.php?rest_route=\/wp\/v2\/types\/post"}],"author":[{"embeddable":true,"href":"https:\/\/verdadincomodadiario.ar\/index.php?rest_route=\/wp\/v2\/users\/2"}],"replies":[{"embeddable":true,"href":"https:\/\/verdadincomodadiario.ar\/index.php?rest_route=%2Fwp%2Fv2%2Fcomments&post=11110"}],"version-history":[{"count":0,"href":"https:\/\/verdadincomodadiario.ar\/index.php?rest_route=\/wp\/v2\/posts\/11110\/revisions"}],"wp:featuredmedia":[{"embeddable":true,"href":"https:\/\/verdadincomodadiario.ar\/index.php?rest_route=\/wp\/v2\/media\/11111"}],"wp:attachment":[{"href":"https:\/\/verdadincomodadiario.ar\/index.php?rest_route=%2Fwp%2Fv2%2Fmedia&parent=11110"}],"wp:term":[{"taxonomy":"category","embeddable":true,"href":"https:\/\/verdadincomodadiario.ar\/index.php?rest_route=%2Fwp%2Fv2%2Fcategories&post=11110"},{"taxonomy":"post_tag","embeddable":true,"href":"https:\/\/verdadincomodadiario.ar\/index.php?rest_route=%2Fwp%2Fv2%2Ftags&post=11110"}],"curies":[{"name":"wp","href":"https:\/\/api.w.org\/{rel}","templated":true}]}}