{"id":11094,"date":"2025-07-16T05:34:36","date_gmt":"2025-07-16T05:34:36","guid":{"rendered":"https:\/\/verdadincomodadiario.ar\/?p=11094"},"modified":"2025-07-16T05:34:36","modified_gmt":"2025-07-16T05:34:36","slug":"melody-luz-y-alex-caniggia-compartieron-la-primera-foto-de-su-hija-venezia","status":"publish","type":"post","link":"https:\/\/verdadincomodadiario.ar\/?p=11094","title":{"rendered":"Melody Luz y Alex Caniggia compartieron la primera foto de su hija Venezia"},"content":{"rendered":"<p>A casi un mes de haberse reconciliado tras una breve separaci\u00f3n, <a href=\"https:\/\/derechadiario.com.ar\/sociedad\/santiago-del-azar-conto-por-que-borro-todos-los-mensajes-que-le-mando-melody-luz\" title=\"Santiago del Azar cont\u00f3 por qu\u00e9 borr\u00f3 todos los mensajes que le mand\u00f3 a Melody Luz\">Melody Luz y Alex Caniggia<\/a> dieron un paso significativo en su historia como familia: compartieron por primera vez el rostro de su hija <a href=\"https:\/\/derechadiario.com.ar\/sociedad\/melody-luz-conto-que-fue-ella-quien-dejo-alex-caniggia\" title=\"Melody Luz cont\u00f3 que fue ella quien dej\u00f3 a Alex Caniggia\">Venezia<\/a>. La publicaci\u00f3n, realizada en conjunto por ambos, conmovi\u00f3 a sus seguidores y se volvi\u00f3 viral en cuesti\u00f3n de horas.<\/p>\n<p>El motivo fue m\u00e1s que especial. Venezia cumpli\u00f3 dos a\u00f1os y sus padres quisieron homenajearla con un emotivo mensaje en redes sociales. <strong>\u201c\u00a1Hija de nuestra vida, ya cumpliste 2 a\u00f1os! No podemos creer c\u00f3mo pasan los d\u00edas, los meses, los a\u00f1os.<\/strong> Desde que llegaste todo se transform\u00f3\u2026 El mundo se volvi\u00f3 m\u00e1s dulce, los d\u00edas m\u00e1s felices y nuestros corazones m\u00e1s completos\u201d, escribieron los orgullosos padres, acompa\u00f1ando sus palabras con una galer\u00eda de fotos in\u00e9ditas.<\/p>\n<div class=\"inter_image image_vertical\">\n<picture><source class=\"img-responsive\" type=\"image\/webp\" data-srcset=\"https:\/\/filesedc.com\/uploads\/image\/post\/2025\/07\/melodyluz-1752623863-3677597970546994624-231350574_300_400.webp 300w, https:\/\/filesedc.com\/uploads\/image\/post\/2025\/07\/melodyluz-1752623863-3677597970546994624-231350574_630_840.webp 630w, https:\/\/filesedc.com\/uploads\/image\/post\/2025\/07\/melodyluz-1752623863-3677597970546994624-231350574_760_1013.webp 760w, https:\/\/filesedc.com\/uploads\/image\/post\/2025\/07\/melodyluz-1752623863-3677597970546994624-231350574_1200_1600.webp 1200w, https:\/\/filesedc.com\/uploads\/image\/post\/2025\/07\/melodyluz-1752623863-3677597970546994624-231350574_1600_2133.webp 1600w, \"><img decoding=\"async\" src=\"https:\/\/derechadiario.com.ar\/filesedc\/uploads\/image\/post\/2025\/07\/melodyluz-1752623863-3677597970546994624-231350574_1200_1600.webp\" class=\"img-responsive lazyload\" alt=\"Ni\u00f1a peque\u00f1a sonriendo con un vestido de cuadros en una sala iluminada por la luz natural que entra por una ventana grande\" title=\"Ni\u00f1a peque\u00f1a sonriendo con un vestido de cuadros en una sala iluminada por la luz natural que entra por una ventana grande\"><\/picture>\n<div>\n<span class=\"img_footer\">Venezia la hija de Melody Luz y Alex Caniggia <\/span>| <span class=\"img_author\">La Derecha Diario<\/span>\n<\/div>\n<\/div>\n<p>En la publicaci\u00f3n, Alex y Melody tambi\u00e9n expresaron su profunda conexi\u00f3n con la ni\u00f1a, a quien llamaron <strong>\u201cGrizzly hermosa\u201d y \u201cnuestro pedacito de cielo\u201d<\/strong>. \u201cSos nuestro sue\u00f1o hecho realidad, nuestro todo. Gracias por elegirnos como tus pap\u00e1s. TE AMAMOS con cada latido, con cada mirada, desde que est\u00e1s en nuestra vida TODO ES AMOR\u201d, continuaron.<\/p>\n<p>El posteo, que incluy\u00f3 im\u00e1genes de Venezia sonriendo y rodeada de amor, no tard\u00f3 en acumular miles de \u201cme gusta\u201d y mensajes de felicitaciones. En la galer\u00eda tambi\u00e9n se vieron fotos junto a los abuelos maternos de la peque\u00f1a, quienes, seg\u00fan fuentes cercanas, son un pilar fundamental en su crianza. En cambio, no hubo im\u00e1genes junto a <strong>Claudio \u201cEl P\u00e1jaro\u201d Caniggia ni Charlotte Caniggia<\/strong>, con quienes Melody y Alex mantienen una relaci\u00f3n distante.<\/p>\n<aside class=\"whatsappChannelText\"><a href=\"https:\/\/whatsapp.com\/channel\/0029VagEjILGE56eKjedWF2U\" rel=\"nofollow\" title=\"WhatsApp Link\"><img alt=\"Logo de WhatsApp\" class=\"lazyload\" data-src=\"https:\/\/derechadiario.com.ar\/filesedc\/uploads\/other\/whatsapp_icon_mid_article.png\" width=\"32\" height=\"32\"><\/a> <a href=\"https:\/\/whatsapp.com\/channel\/0029VagEjILGE56eKjedWF2U\" rel=\"nofollow\" title=\"WhatsApp Link\"><strong>NO SE PIERDAN NINGUNA NOTICIA<\/strong>: Click aqu\u00ed para sumarte <strong>GRATIS<\/strong> al canal de noticias de <strong>La Derecha Diario en WhatsApp.<\/strong><\/a><\/aside>\n<aside class=\"are-you-interested-container-photo\"><\/aside>\n<figure><img decoding=\"async\" src=\"https:\/\/derechadiario.com.ar\/filesedc\/uploads\/image\/post\/2025\/07\/melodyluz-1752623863-3677597970555257522-231350574_1200_1600.webp\" class=\"img-responsive lazyload\" alt=\"Hombre con barba y cabello rizado sonr\u00ede abrazando a una beb\u00e9 que tambi\u00e9n sonr\u00ede, ambos lucen felices y est\u00e1n en un ambiente exterior con palmeras al fondo\" title=\"Hombre con barba y cabello rizado sonr\u00ede abrazando a una beb\u00e9 que tambi\u00e9n sonr\u00ede, ambos lucen felices y est\u00e1n en un ambiente exterior con palmeras al fondo\"><\/figure>\n<p>Adem\u00e1s, con esta publicaci\u00f3n se oficializ\u00f3 la cuenta de Instagram de Venezia, que si bien ya contaba con m\u00e1s de 160 mil seguidores, recibi\u00f3 una ola de nuevos seguidores tras la difusi\u00f3n de sus primeras fotos.<\/p>\n<p>Como parte de los festejos, Melody comparti\u00f3 en sus historias de Instagram videos del cumplea\u00f1os de la ni\u00f1a. En las im\u00e1genes se la ve en el jard\u00edn, rodeada de sus compa\u00f1eritos, celebrando con una torta decorada con el Payaso Plim Plim, su personaje preferido. M\u00e1s tarde, en un festejo \u00edntimo en casa, sopl\u00f3 las velitas de una segunda torta tem\u00e1tica de Lilo &#038; Stitch. \u00a0<strong>\u201cNena nocturna tuvo su torta a las 00\u201d<\/strong>, coment\u00f3 su mam\u00e1.<\/p>\n","protected":false},"excerpt":{"rendered":"<p>A casi un mes de haberse reconciliado tras una breve separaci\u00f3n, Melody Luz y Alex Caniggia dieron un paso significativo en su historia como familia: compartieron por primera vez el rostro de su hija Venezia. La publicaci\u00f3n, realizada en conjunto por ambos, conmovi\u00f3 a sus seguidores y se volvi\u00f3 viral en cuesti\u00f3n de horas. El [&hellip;]<\/p>\n","protected":false},"author":2,"featured_media":11095,"comment_status":"open","ping_status":"open","sticky":false,"template":"","format":"standard","meta":{"_et_pb_use_builder":"","_et_pb_old_content":"","_et_gb_content_width":"","footnotes":""},"categories":[84],"tags":[],"class_list":["post-11094","post","type-post","status-publish","format-standard","has-post-thumbnail","hentry","category-ultimomomento"],"_links":{"self":[{"href":"https:\/\/verdadincomodadiario.ar\/index.php?rest_route=\/wp\/v2\/posts\/11094","targetHints":{"allow":["GET"]}}],"collection":[{"href":"https:\/\/verdadincomodadiario.ar\/index.php?rest_route=\/wp\/v2\/posts"}],"about":[{"href":"https:\/\/verdadincomodadiario.ar\/index.php?rest_route=\/wp\/v2\/types\/post"}],"author":[{"embeddable":true,"href":"https:\/\/verdadincomodadiario.ar\/index.php?rest_route=\/wp\/v2\/users\/2"}],"replies":[{"embeddable":true,"href":"https:\/\/verdadincomodadiario.ar\/index.php?rest_route=%2Fwp%2Fv2%2Fcomments&post=11094"}],"version-history":[{"count":0,"href":"https:\/\/verdadincomodadiario.ar\/index.php?rest_route=\/wp\/v2\/posts\/11094\/revisions"}],"wp:featuredmedia":[{"embeddable":true,"href":"https:\/\/verdadincomodadiario.ar\/index.php?rest_route=\/wp\/v2\/media\/11095"}],"wp:attachment":[{"href":"https:\/\/verdadincomodadiario.ar\/index.php?rest_route=%2Fwp%2Fv2%2Fmedia&parent=11094"}],"wp:term":[{"taxonomy":"category","embeddable":true,"href":"https:\/\/verdadincomodadiario.ar\/index.php?rest_route=%2Fwp%2Fv2%2Fcategories&post=11094"},{"taxonomy":"post_tag","embeddable":true,"href":"https:\/\/verdadincomodadiario.ar\/index.php?rest_route=%2Fwp%2Fv2%2Ftags&post=11094"}],"curies":[{"name":"wp","href":"https:\/\/api.w.org\/{rel}","templated":true}]}}