{"id":11092,"date":"2025-07-16T05:34:37","date_gmt":"2025-07-16T05:34:37","guid":{"rendered":"https:\/\/verdadincomodadiario.ar\/?p=11092"},"modified":"2025-07-16T05:34:37","modified_gmt":"2025-07-16T05:34:37","slug":"aseguran-que-camila-homs-estaria-embarazada-del-principito-sosa","status":"publish","type":"post","link":"https:\/\/verdadincomodadiario.ar\/?p=11092","title":{"rendered":"Aseguran que Camila Homs estar\u00eda embarazada del Principito Sosa"},"content":{"rendered":"<p><a href=\"https:\/\/derechadiario.com.ar\/sociedad\/cami-homs-respondio-con-fuerza-las-criticas-por-usar-cochecito-para-sus-dos-hijos\" title=\"Cami Homs respondi\u00f3 con fuerza a las cr\u00edticas por usar cochecito para sus dos hijos\">Camila Homs <\/a>volvi\u00f3 a estar en el centro de la atenci\u00f3n medi\u00e1tica tras una entrevista emitida en Intrusos (Am\u00e9rica TV), donde su madre, Liliana Font\u00e1n, fue consultada sobre la relaci\u00f3n de su hija con el futbolista de Estudiantes de La Plata, <a href=\"https:\/\/derechadiario.com.ar\/sociedad\/todas-las-fotos-camila-homs-y-jose-principito-sosa-estados-unidos\" title=\"Todas las fotos de Camila Homs y Jos\u00e9 El principito Sosa en Estados Unidos\">Jos\u00e9 \u201cEl Principito\u201d Sosa.<\/a><\/p>\n<p>Aunque en un primer momento se limit\u00f3 a destacar el buen momento que atraviesa la pareja, una frase en particular encendi\u00f3 las alarmas sobre un posible embarazo.<\/p>\n<p>\u201c<strong>Est\u00e1n s\u00faper bien. Jos\u00e9, un amor<\/strong>\u201d, expres\u00f3 Font\u00e1n con una sonrisa, dejando en claro que la relaci\u00f3n entre su hija y el experimentado volante atraviesa una etapa de estabilidad.<\/p>\n<div class=\"inter_image image_horizontal\">\n<picture><source class=\"img-responsive\" type=\"image\/webp\" data-srcset=\"https:\/\/filesedc.com\/uploads\/image\/post\/2025\/07\/cami-homs-y-principito-sosajpg_300_200.webp 300w, https:\/\/filesedc.com\/uploads\/image\/post\/2025\/07\/cami-homs-y-principito-sosajpg_630_420.webp 630w, https:\/\/filesedc.com\/uploads\/image\/post\/2025\/07\/cami-homs-y-principito-sosajpg_760_507.webp 760w, https:\/\/filesedc.com\/uploads\/image\/post\/2025\/07\/cami-homs-y-principito-sosajpg_1200_800.webp 1200w, https:\/\/filesedc.com\/uploads\/image\/post\/2025\/07\/cami-homs-y-principito-sosajpg_1600_1067.webp 1600w, \"><img decoding=\"async\" src=\"https:\/\/derechadiario.com.ar\/filesedc\/uploads\/image\/post\/2025\/07\/cami-homs-y-principito-sosajpg_1200_800.webp\" class=\"img-responsive lazyload\" alt=\"Pareja posando juntos al aire libre en una fotograf\u00eda en blanco y negro\" title=\"Pareja posando juntos al aire libre en una fotograf\u00eda en blanco y negro\"><\/picture>\n<div>\n<span class=\"img_footer\">Los enamorados llevan 3 a\u00f1os de noviazgo  <\/span>| <span class=\"img_author\">La Derecha Diario<\/span>\n<\/div>\n<\/div>\n<p>Sin embargo, lo que realmente llam\u00f3 la atenci\u00f3n fue su reacci\u00f3n ante la pregunta directa sobre un eventual embarazo.<\/p>\n<aside class=\"are-you-interested-container-photo\"><\/aside>\n<p>Con cierto titubeo, respondi\u00f3: <strong>\u201cSi ellos lo deciden, estamos todos contentos<\/strong>\u201d. Lejos de negar la posibilidad, su declaraci\u00f3n abri\u00f3 la puerta a m\u00faltiples interpretaciones.<\/p>\n<p>A partir de ese momento, las especulaciones no tardaron en viralizarse. El conductor del ciclo, Adri\u00e1n Pallares, fue quien aport\u00f3 m\u00e1s le\u00f1a al fuego.<\/p>\n<figure><img decoding=\"async\" src=\"https:\/\/derechadiario.com.ar\/filesedc\/uploads\/image\/post\/2025\/07\/camihoms-1_1200_800.webp\" class=\"img-responsive lazyload\" alt=\"Una mujer joven sentada al aire libre con dos ni\u00f1os peque\u00f1os disfrutando de la luz del atardecer\" title=\"Una mujer joven sentada al aire libre con dos ni\u00f1os peque\u00f1os disfrutando de la luz del atardecer\"><\/figure>\n<p>\u201c<strong>Este rumor lo venimos escuchando hace un tiempo. Hemos tratado de confirmarlo y no lo logramos.<\/strong> Pero lo que acaba de decir la mam\u00e1 de Camila\u2026 le preguntamos si quiere ser abuela otra vez y no cerr\u00f3 la puerta\u201d, asegur\u00f3.<\/p>\n<p>En tono m\u00e1s distendido, Pallares remat\u00f3 con una frase que no pas\u00f3 desapercibida: \u00a0<strong>\u201cParece que la semillita habr\u00eda prendido\u201d.<\/strong><\/p>\n<aside class=\"whatsappChannelText\"><a href=\"https:\/\/whatsapp.com\/channel\/0029VagEjILGE56eKjedWF2U\" rel=\"nofollow\" title=\"WhatsApp Link\"><img alt=\"Logo de WhatsApp\" class=\"lazyload\" data-src=\"https:\/\/derechadiario.com.ar\/filesedc\/uploads\/other\/whatsapp_icon_mid_article.png\" width=\"32\" height=\"32\"><\/a> <a href=\"https:\/\/whatsapp.com\/channel\/0029VagEjILGE56eKjedWF2U\" rel=\"nofollow\" title=\"WhatsApp Link\"><strong>NO SE PIERDAN NINGUNA NOTICIA<\/strong>: Click aqu\u00ed para sumarte <strong>GRATIS<\/strong> al canal de noticias de <strong>La Derecha Diario en WhatsApp.<\/strong><\/a><\/aside>\n<p>El comentario gener\u00f3 revuelo en redes sociales, donde muchos usuarios comenzaron a dar por sentado que Camila Homs podr\u00eda estar esperando un hijo junto a su actual pareja.<\/p>\n<p>Hasta el momento, <strong>ni Camila ni Sosa se pronunciaron p\u00fablicamente sobre el tema<\/strong>. Fiel a su estilo, la modelo prefiere mantener bajo perfil cuando se trata de su vida privada, aunque no es la primera vez que enfrenta rumores similares desde el inicio de su noviazgo con el exfutbolista de Estudiantes.<\/p>\n<p>Este nuevo foco medi\u00e1tico se da en simult\u00e1neo con el arribo de Rodrigo De Paul \u2014expareja de Homs y padre de sus dos hijos, Francesca y Bautista\u2014 a la Argentina, donde planea pasar unos d\u00edas junto a los ni\u00f1os y su actual pareja, la cantante pop Tini Stoessel.<\/p>\n","protected":false},"excerpt":{"rendered":"<p>Camila Homs volvi\u00f3 a estar en el centro de la atenci\u00f3n medi\u00e1tica tras una entrevista emitida en Intrusos (Am\u00e9rica TV), donde su madre, Liliana Font\u00e1n, fue consultada sobre la relaci\u00f3n de su hija con el futbolista de Estudiantes de La Plata, Jos\u00e9 \u201cEl Principito\u201d Sosa. Aunque en un primer momento se limit\u00f3 a destacar el [&hellip;]<\/p>\n","protected":false},"author":2,"featured_media":11093,"comment_status":"open","ping_status":"open","sticky":false,"template":"","format":"standard","meta":{"_et_pb_use_builder":"","_et_pb_old_content":"","_et_gb_content_width":"","footnotes":""},"categories":[84],"tags":[],"class_list":["post-11092","post","type-post","status-publish","format-standard","has-post-thumbnail","hentry","category-ultimomomento"],"_links":{"self":[{"href":"https:\/\/verdadincomodadiario.ar\/index.php?rest_route=\/wp\/v2\/posts\/11092","targetHints":{"allow":["GET"]}}],"collection":[{"href":"https:\/\/verdadincomodadiario.ar\/index.php?rest_route=\/wp\/v2\/posts"}],"about":[{"href":"https:\/\/verdadincomodadiario.ar\/index.php?rest_route=\/wp\/v2\/types\/post"}],"author":[{"embeddable":true,"href":"https:\/\/verdadincomodadiario.ar\/index.php?rest_route=\/wp\/v2\/users\/2"}],"replies":[{"embeddable":true,"href":"https:\/\/verdadincomodadiario.ar\/index.php?rest_route=%2Fwp%2Fv2%2Fcomments&post=11092"}],"version-history":[{"count":0,"href":"https:\/\/verdadincomodadiario.ar\/index.php?rest_route=\/wp\/v2\/posts\/11092\/revisions"}],"wp:featuredmedia":[{"embeddable":true,"href":"https:\/\/verdadincomodadiario.ar\/index.php?rest_route=\/wp\/v2\/media\/11093"}],"wp:attachment":[{"href":"https:\/\/verdadincomodadiario.ar\/index.php?rest_route=%2Fwp%2Fv2%2Fmedia&parent=11092"}],"wp:term":[{"taxonomy":"category","embeddable":true,"href":"https:\/\/verdadincomodadiario.ar\/index.php?rest_route=%2Fwp%2Fv2%2Fcategories&post=11092"},{"taxonomy":"post_tag","embeddable":true,"href":"https:\/\/verdadincomodadiario.ar\/index.php?rest_route=%2Fwp%2Fv2%2Ftags&post=11092"}],"curies":[{"name":"wp","href":"https:\/\/api.w.org\/{rel}","templated":true}]}}