{"id":1109,"date":"2025-04-03T20:32:02","date_gmt":"2025-04-03T20:32:02","guid":{"rendered":"https:\/\/verdadincomodadiario.ar\/?p=1109"},"modified":"2025-04-03T20:32:02","modified_gmt":"2025-04-03T20:32:02","slug":"anses-confirmo-de-cuanto-sera-el-aumento-en-jubilaciones-y-pensiones-para-abril-2025","status":"publish","type":"post","link":"https:\/\/verdadincomodadiario.ar\/?p=1109","title":{"rendered":"ANSES confirm\u00f3 de cu\u00e1nto ser\u00e1 el aumento en jubilaciones y pensiones para abril 2025"},"content":{"rendered":"<p><strong>La Administraci\u00f3n Nacional de la Seguridad Social (<a href=\"https:\/\/derechadiario.com.ar\/economia\/asignaciones-suaf-anses-quienes-reciben-pago-adicional-108000-abril\" title=\"Asignaciones SUAF de ANSES: qui\u00e9nes reciben el pago adicional de $108.000 en abril\">ANSES<\/a>) anunci\u00f3 que, a partir de abril de 2025, las jubilaciones y pensiones aumentar\u00e1n un 2,4%<\/strong>, conforme a la f\u00f3rmula de movilidad vigente. Esta actualizaci\u00f3n se basa en la inflaci\u00f3n de febrero, siguiendo el \u00cdndice de Precios al Consumidor (IPC).<\/p>\n<p>Adem\u00e1s del incremento, \u00a0<strong><a href=\"https:\/\/derechadiario.com.ar\/economia\/cuando-cobro-anses-cronograma-pagos-para-lunes-31-marzo-2025\" title=\"Cu\u00e1ndo cobro ANSES: cronograma de pagos para el lunes 31 de marzo de 2025\">ANSES<\/a> continuar\u00e1 otorgando un bono extraordinario de $70.000 a los jubilados que perciben la m\u00ednima,<\/strong> mientras que quienes cobren menos de $355.792,67 recibir\u00e1n un bono proporcional para compensar la diferencia.<\/p>\n<h2><strong>Montos de las jubilaciones y pensiones en abril 2025<\/strong><\/h2>\n<p>Con el aumento del 2,4%, los nuevos valores ser\u00e1n:<\/p>\n<ul>\n<li>\n<strong>Jubilaci\u00f3n m\u00ednima:<\/strong> $285.792,67<\/li>\n<li>\n<strong>Jubilaci\u00f3n m\u00e1xima<\/strong>: $1.923.114,11<\/li>\n<li>\n<strong>Pensi\u00f3n Universal para el Adulto Mayor (PUAM)<\/strong>: $228.634,13<\/li>\n<li>\n<strong>Pensiones No Contributivas (PNC) por invalidez y vejez<\/strong>: $200.054,87<\/li>\n<\/ul>\n<div class=\"inter_image image_horizontal\">\n<picture><source class=\"img-responsive\" type=\"image\/webp\" data-srcset=\"\/filesedc\/uploads\/image\/post\/screenshot-2025-03-31-115413_300_200.webp 300w, \n\/filesedc\/uploads\/image\/post\/screenshot-2025-03-31-115413_630_420.webp 630w,\n                                \/filesedc\/uploads\/image\/post\/screenshot-2025-03-31-115413_760_507.webp 760w,\n                                \/filesedc\/uploads\/image\/post\/screenshot-2025-03-31-115413_1200_800.webp 1200w,\n                                \/filesedc\/uploads\/image\/post\/screenshot-2025-03-31-115413_1600_1067.webp 1600w\"><img decoding=\"async\" src=\"https:\/\/derechadiario.com.ar\/filesedc\/uploads\/image\/post\/screenshot-2025-03-31-115413_1200_800.webp\" class=\"img-responsive lazyload\" alt=\"Personas mayores haciendo fila frente a un edificio.\" title=\"Personas mayores haciendo fila frente a un edificio.\"><\/picture>\n<div>\n<span class=\"img_footer\">ANSES confirm\u00f3 de cu\u00e1nto ser\u00e1 el aumento en jubilaciones y pensiones para abril 2025 <\/span>| <span class=\"img_author\">La Derecha Diario<\/span>\n<\/div>\n<\/div>\n<h2><strong>\u00bfCu\u00e1nto cobrar\u00e1 un jubilado con la m\u00ednima en abril?<\/strong><\/h2>\n<p>Los beneficiarios de la jubilaci\u00f3n m\u00ednima recibir\u00e1n un total de $355.820,63, sumando el haber de $285.820,63 y el bono extraordinario de $70.000.<\/p>\n<aside class=\"are-you-interested-container-photo\"><\/aside>\n<h2><strong>Escala del bono ANSES en abril 2025<\/strong><\/h2>\n<p>El bono se ajustar\u00e1 de acuerdo con el monto del haber:<\/p>\n<ul>\n<li>$285.820 \u2192 Bono de $70.000<\/li>\n<li>$295.820 \u2192 Bono de $60.000<\/li>\n<li>$305.820 \u2192 Bono de $50.000<\/li>\n<li>$315.820 \u2192 Bono de $40.000<\/li>\n<li>$325.820 \u2192 Bono de $30.000<\/li>\n<li>$335.820 \u2192 Bono de $20.000<\/li>\n<li>$345.820 \u2192 Bono de $10.000<\/li>\n<\/ul>\n<h2><strong>Calendario de pagos de ANSES en abril 2025<\/strong><\/h2>\n<figure><img decoding=\"async\" src=\"https:\/\/derechadiario.com.ar\/filesedc\/uploads\/image\/post\/screenshot-2025-03-31-115323_1200_800.webp\" class=\"img-responsive lazyload\" alt=\"Una mujer mayor sonr\u00ede mientras abraza a dos ni\u00f1os frente a un edificio con el letrero de ANSES.\" title=\"Una mujer mayor sonr\u00ede mientras abraza a dos ni\u00f1os frente a un edificio con el letrero de ANSES.\"><\/figure>\n<p><strong>Jubilados y pensionados con haber m\u00ednimo<\/strong><\/p>\n<ul>\n<li>9 de abril: DNI terminados en 0<\/li>\n<li>10 de abril: DNI terminados en 1<\/li>\n<li>11 de abril: DNI terminados en 2<\/li>\n<li>14 de abril: DNI terminados en 3<\/li>\n<li>15 de abril: DNI terminados en 4 y 5<\/li>\n<li>16 de abril: DNI terminados en 6<\/li>\n<li>21 de abril: DNI terminados en 7<\/li>\n<li>22 de abril: DNI terminados en 8<\/li>\n<li>23 de abril: DNI terminados en 9<\/li>\n<\/ul>\n<aside class=\"whatsappChannelText\"><a href=\"https:\/\/whatsapp.com\/channel\/0029VagEjILGE56eKjedWF2U\" rel=\"nofollow\" title=\"WhatsApp Link\"><img alt=\"Logo de WhatsApp\" class=\"lazyload\" data-src=\"https:\/\/derechadiario.com.ar\/filesedc\/uploads\/other\/whatsapp_icon_mid_article.png\" width=\"32\" height=\"32\"><\/a> <a href=\"https:\/\/whatsapp.com\/channel\/0029VagEjILGE56eKjedWF2U\" rel=\"nofollow\" title=\"WhatsApp Link\"><strong>NO SE PIERDAN NINGUNA NOTICIA<\/strong>: Click aqu\u00ed para sumarte <strong>GRATIS<\/strong> al canal de noticias de <strong>La Derecha Diario en WhatsApp.<\/strong><\/a><\/aside>\n<p><strong>Jubilados y pensionados con haberes superiores a la m\u00ednima<\/strong><\/p>\n<ul>\n<li>24 de abril: DNI terminados en 0 y 1<\/li>\n<li>25 de abril: DNI terminados en 2 y 3<\/li>\n<li>28 de abril: DNI terminados en 4 y 5<\/li>\n<li>29 de abril: DNI terminados en 6 y 7<\/li>\n<li>30 de abril: DNI terminados en 8 y 9<\/li>\n<\/ul>\n","protected":false},"excerpt":{"rendered":"<p>La Administraci\u00f3n Nacional de la Seguridad Social (ANSES) anunci\u00f3 que, a partir de abril de 2025, las jubilaciones y pensiones aumentar\u00e1n un 2,4%, conforme a la f\u00f3rmula de movilidad vigente. Esta actualizaci\u00f3n se basa en la inflaci\u00f3n de febrero, siguiendo el \u00cdndice de Precios al Consumidor (IPC). Adem\u00e1s del incremento, \u00a0ANSES continuar\u00e1 otorgando un bono [&hellip;]<\/p>\n","protected":false},"author":2,"featured_media":1110,"comment_status":"open","ping_status":"open","sticky":false,"template":"","format":"standard","meta":{"_et_pb_use_builder":"","_et_pb_old_content":"","_et_gb_content_width":"","footnotes":""},"categories":[80],"tags":[],"class_list":["post-1109","post","type-post","status-publish","format-standard","has-post-thumbnail","hentry","category-economia-2"],"_links":{"self":[{"href":"https:\/\/verdadincomodadiario.ar\/index.php?rest_route=\/wp\/v2\/posts\/1109","targetHints":{"allow":["GET"]}}],"collection":[{"href":"https:\/\/verdadincomodadiario.ar\/index.php?rest_route=\/wp\/v2\/posts"}],"about":[{"href":"https:\/\/verdadincomodadiario.ar\/index.php?rest_route=\/wp\/v2\/types\/post"}],"author":[{"embeddable":true,"href":"https:\/\/verdadincomodadiario.ar\/index.php?rest_route=\/wp\/v2\/users\/2"}],"replies":[{"embeddable":true,"href":"https:\/\/verdadincomodadiario.ar\/index.php?rest_route=%2Fwp%2Fv2%2Fcomments&post=1109"}],"version-history":[{"count":0,"href":"https:\/\/verdadincomodadiario.ar\/index.php?rest_route=\/wp\/v2\/posts\/1109\/revisions"}],"wp:featuredmedia":[{"embeddable":true,"href":"https:\/\/verdadincomodadiario.ar\/index.php?rest_route=\/wp\/v2\/media\/1110"}],"wp:attachment":[{"href":"https:\/\/verdadincomodadiario.ar\/index.php?rest_route=%2Fwp%2Fv2%2Fmedia&parent=1109"}],"wp:term":[{"taxonomy":"category","embeddable":true,"href":"https:\/\/verdadincomodadiario.ar\/index.php?rest_route=%2Fwp%2Fv2%2Fcategories&post=1109"},{"taxonomy":"post_tag","embeddable":true,"href":"https:\/\/verdadincomodadiario.ar\/index.php?rest_route=%2Fwp%2Fv2%2Ftags&post=1109"}],"curies":[{"name":"wp","href":"https:\/\/api.w.org\/{rel}","templated":true}]}}