{"id":11088,"date":"2025-07-16T03:25:36","date_gmt":"2025-07-16T03:25:36","guid":{"rendered":"https:\/\/verdadincomodadiario.ar\/?p=11088"},"modified":"2025-07-16T03:25:36","modified_gmt":"2025-07-16T03:25:36","slug":"denunciaron-a-la-terrorista-ruth-nina-civicos-le-pidieron-entregarse-a-la-justicia","status":"publish","type":"post","link":"https:\/\/verdadincomodadiario.ar\/?p=11088","title":{"rendered":"Denunciaron a la terrorista Ruth Nina: C\u00edvicos le pidieron entregarse a la Justicia"},"content":{"rendered":"<p>La dirigente de <a href=\"https:\/\/derechadiario.com.ar\/bolivia\/politica\/ruth-nina-indico-que-impedir-que-evo-morales-sea-candidato-declarar-guerra\" title=\"Ruth Nina indic\u00f3 que impedir que Evo Morales sea candidato es declarar la guerra\">PAN-BOL, Ruth Nina<\/a> se encuentra en el centro de una pol\u00e9mica nacional tras amenazar al TSE indicando que en las pr\u00f3ximas elecciones <a href=\"https:\/\/derechadiario.com.ar\/bolivia\/politica\/ruth-nina-anticipo-bano-sangre-tse-solo-contar-muertos\" title=\"Ruth Nina anticip\u00f3 un ba\u00f1o de sangre: El TSE solo 'va a contar muertos'\">no se contar\u00e1n votos, sino muertos<\/a>. Estas declaraciones, realizadas durante un acto en el Chapare, generaron rechazo desde diversos frentes pol\u00edticos y sociales.<\/p>\n<p>La diputada Luisa Nayar present\u00f3 una denuncia formal contra Nina por instigaci\u00f3n p\u00fablica a delinquir. Adem\u00e1s, <strong>acus\u00f3 a la exl\u00edder de PAN-Bol de promover el odio y atentar contra el orden democr\u00e1tico<\/strong>. Nayar pidi\u00f3 que el Ministerio P\u00fablico y el TSE act\u00faen de inmediato.<\/p>\n<p>El cruce verbal m\u00e1s tenso se produjo entre Nina y Agust\u00edn Zambrana, del Comit\u00e9 Pro Santa Cruz. <strong>Zambrana le exigi\u00f3 entregarse y dijo que ser\u00eda perseguida por la ley<\/strong>. Nina respondi\u00f3 con insultos y lo calific\u00f3 como un \u201cpol\u00edtico fracasado\u201d.<\/p>\n<p>En sus palabras, Nina asegur\u00f3 que no tener miedo y que representa a sectores sociales dispuestos a morir por su causa. El intercambio se volvi\u00f3 viral y aument\u00f3 la presi\u00f3n sobre las autoridades.<\/p>\n<h2>Nina cometi\u00f3 tres delitos<\/h2>\n<div class=\"inter_image image_horizontal\">\n<picture><source class=\"img-responsive\" type=\"image\/webp\" data-srcset=\"https:\/\/filesedc.com\/uploads\/image\/post\/2025\/07\/whatsapp-image-2025-07-14-at-111934-am_300_200.webp 300w, https:\/\/filesedc.com\/uploads\/image\/post\/2025\/07\/whatsapp-image-2025-07-14-at-111934-am_630_420.webp 630w, https:\/\/filesedc.com\/uploads\/image\/post\/2025\/07\/whatsapp-image-2025-07-14-at-111934-am_760_507.webp 760w, https:\/\/filesedc.com\/uploads\/image\/post\/2025\/07\/whatsapp-image-2025-07-14-at-111934-am_1200_800.webp 1200w, https:\/\/filesedc.com\/uploads\/image\/post\/2025\/07\/whatsapp-image-2025-07-14-at-111934-am_1600_1067.webp 1600w, \"><img decoding=\"async\" src=\"https:\/\/derechadiario.com.ar\/filesedc\/uploads\/image\/post\/2025\/07\/whatsapp-image-2025-07-14-at-111934-am_1200_800.webp\" class=\"img-responsive lazyload\" alt=\"Una mujer da declaraciones a varios medios de comunicaci\u00f3n mientras un hombre sostiene un documento a su lado y varias personas le acercan micr\u00f3fonos.\" title=\"Una mujer da declaraciones a varios medios de comunicaci\u00f3n mientras un hombre sostiene un documento a su lado y varias personas le acercan micr\u00f3fonos.\"><\/picture>\n<div>\n<span class=\"img_footer\">La diputada Luisa Nayar present\u00f3 una denuncia formal <\/span>| <span class=\"img_author\">La Derecha Diario<\/span>\n<\/div>\n<\/div>\n<p>Desde el Gobierno, el ministro Roberto R\u00edos identific\u00f3 tres delitos cometidos por Nina. Mencion\u00f3 <strong>instigaci\u00f3n p\u00fablica a delinquir, delitos electorales y terrorismo<\/strong>. R\u00edos pidi\u00f3 al Ministerio P\u00fablico y al TSE que act\u00faen de forma coordinada.<\/p>\n<p>Adem\u00e1s, se\u00f1al\u00f3 que estas amenazas no pueden ser toleradas en un Estado democr\u00e1tico. Advirti\u00f3 que se debe sentar precedente para evitar futuras amenazas.<\/p>\n<p>Organizaciones pol\u00edticas como Comunidad Ciudadana y S\u00famate tambi\u00e9n se pronunciaron. El diputado Alberto Astorga tild\u00f3 a Nina de <strong>\u201calcahuete de Evo\u201d<\/strong> y pidi\u00f3 su aprehensi\u00f3n inmediata.<\/p>\n<p>\u00a0Seg\u00fan Astorga, las amenazas tienen como objetivo desestabilizar las elecciones. Por su parte, S\u00famate pidi\u00f3 que la Fiscal\u00eda act\u00fae de oficio. Ernesto Giraldes consider\u00f3 que Nina debi\u00f3 ser detenida hace d\u00edas.<\/p>\n<p>El vocal Gustavo \u00c1vila, del TSE, tambi\u00e9n reaccion\u00f3 a las amenazas. <strong>Ratific\u00f3 que el proceso electoral se mantiene intacto<\/strong>. Pidi\u00f3 a las autoridades competentes hacer seguimiento de este caso.<\/p>\n<p>Asimismo, asegur\u00f3 que el voto est\u00e1 garantizado y que el 17 de agosto las urnas se abrir\u00e1n con normalidad. El TSE rechaz\u00f3 cualquier intento de infundir miedo en la poblaci\u00f3n.<\/p>\n<h2>Ratific\u00f3 su amenaza y ret\u00f3 a la Justicia<\/h2>\n<figure><img decoding=\"async\" src=\"https:\/\/derechadiario.com.ar\/filesedc\/uploads\/image\/post\/2025\/07\/u-ruth-nina-foto-anf-1748392041_1200_800.webp\" class=\"img-responsive lazyload\" alt=\"Mujer con gorra y chaqueta roja en una manifestaci\u00f3n rodeada de personas en la calle\" title=\"Mujer con gorra y chaqueta roja en una manifestaci\u00f3n rodeada de personas en la calle\"><\/figure>\n<p>En una entrevista, Nina afirm\u00f3 que no se retracta de sus palabras. Dijo que su mensaje es el reflejo del sentimiento de las organizaciones sociales. Seg\u00fan ella, sus declaraciones fueron malinterpretadas con fines pol\u00edticos.<\/p>\n<p>Adem\u00e1s, asegur\u00f3 que solo quiso expresar que el pueblo est\u00e1 dispuesto a luchar por sus derechos. Cuestion\u00f3 que sus bases campesinas no hayan sido escuchadas por el Estado.<\/p>\n<p>Nina denunci\u00f3 adem\u00e1s que \u00a0<strong>el TCP revirti\u00f3 un amparo que le permit\u00eda participar en las elecciones<\/strong>. PAN-Bol fue eliminado por no alcanzar el 3% en los anteriores comicios. La exl\u00edder cuestion\u00f3 que se haya anulado su personer\u00eda jur\u00eddica.<\/p>\n<p>Tambi\u00e9n, se\u00f1al\u00f3 que este hecho motiv\u00f3 la indignaci\u00f3n de sus seguidores. Indic\u00f3 que su alianza con Evo Morales busca restituir sus derechos pol\u00edticos.<\/p>\n<p>Frente a las cr\u00edticas, Nina dijo que est\u00e1 dispuesta a ir a la c\u00e1rcel si eso significa defender al pueblo. Asegur\u00f3 que lo har\u00eda con honor y sin temor. Consider\u00f3 que su encarcelamiento podr\u00eda beneficiar a sus adversarios.<\/p>\n<p>Posteriormente, Nina lanz\u00f3 un reto a sus detractores pol\u00edticos para que \u201cse la jueguen\u201d con su detenci\u00f3n. Dijo que su causa tiene respaldo en las bases ind\u00edgenas.<\/p>\n<h2>Piden que se arreste a Nina<\/h2>\n<figure><img decoding=\"async\" src=\"https:\/\/derechadiario.com.ar\/filesedc\/uploads\/image\/post\/2025\/07\/473120586-622330040494763-2348362768157330202-n-1752620270449_1200_800.webp\" class=\"img-responsive lazyload\" alt=\"Hombre de traje azul hablando en una conferencia de prensa con un micr\u00f3fono frente a \u00e9l y una botella de agua sobre la mesa\" title=\"Hombre de traje azul hablando en una conferencia de prensa con un micr\u00f3fono frente a \u00e9l y una botella de agua sobre la mesa\"><\/figure>\n<p>El abogado Otto Ritter, que acompa\u00f1\u00f3 a Nayar, explic\u00f3 los fundamentos legales de la denuncia. Se\u00f1al\u00f3 que \u00a0<strong>Nina vulner\u00f3 el art\u00edculo 238 de la Ley del R\u00e9gimen Electoral<\/strong>. Este art\u00edculo castiga la coacci\u00f3n y la obstaculizaci\u00f3n del proceso electoral.<\/p>\n<p>Ritter advirti\u00f3 que si no se act\u00faa ahora, se abrir\u00e1 la puerta a m\u00e1s violencia. Exigi\u00f3 que se aplique la ley con firmeza.<\/p>\n<p>El Ministerio de Gobierno reiter\u00f3 su preocupaci\u00f3n por la escalada verbal que generan figuras como Nina. Recordaron que el pa\u00eds necesita paz y certidumbre en el camino electoral. El uso de discursos violentos podr\u00eda desatar conflictos innecesarios.<\/p>\n<p>La viceministra Gabriela Alc\u00f3n llam\u00f3 a la reflexi\u00f3n a todos los actores pol\u00edticos. Dijo que el Gobierno no respalda ese tipo de amenazas.<\/p>\n<p><strong>C\u00edvicos cruce\u00f1os exigieron que Nina se entregue a la Justicia<\/strong>. Consideraron que su discurso configura terrorismo electoral.<\/p>\n<p>Asimismo, alertaron que estas frases pueden tener consecuencias irreparables. Insistieron en que el sistema de justicia debe actuar sin demora.<\/p>\n","protected":false},"excerpt":{"rendered":"<p>La dirigente de PAN-BOL, Ruth Nina se encuentra en el centro de una pol\u00e9mica nacional tras amenazar al TSE indicando que en las pr\u00f3ximas elecciones no se contar\u00e1n votos, sino muertos. Estas declaraciones, realizadas durante un acto en el Chapare, generaron rechazo desde diversos frentes pol\u00edticos y sociales. La diputada Luisa Nayar present\u00f3 una denuncia [&hellip;]<\/p>\n","protected":false},"author":2,"featured_media":11089,"comment_status":"open","ping_status":"open","sticky":false,"template":"","format":"standard","meta":{"_et_pb_use_builder":"","_et_pb_old_content":"","_et_gb_content_width":"","footnotes":""},"categories":[84],"tags":[],"class_list":["post-11088","post","type-post","status-publish","format-standard","has-post-thumbnail","hentry","category-ultimomomento"],"_links":{"self":[{"href":"https:\/\/verdadincomodadiario.ar\/index.php?rest_route=\/wp\/v2\/posts\/11088","targetHints":{"allow":["GET"]}}],"collection":[{"href":"https:\/\/verdadincomodadiario.ar\/index.php?rest_route=\/wp\/v2\/posts"}],"about":[{"href":"https:\/\/verdadincomodadiario.ar\/index.php?rest_route=\/wp\/v2\/types\/post"}],"author":[{"embeddable":true,"href":"https:\/\/verdadincomodadiario.ar\/index.php?rest_route=\/wp\/v2\/users\/2"}],"replies":[{"embeddable":true,"href":"https:\/\/verdadincomodadiario.ar\/index.php?rest_route=%2Fwp%2Fv2%2Fcomments&post=11088"}],"version-history":[{"count":0,"href":"https:\/\/verdadincomodadiario.ar\/index.php?rest_route=\/wp\/v2\/posts\/11088\/revisions"}],"wp:featuredmedia":[{"embeddable":true,"href":"https:\/\/verdadincomodadiario.ar\/index.php?rest_route=\/wp\/v2\/media\/11089"}],"wp:attachment":[{"href":"https:\/\/verdadincomodadiario.ar\/index.php?rest_route=%2Fwp%2Fv2%2Fmedia&parent=11088"}],"wp:term":[{"taxonomy":"category","embeddable":true,"href":"https:\/\/verdadincomodadiario.ar\/index.php?rest_route=%2Fwp%2Fv2%2Fcategories&post=11088"},{"taxonomy":"post_tag","embeddable":true,"href":"https:\/\/verdadincomodadiario.ar\/index.php?rest_route=%2Fwp%2Fv2%2Ftags&post=11088"}],"curies":[{"name":"wp","href":"https:\/\/api.w.org\/{rel}","templated":true}]}}