{"id":11078,"date":"2025-07-15T22:28:36","date_gmt":"2025-07-15T22:28:36","guid":{"rendered":"https:\/\/verdadincomodadiario.ar\/?p=11078"},"modified":"2025-07-15T22:28:36","modified_gmt":"2025-07-15T22:28:36","slug":"el-gobierno-acuso-al-exdictador-evo-morales-de-obligar-a-los-campesinos-a-protegerlo","status":"publish","type":"post","link":"https:\/\/verdadincomodadiario.ar\/?p=11078","title":{"rendered":"El Gobierno acus\u00f3 al exdictador Evo Morales de obligar a los campesinos a protegerlo"},"content":{"rendered":"<p>El ministro de Gobierno, Roberto R\u00edos, acus\u00f3 al <a href=\"https:\/\/derechadiario.com.ar\/bolivia\/politica\/evo-morales-acuso-familia-arce-sobornar-al-tcp-para-impedir-su-candidatura\" title=\"El ped\u00f3filo Evo Morales indic\u00f3 que la familia de Arce soborn\u00f3 al TCP para proscribirlo\">exdictador Evo Morales de utilizar a los campesinos<\/a> del Tr\u00f3pico de Cochabamba como escudos humanos. Seg\u00fan R\u00edos, Morales <strong>habr\u00eda obligado a sus bases a formar parte de un <a href=\"https:\/\/derechadiario.com.ar\/bolivia\/politica\/guarida-del-lobo-reportaje-brasileno-se-adentro-fortin-evo-morales\" title=\"La guarida del lobo: un reportaje brasile\u00f1o se adentr\u00f3 en el fort\u00edn de Evo Morales\">esquema de vigilancia permanente<\/a><\/strong>.<\/p>\n<p>La orden de aprehensi\u00f3n en su contra por un caso de trata de personas sigue vigente desde octubre de 2024. Por ello, <strong>el cocalero no ha salido de Lauca \u00d1, donde permanece resguardado por sus seguidores<\/strong>. Varios dirigentes denunciaron presiones, amenazas y sanciones econ\u00f3micas para mantener esa protecci\u00f3n.<\/p>\n<p>R\u00edos afirm\u00f3 que los <a href=\"https:\/\/derechadiario.com.ar\/bolivia\/politica\/cinico-evo-morales-reconocio-que-masismo-solo-se-aprovecho-los-indigenas\" title=\"C\u00ednico: Evo Morales reconoci\u00f3 que el masismo solo se aprovech\u00f3 de los ind\u00edgenas\">comunarios fueron forzados a sumarse a las vigilias bajo amenaza de perder tierras y parcelas<\/a>. Adem\u00e1s, quienes no acuden deben pagar multas elevadas impuestas por el entorno de Morales.<\/p>\n<p>Las condiciones de quienes vigilan son precarias y <strong>se exponen a la intemperie, sin apoyo institucional<\/strong>. En cambio, Morales goza de todos los servicios y comodidad dentro de su residencia. Esta situaci\u00f3n ha generado malestar creciente en el sector cocalero.<\/p>\n<p>Dirigentes que antes apoyaban al exmandatario han comenzado a cuestionar su permanencia en la regi\u00f3n. R\u00edos revel\u00f3 que varios de ellos eval\u00faan solicitar su salida del Tr\u00f3pico de Cochabamba.<\/p>\n<p><strong>Alegan perjuicio econ\u00f3mico, desgaste f\u00edsico y abandono de actividades productivas<\/strong>. Morales ha convertido el lugar en un basti\u00f3n defensivo mientras promueve su candidatura inhabilitada. Las tensiones internas aumentan d\u00eda a d\u00eda, seg\u00fan reportes del propio Gobierno.<\/p>\n<p>Los anillos de seguridad establecidos alrededor del sindicado por pedofilia est\u00e1n compuestos por comunarios con escudos y lanzas artesanales. Estas personas <strong>tambi\u00e9n han creado barreras con estacas y promontorios de tierra<\/strong>. Se reportaron torres de vigilancia y puntos de control construidos por los mismos pobladores.<\/p>\n<p>A pesar del temor a represalias, muchos comienzan a denunciar los abusos cometidos. \u201cYa no quieren seguir siendo usados como muro humano\u201d, afirm\u00f3 R\u00edos en conferencia de prensa.<\/p>\n<h2>El fort\u00edn del exdictador<\/h2>\n<div class=\"inter_image image_horizontal\">\n<picture><source class=\"img-responsive\" type=\"image\/webp\" data-srcset=\"https:\/\/filesedc.com\/uploads\/image\/post\/2025\/07\/seguridad-1_300_200.webp 300w, https:\/\/filesedc.com\/uploads\/image\/post\/2025\/07\/seguridad-1_630_420.webp 630w, https:\/\/filesedc.com\/uploads\/image\/post\/2025\/07\/seguridad-1_760_507.webp 760w, https:\/\/filesedc.com\/uploads\/image\/post\/2025\/07\/seguridad-1_1200_800.webp 1200w, https:\/\/filesedc.com\/uploads\/image\/post\/2025\/07\/seguridad-1_1600_1067.webp 1600w, \"><img decoding=\"async\" src=\"https:\/\/derechadiario.com.ar\/filesedc\/uploads\/image\/post\/2025\/07\/seguridad-1_1200_800.webp\" class=\"img-responsive lazyload\" alt=\"Un grupo de personas con lanzas y escudos hechos de barriles met\u00e1licos posan frente a una estructura de madera y techo de palma con un cartel que dice Cuartel General Lauca \u00d1 Estado Mayor del Pueblo\" title=\"Un grupo de personas con lanzas y escudos hechos de barriles met\u00e1licos posan frente a una estructura de madera y techo de palma con un cartel que dice Cuartel General Lauca \u00d1 Estado Mayor del Pueblo\"><\/picture>\n<div>\n<span class=\"img_footer\">La polic\u00eda se retir\u00f3 del tr\u00f3pico ante amenazas  <\/span>| <span class=\"img_author\">La Derecha Diario<\/span>\n<\/div>\n<\/div>\n<p>La zona del Tr\u00f3pico <strong>contin\u00faa sin presencia policial desde los bloqueos del pasado junio<\/strong>. Las fuerzas del orden se replegaron por amenazas de toma de instituciones estatales. Esta ausencia permiti\u00f3 que <strong>Morales consolide un control territorial sin oposici\u00f3n<\/strong>.<\/p>\n<p>El Ejecutivo considera urgente restablecer la institucionalidad en esa regi\u00f3n. La seguridad para las elecciones est\u00e1 en riesgo si no se act\u00faa a tiempo, advirti\u00f3 el ministro.<\/p>\n<p>R\u00edos indic\u00f3 que ya se activaron mecanismos para coordinar con el \u00d3rgano Electoral. El objetivo es garantizar que los comicios del 17 de agosto se desarrollen con normalidad. El Gobierno insiste en que ning\u00fan candidato puede estar por encima de la ley.<\/p>\n<p>Morales, pese a las denuncias en su contra, insiste en presentarse como postulante. Esta postura ha agravado el conflicto con las autoridades nacionales.<\/p>\n<p>El caso judicial que enfrenta<a href=\"https:\/\/derechadiario.com.ar\/bolivia\/politica\/abominable-justicia-masista-anulo-orden-captura-contra-pedofilo-evo-morales\" title=\"Abominable: Justicia masista anul\u00f3 la orden de captura contra el ped\u00f3filo Evo Morales\"> Evo Morales es por trata de personas con agravante<\/a>. Se lo acusa de<a href=\"https:\/\/derechadiario.com.ar\/bolivia\/politica\/evo-morales-ha-embarazado-varias-ninas-del-castillo-aseguro-tener-pruebas\" title=\"Evo Morales 'ha embarazado a varias ni\u00f1as': Del Castillo asegur\u00f3 tener pruebas\"> haber engendrado un hijo con una menor de edad mientras ejerc\u00eda la presidencia<\/a>. Aunque \u00e9l lo niega, las pruebas siguen bajo an\u00e1lisis del Ministerio P\u00fablico.<\/p>\n<p>La Fiscal\u00eda de Tarija lleva adelante la investigaci\u00f3n desde el a\u00f1o pasado. La orden de aprehensi\u00f3n fue emitida tras una serie de declaraciones y documentos clave.<\/p>\n<h2>Mercenarios extranjeros resguardan a Evo<\/h2>\n<figure><img decoding=\"async\" src=\"https:\/\/derechadiario.com.ar\/filesedc\/uploads\/image\/post\/2025\/07\/roberto-rios-1068x712-1-990x660_1200_800.webp\" class=\"img-responsive lazyload\" alt=\"Hombre de traje hablando en un podio con micr\u00f3fonos mientras otra persona est\u00e1 sentada en primer plano y se observan banderas al fondo\" title=\"Hombre de traje hablando en un podio con micr\u00f3fonos mientras otra persona est\u00e1 sentada en primer plano y se observan banderas al fondo\"><\/figure>\n<p>Ahora bien, adem\u00e1s de los campesinos, el Gobierno revel\u00f3 que <strong>Morales estar\u00eda protegido por personas extranjeras armadas<\/strong>. R\u00edos se\u00f1al\u00f3 que este grupo forma el primer anillo de seguridad en Lauca \u00d1.<\/p>\n<p>Se tratar\u00eda de individuos cuya nacionalidad no fue revelada por razones de confidencialidad. Seg\u00fan la informaci\u00f3n recibida por el Ministerio, estar\u00edan \u00a0<strong>\u201caltamente armados\u201d<\/strong>. La presencia de este grupo genera preocupaci\u00f3n por su posible car\u00e1cter paramilitar.<\/p>\n<p>El segundo anillo est\u00e1 conformado por dirigentes radicales del entorno m\u00e1s cercano de Morales. Estos seguidores han manifestado estar dispuestos a \u201centregar su vida\u201d por el exmandatario.<\/p>\n<p>Esta estructura act\u00faa como escudo humano para impedir cualquier intento de captura. El Gobierno considera que este tipo de protecci\u00f3n va m\u00e1s all\u00e1 de lo pol\u00edtico. Se tratar\u00eda de una estrategia organizada para burlar la acci\u00f3n judicial.<\/p>\n<p>Seg\u00fan R\u00edos, esta informaci\u00f3n fue proporcionada por dirigentes \u201cpatriotas\u201d del Tr\u00f3pico de Cochabamba. Estas personas han comenzado a romper el silencio por el malestar que sienten.<\/p>\n<p>Denuncian que la presencia de los extranjeros armados altera la paz local. Tambi\u00e9n afirman que <strong>temen por la seguridad de sus familias si el conflicto escala<\/strong>. El Gobierno considera que estas revelaciones son fundamentales para recuperar el control institucional.<\/p>\n<h2>Amenazas de impedir las elecciones\u00a0<\/h2>\n<figure><img decoding=\"async\" src=\"https:\/\/derechadiario.com.ar\/filesedc\/uploads\/image\/post\/2025\/07\/0476881e81cb4c23e2b617e00404a9b0cdf64cd3w-1024x683_1200_800.webp\" class=\"img-responsive lazyload\" alt=\"Hombre de cabello oscuro y camiseta de rayas grises extendiendo la mano en una oficina con fondo de madera y banderas detr\u00e1s\" title=\"Hombre de cabello oscuro y camiseta de rayas grises extendiendo la mano en una oficina con fondo de madera y banderas detr\u00e1s\"><\/figure>\n<p>Las amenazas de grupos afines a Morales dificultan el ingreso de instituciones estatales. El Ejecutivo asegura que retomar\u00e1 el control del \u00e1rea de manera progresiva. La presencia de extranjeros armados representa un riesgo adicional.<\/p>\n<p>Morales, en tanto, contin\u00faa desde el Tr\u00f3pico impulsando su inconstitucional\u00a0candidatura. Pese a estar inhabilitado, insiste en que ser\u00e1 parte de las elecciones del 17 de agosto. Sus seguidores han presionado al \u00d3rgano Electoral con movilizaciones desde esa regi\u00f3n.<\/p>\n<p>El Gobierno teme que estos grupos intenten interferir con el desarrollo de los comicios. Por eso, ha reiterado que se tomar\u00e1n todas las medidas necesarias para garantizar la seguridad.<\/p>\n<p>La situaci\u00f3n de Evo Morales se complica con cada nueva denuncia. Las acusaciones de coerci\u00f3n a campesinos y la presencia de extranjeros armados han encendido nuevamente las alarmas.<\/p>\n","protected":false},"excerpt":{"rendered":"<p>El ministro de Gobierno, Roberto R\u00edos, acus\u00f3 al exdictador Evo Morales de utilizar a los campesinos del Tr\u00f3pico de Cochabamba como escudos humanos. Seg\u00fan R\u00edos, Morales habr\u00eda obligado a sus bases a formar parte de un esquema de vigilancia permanente. La orden de aprehensi\u00f3n en su contra por un caso de trata de personas sigue [&hellip;]<\/p>\n","protected":false},"author":2,"featured_media":11079,"comment_status":"open","ping_status":"open","sticky":false,"template":"","format":"standard","meta":{"_et_pb_use_builder":"","_et_pb_old_content":"","_et_gb_content_width":"","footnotes":""},"categories":[84],"tags":[],"class_list":["post-11078","post","type-post","status-publish","format-standard","has-post-thumbnail","hentry","category-ultimomomento"],"_links":{"self":[{"href":"https:\/\/verdadincomodadiario.ar\/index.php?rest_route=\/wp\/v2\/posts\/11078","targetHints":{"allow":["GET"]}}],"collection":[{"href":"https:\/\/verdadincomodadiario.ar\/index.php?rest_route=\/wp\/v2\/posts"}],"about":[{"href":"https:\/\/verdadincomodadiario.ar\/index.php?rest_route=\/wp\/v2\/types\/post"}],"author":[{"embeddable":true,"href":"https:\/\/verdadincomodadiario.ar\/index.php?rest_route=\/wp\/v2\/users\/2"}],"replies":[{"embeddable":true,"href":"https:\/\/verdadincomodadiario.ar\/index.php?rest_route=%2Fwp%2Fv2%2Fcomments&post=11078"}],"version-history":[{"count":0,"href":"https:\/\/verdadincomodadiario.ar\/index.php?rest_route=\/wp\/v2\/posts\/11078\/revisions"}],"wp:featuredmedia":[{"embeddable":true,"href":"https:\/\/verdadincomodadiario.ar\/index.php?rest_route=\/wp\/v2\/media\/11079"}],"wp:attachment":[{"href":"https:\/\/verdadincomodadiario.ar\/index.php?rest_route=%2Fwp%2Fv2%2Fmedia&parent=11078"}],"wp:term":[{"taxonomy":"category","embeddable":true,"href":"https:\/\/verdadincomodadiario.ar\/index.php?rest_route=%2Fwp%2Fv2%2Fcategories&post=11078"},{"taxonomy":"post_tag","embeddable":true,"href":"https:\/\/verdadincomodadiario.ar\/index.php?rest_route=%2Fwp%2Fv2%2Ftags&post=11078"}],"curies":[{"name":"wp","href":"https:\/\/api.w.org\/{rel}","templated":true}]}}