{"id":11076,"date":"2025-07-15T22:28:37","date_gmt":"2025-07-15T22:28:37","guid":{"rendered":"https:\/\/verdadincomodadiario.ar\/?p=11076"},"modified":"2025-07-15T22:28:37","modified_gmt":"2025-07-15T22:28:37","slug":"cordoba-otro-naranjita-violento-golpeo-con-un-cajon-a-un-conductor-tras-una-discusion","status":"publish","type":"post","link":"https:\/\/verdadincomodadiario.ar\/?p=11076","title":{"rendered":"C\u00f3rdoba: otro naranjita violento golpe\u00f3 con un caj\u00f3n a un conductor tras una discusi\u00f3n"},"content":{"rendered":"<p>Un cuida coches agredi\u00f3 a un conductor este lunes por la noche en pleno centro de C\u00f3rdoba. El hecho ocurri\u00f3 en la calle Balcarce al 241. Todo comenz\u00f3 por una discusi\u00f3n por un lugar para estacionar.<\/p>\n<p><strong>La v\u00edctima, un hombre de 37 a\u00f1os, intentaba dejar su veh\u00edculo a una cuadra del sitio del incidente.<\/strong> All\u00ed fue interceptado por un joven de 27 a\u00f1os, que se present\u00f3 como <strong>naranjita<\/strong>. <strong>El agresor lo increp\u00f3 con violencia y le exigi\u00f3 que se retire del lugar.<\/strong><\/p>\n<p>Ante la negativa del automovilista, se produjo un intercambio verbal que escal\u00f3 r\u00e1pidamente. El conductor baj\u00f3 de su veh\u00edculo y discuti\u00f3 con el agresor. En ese momento, <strong>el <a href=\"https:\/\/derechadiario.com.ar\/sociedad\/inseguridad-cordoba-naranjita-delincuente-roba-los-locales-pleno-centro\" title=\"Inseguridad en C\u00f3rdoba: un naranjita delincuente roba en los locales de pleno centro\">naranjita<\/a> lo golpe\u00f3 con un caj\u00f3n de madera en la cabeza.<\/strong><\/p>\n<div class=\"text-center\">\n<h3 class=\"dailyMotionTitle\">C\u00f3rdoba: otro naranjita violento golpe\u00f3 con un caj\u00f3n a un conductor tras una discusi\u00f3n<\/h3>\n<aside>\n<figure class=\"op-interactive\"><\/figure>\n<\/aside>\n<\/div>\n<aside class=\"are-you-interested-container-photo\"><\/aside>\n<h2>La Polic\u00eda intervino y detuvo al atacante en el lugar<\/h2>\n<p>El impacto fue a la altura de la sien izquierda, pero no gener\u00f3 heridas de gravedad. La v\u00edctima no requiri\u00f3 asistencia m\u00e9dica en el lugar del hecho. Sin embargo, <strong>realiz\u00f3 la denuncia y brind\u00f3 testimonio a las autoridades.<\/strong><\/p>\n<p><strong>Efectivos policiales acudieron de inmediato tras un llamado de testigos.<\/strong>\u00a0 El atacante fue reducido en el lugar y trasladado a la comisar\u00eda m\u00e1s cercana. La fiscal\u00eda investiga el hecho y busca determinar si el agresor cuenta con antecedentes.<\/p>\n<p><strong>Vecinos de la zona aseguran que <a href=\"https:\/\/derechadiario.com.ar\/sociedad\/buenas-noticias-cordoba-detuvieron-tres-naranjitas-delincuentes-por-amenazas\" title=\"Buenas noticias: detuvieron a tres naranjitas delincuentes por amenazas en C\u00f3rdoba\">el naranjita ya hab\u00eda protagonizado otras situaciones conflictivas.<\/a><\/strong>\u00a0 El caso vuelve a poner el foco sobre los\u00a0cuidacoches. Muchos vecinos reclaman mayor presencia policial y control municipal.<\/p>\n<div class=\"inter_image image_horizontal\">\n<picture><source class=\"img-responsive\" type=\"image\/webp\" data-srcset=\"https:\/\/filesedc.com\/uploads\/image\/post\/2025\/07\/442_300_200.webp 300w, https:\/\/filesedc.com\/uploads\/image\/post\/2025\/07\/442_630_420.webp 630w, https:\/\/filesedc.com\/uploads\/image\/post\/2025\/07\/442_760_507.webp 760w, https:\/\/filesedc.com\/uploads\/image\/post\/2025\/07\/442_1200_800.webp 1200w, https:\/\/filesedc.com\/uploads\/image\/post\/2025\/07\/442_1600_1067.webp 1600w, \"><img decoding=\"async\" src=\"https:\/\/derechadiario.com.ar\/filesedc\/uploads\/image\/post\/2025\/07\/442_1200_800.webp\" class=\"img-responsive lazyload\" alt=\"Persona de pie frente a un auto blanco con las luces encendidas en una calle de noche y el logo de 911 en la esquina de la imagen\" title=\"Persona de pie frente a un auto blanco con las luces encendidas en una calle de noche y el logo de 911 en la esquina de la imagen\"><\/picture>\n<div>\n<span class=\"img_footer\">El hecho inici\u00f3 tras una discusi\u00f3n por donde estacionar y ocurri\u00f3 en la calle Balcarce al 241  <\/span>| <span class=\"img_author\">La Derecha Diario<\/span>\n<\/div>\n<\/div>\n<h2>Otro episodio m\u00e1s de cuidacoches violentos<\/h2>\n<p>El caso se suma a una serie de episodios violentos protagonizados por naranjitas en distintos puntos de la ciudad. La falta de control formal contribuye a un clima de creciente inseguridad. El municipio a\u00fan no ha emitido declaraciones oficiales.<\/p>\n<aside class=\"whatsappChannelText\"><a href=\"https:\/\/whatsapp.com\/channel\/0029VagEjILGE56eKjedWF2U\" rel=\"nofollow\" title=\"WhatsApp Link\"><img alt=\"Logo de WhatsApp\" class=\"lazyload\" data-src=\"https:\/\/derechadiario.com.ar\/filesedc\/uploads\/other\/whatsapp_icon_mid_article.png\" width=\"32\" height=\"32\"><\/a> <a href=\"https:\/\/whatsapp.com\/channel\/0029VagEjILGE56eKjedWF2U\" rel=\"nofollow\" title=\"WhatsApp Link\"><strong>NO SE PIERDAN NINGUNA NOTICIA<\/strong>: Click aqu\u00ed para sumarte <strong>GRATIS<\/strong> al canal de noticias de <strong>La Derecha Diario en WhatsApp.<\/strong><\/a><\/aside>\n<p>En algunos sectores del centro, <strong>la presi\u00f3n de estos cuidacoches informales desalienta a vecinos y comerciantes. La utilizaci\u00f3n de amenazas o extorsi\u00f3n por espacios p\u00fablicos<\/strong> es una pr\u00e1ctica cada vez m\u00e1s denunciada. El caso podr\u00eda impulsar nuevas medidas de control.<\/p>\n<p>El detenido qued\u00f3 a disposici\u00f3n de la Justicia y podr\u00eda enfrentar cargos por lesiones. La investigaci\u00f3n busca determinar la identidad completa del agresor. No se descarta que haya estado actuando en forma organizada con otros naranjitas.<\/p>\n<figure><img decoding=\"async\" src=\"https:\/\/derechadiario.com.ar\/filesedc\/uploads\/image\/post\/2025\/07\/444_1200_800.webp\" class=\"img-responsive lazyload\" alt=\"Hombre con chaleco reflejante naranja indicando a un autom\u00f3vil azul d\u00f3nde estacionarse en la calle\" title=\"Hombre con chaleco reflejante naranja indicando a un autom\u00f3vil azul d\u00f3nde estacionarse en la calle\"><\/figure>\n","protected":false},"excerpt":{"rendered":"<p>Un cuida coches agredi\u00f3 a un conductor este lunes por la noche en pleno centro de C\u00f3rdoba. El hecho ocurri\u00f3 en la calle Balcarce al 241. Todo comenz\u00f3 por una discusi\u00f3n por un lugar para estacionar. La v\u00edctima, un hombre de 37 a\u00f1os, intentaba dejar su veh\u00edculo a una cuadra del sitio del incidente. All\u00ed [&hellip;]<\/p>\n","protected":false},"author":2,"featured_media":11077,"comment_status":"open","ping_status":"open","sticky":false,"template":"","format":"standard","meta":{"_et_pb_use_builder":"","_et_pb_old_content":"","_et_gb_content_width":"","footnotes":""},"categories":[84],"tags":[],"class_list":["post-11076","post","type-post","status-publish","format-standard","has-post-thumbnail","hentry","category-ultimomomento"],"_links":{"self":[{"href":"https:\/\/verdadincomodadiario.ar\/index.php?rest_route=\/wp\/v2\/posts\/11076","targetHints":{"allow":["GET"]}}],"collection":[{"href":"https:\/\/verdadincomodadiario.ar\/index.php?rest_route=\/wp\/v2\/posts"}],"about":[{"href":"https:\/\/verdadincomodadiario.ar\/index.php?rest_route=\/wp\/v2\/types\/post"}],"author":[{"embeddable":true,"href":"https:\/\/verdadincomodadiario.ar\/index.php?rest_route=\/wp\/v2\/users\/2"}],"replies":[{"embeddable":true,"href":"https:\/\/verdadincomodadiario.ar\/index.php?rest_route=%2Fwp%2Fv2%2Fcomments&post=11076"}],"version-history":[{"count":0,"href":"https:\/\/verdadincomodadiario.ar\/index.php?rest_route=\/wp\/v2\/posts\/11076\/revisions"}],"wp:featuredmedia":[{"embeddable":true,"href":"https:\/\/verdadincomodadiario.ar\/index.php?rest_route=\/wp\/v2\/media\/11077"}],"wp:attachment":[{"href":"https:\/\/verdadincomodadiario.ar\/index.php?rest_route=%2Fwp%2Fv2%2Fmedia&parent=11076"}],"wp:term":[{"taxonomy":"category","embeddable":true,"href":"https:\/\/verdadincomodadiario.ar\/index.php?rest_route=%2Fwp%2Fv2%2Fcategories&post=11076"},{"taxonomy":"post_tag","embeddable":true,"href":"https:\/\/verdadincomodadiario.ar\/index.php?rest_route=%2Fwp%2Fv2%2Ftags&post=11076"}],"curies":[{"name":"wp","href":"https:\/\/api.w.org\/{rel}","templated":true}]}}