{"id":11074,"date":"2025-07-15T22:28:38","date_gmt":"2025-07-15T22:28:38","guid":{"rendered":"https:\/\/verdadincomodadiario.ar\/?p=11074"},"modified":"2025-07-15T22:28:38","modified_gmt":"2025-07-15T22:28:38","slug":"confirmaron-que-el-cadaver-hallado-en-nueva-cordoba-es-de-una-mujer-de-30-anos","status":"publish","type":"post","link":"https:\/\/verdadincomodadiario.ar\/?p=11074","title":{"rendered":"Confirmaron que el cad\u00e1ver hallado en Nueva C\u00f3rdoba es de una mujer de 30 a\u00f1os"},"content":{"rendered":"<p><strong>La autopsia confirm\u00f3 que el cuerpo hallado en el <a href=\"https:\/\/derechadiario.com.ar\/sociedad\/macabro-hallazgo-cordoba-cadaver-estaba-oculto-ropero-del-centro\" title=\"Macabro hallazgo en C\u00f3rdoba: un cad\u00e1ver estaba oculto en un ropero del centro\">departamento de Horacio Grasso era de una mujer joven.<\/a><\/strong> Los restos estaban ocultos en un ropero, envueltos en una manta y cubiertos con cal. <strong>Se estima que llevaba cerca de seis meses sin ser descubierta.<\/strong><\/p>\n<p>No hay denuncias recientes que coincidan con las caracter\u00edsticas de la v\u00edctima. Esto complica la tarea de identificaci\u00f3n por parte de la Justicia. <strong>Se est\u00e1n cotejando huellas y perfiles gen\u00e9ticos para avanzar en el proceso.<\/strong><\/p>\n<p>La investigaci\u00f3n se mantiene bajo estricta reserva, pero avanza con celeridad. La Fiscal\u00eda intenta establecer v\u00ednculos con el entorno del condenado. El caso genera conmoci\u00f3n entre los vecinos de Nueva C\u00f3rdoba.<\/p>\n<div class=\"inter_image image_horizontal\">\n<picture><source class=\"img-responsive\" type=\"image\/webp\" data-srcset=\"https:\/\/filesedc.com\/uploads\/image\/post\/2025\/07\/440_300_200.webp 300w, https:\/\/filesedc.com\/uploads\/image\/post\/2025\/07\/440_630_420.webp 630w, https:\/\/filesedc.com\/uploads\/image\/post\/2025\/07\/440_760_507.webp 760w, https:\/\/filesedc.com\/uploads\/image\/post\/2025\/07\/440_1200_800.webp 1200w, https:\/\/filesedc.com\/uploads\/image\/post\/2025\/07\/440_1600_1067.webp 1600w, \"><img decoding=\"async\" src=\"https:\/\/derechadiario.com.ar\/filesedc\/uploads\/image\/post\/2025\/07\/440_1200_800.webp\" class=\"img-responsive lazyload\" alt=\"Un hombre con camiseta amarilla sentado junto a un ni\u00f1o con uniforme escolar y fondo colorido\" title=\"Un hombre con camiseta amarilla sentado junto a un ni\u00f1o con uniforme escolar y fondo colorido\"><\/picture>\n<div>\n<span class=\"img_footer\">Grasso est\u00e1 condenado por el asesinato de Facundo Novillo, cometido en 2019. <\/span>| <span class=\"img_author\">La Derecha Diario<\/span>\n<\/div>\n<\/div>\n<h2>El cad\u00e1ver fue encontrado en la casa del expolic\u00eda Horacio Grasso<\/h2>\n<p>Grasso est\u00e1 condenado por el asesinato de Facundo Novillo, cometido en 2019. <strong>Pese a haber perdido la prisi\u00f3n domiciliaria por agredir a su madre, un juez se la restituy\u00f3.<\/strong> El cad\u00e1ver fue encontrado por alba\u00f1iles que hac\u00edan refacciones en el inmueble.<\/p>\n<aside class=\"are-you-interested-container-photo\"><\/aside>\n<p><a href=\"https:\/\/derechadiario.com.ar\/sociedad\/descubren-fosa-comun-con-cadaveres-barrio-campo-ribera-cordoba\" title=\"Descubren una fosa com\u00fan con cad\u00e1veres en el barrio Campo de la Ribera, C\u00f3rdoba\">El cuerpo estaba atado con un cable<\/a> y en avanzado estado de descomposici\u00f3n. Por eso, los peritos estiman que fue ocultado hace al menos medio a\u00f1o. La data de muerte ser\u00e1 clave para definir responsabilidades.<\/p>\n<p>Hasta el momento, Grasso no fue imputado por este nuevo caso. Sin embargo, <strong>permanece bajo custodia y ser\u00e1 indagado en los pr\u00f3ximos d\u00edas.<\/strong>\u00a0 La Justicia eval\u00faa si hubo negligencia en el control de su r\u00e9gimen domiciliario.<\/p>\n<figure><img decoding=\"async\" src=\"https:\/\/derechadiario.com.ar\/filesedc\/uploads\/image\/post\/2025\/07\/441_1200_800.webp\" class=\"img-responsive lazyload\" alt=\"Camioneta blanca del Ministerio P\u00fablico Fiscal estacionada frente a un edificio con polic\u00edas alrededor\" title=\"Camioneta blanca del Ministerio P\u00fablico Fiscal estacionada frente a un edificio con polic\u00edas alrededor\"><\/figure>\n<aside class=\"whatsappChannelText\"><a href=\"https:\/\/whatsapp.com\/channel\/0029VagEjILGE56eKjedWF2U\" rel=\"nofollow\" title=\"WhatsApp Link\"><img alt=\"Logo de WhatsApp\" class=\"lazyload\" data-src=\"https:\/\/derechadiario.com.ar\/filesedc\/uploads\/other\/whatsapp_icon_mid_article.png\" width=\"32\" height=\"32\"><\/a> <a href=\"https:\/\/whatsapp.com\/channel\/0029VagEjILGE56eKjedWF2U\" rel=\"nofollow\" title=\"WhatsApp Link\"><strong>NO SE PIERDAN NINGUNA NOTICIA<\/strong>: Click aqu\u00ed para sumarte <strong>GRATIS<\/strong> al canal de noticias de <strong>La Derecha Diario en WhatsApp.<\/strong><\/a><\/aside>\n<h2>La Justicia busca identificar a la mujer y determinar responsabilidades<\/h2>\n<p><strong>La principal dificultad del caso es que nadie reclam\u00f3 por la desaparici\u00f3n de una mujer con ese perfil.<\/strong> Esto retrasa la identificaci\u00f3n formal de la v\u00edctima. Se trabaja con bancos de datos provinciales y nacionales.<\/p>\n<p>Vecinos del edificio aseguran no haber visto movimientos extra\u00f1os en los \u00faltimos meses. \u00a0<strong>La vivienda permanec\u00eda cerrada desde hac\u00eda tiempo.<\/strong>\u00a0 La investigaci\u00f3n avanza en medio de la Feria Judicial.<\/p>\n<p>Familiares de la v\u00edctima de Grasso exigen explicaciones por la restituci\u00f3n de la prisi\u00f3n domiciliaria. Consideran que la Justicia actu\u00f3 con negligencia. El Ministerio P\u00fablico Fiscal a\u00fan no emiti\u00f3 comunicados oficiales.<\/p>\n","protected":false},"excerpt":{"rendered":"<p>La autopsia confirm\u00f3 que el cuerpo hallado en el departamento de Horacio Grasso era de una mujer joven. Los restos estaban ocultos en un ropero, envueltos en una manta y cubiertos con cal. Se estima que llevaba cerca de seis meses sin ser descubierta. No hay denuncias recientes que coincidan con las caracter\u00edsticas de la [&hellip;]<\/p>\n","protected":false},"author":2,"featured_media":11075,"comment_status":"open","ping_status":"open","sticky":false,"template":"","format":"standard","meta":{"_et_pb_use_builder":"","_et_pb_old_content":"","_et_gb_content_width":"","footnotes":""},"categories":[84],"tags":[],"class_list":["post-11074","post","type-post","status-publish","format-standard","has-post-thumbnail","hentry","category-ultimomomento"],"_links":{"self":[{"href":"https:\/\/verdadincomodadiario.ar\/index.php?rest_route=\/wp\/v2\/posts\/11074","targetHints":{"allow":["GET"]}}],"collection":[{"href":"https:\/\/verdadincomodadiario.ar\/index.php?rest_route=\/wp\/v2\/posts"}],"about":[{"href":"https:\/\/verdadincomodadiario.ar\/index.php?rest_route=\/wp\/v2\/types\/post"}],"author":[{"embeddable":true,"href":"https:\/\/verdadincomodadiario.ar\/index.php?rest_route=\/wp\/v2\/users\/2"}],"replies":[{"embeddable":true,"href":"https:\/\/verdadincomodadiario.ar\/index.php?rest_route=%2Fwp%2Fv2%2Fcomments&post=11074"}],"version-history":[{"count":0,"href":"https:\/\/verdadincomodadiario.ar\/index.php?rest_route=\/wp\/v2\/posts\/11074\/revisions"}],"wp:featuredmedia":[{"embeddable":true,"href":"https:\/\/verdadincomodadiario.ar\/index.php?rest_route=\/wp\/v2\/media\/11075"}],"wp:attachment":[{"href":"https:\/\/verdadincomodadiario.ar\/index.php?rest_route=%2Fwp%2Fv2%2Fmedia&parent=11074"}],"wp:term":[{"taxonomy":"category","embeddable":true,"href":"https:\/\/verdadincomodadiario.ar\/index.php?rest_route=%2Fwp%2Fv2%2Fcategories&post=11074"},{"taxonomy":"post_tag","embeddable":true,"href":"https:\/\/verdadincomodadiario.ar\/index.php?rest_route=%2Fwp%2Fv2%2Ftags&post=11074"}],"curies":[{"name":"wp","href":"https:\/\/api.w.org\/{rel}","templated":true}]}}