{"id":11072,"date":"2025-07-15T22:28:39","date_gmt":"2025-07-15T22:28:39","guid":{"rendered":"https:\/\/verdadincomodadiario.ar\/?p=11072"},"modified":"2025-07-15T22:28:39","modified_gmt":"2025-07-15T22:28:39","slug":"verguenza-el-gobierno-de-rumania-impide-castigar-las-expresiones-antisemitas","status":"publish","type":"post","link":"https:\/\/verdadincomodadiario.ar\/?p=11072","title":{"rendered":"Verg\u00fcenza: el gobierno de Rumania impide castigar las expresiones antisemitas"},"content":{"rendered":"<p>La decisi\u00f3n del presidente de Rumania, <strong>Nicu\u0219or Dan<\/strong>, de <strong>retrasar una ley que endurece las penas contra el discurso de odio y la glorificaci\u00f3n del fascismo<\/strong>, ha desatado una fuerte condena de la comunidad jud\u00eda local.<\/p>\n<p>El viernes pasado, tras la aprobaci\u00f3n parlamentaria de una enmienda a la ley de 2015 contra el odio y la xenofobia, <strong>Dan sorprendi\u00f3 al enviar el texto a la Corte Constitucional para frenar su implementaci\u00f3n<\/strong>.<\/p>\n<p>El proyecto, <strong>impulsado por el diputado Silviu Vexler<\/strong>, introduc\u00eda <strong>penas de prisi\u00f3n para quienes promuevan el antisemitismo<\/strong>\u00a0 en redes sociales y glorifiquen al movimiento fascista de la Guardia de Hierro, aliado del nazismo.<\/p>\n<p><strong>\u201cEsta decisi\u00f3n empuja a los jud\u00edos rumanos a una situaci\u00f3n de enorme angustia\u201d<\/strong>, denunci\u00f3 Maximillian Katz, director del Centro para el Monitoreo y Combate del Antisemitismo en Rumania. <strong>\u201cCada vez que intentamos explicar por qu\u00e9 no queremos vivir rodeados de odio, se desata una nueva ola de antisemitismo. Y ya est\u00e1 ocurriendo\u201d<\/strong>, advirti\u00f3.<\/p>\n<div class=\"inter_image image_horizontal\">\n<picture><source class=\"img-responsive\" type=\"image\/webp\" data-srcset=\"https:\/\/filesedc.com\/uploads\/image\/post\/2025\/07\/silviuvexler_300_200.webp 300w, https:\/\/filesedc.com\/uploads\/image\/post\/2025\/07\/silviuvexler_630_420.webp 630w, https:\/\/filesedc.com\/uploads\/image\/post\/2025\/07\/silviuvexler_760_507.webp 760w, https:\/\/filesedc.com\/uploads\/image\/post\/2025\/07\/silviuvexler_1200_800.webp 1200w, https:\/\/filesedc.com\/uploads\/image\/post\/2025\/07\/silviuvexler_1600_1067.webp 1600w, \"><img decoding=\"async\" src=\"https:\/\/derechadiario.com.ar\/filesedc\/uploads\/image\/post\/2025\/07\/silviuvexler_1200_800.webp\" class=\"img-responsive lazyload\" alt=\"Hombre calvo con kip\u00e1 hablando frente a un micr\u00f3fono con banderas de fondo\" title=\"Hombre calvo con kip\u00e1 hablando frente a un micr\u00f3fono con banderas de fondo\"><\/picture>\n<div>\n<span class=\"img_footer\">El diputado pro-Israel Silviu Vexler <\/span>| <span class=\"img_author\">La Derecha Diario<\/span>\n<\/div>\n<\/div>\n<p>Cabe destacar que <a href=\"https:\/\/derechadiario.com.ar\/israel\/politica\/ataque-antisemita-grecia\" title=\"Antisemitas atacaron un restaurante kosher israel\u00ed en Atenas\">las acciones antisemitas se han multiplicado en Europa en los \u00faltimos meses<\/a>.<\/p>\n<p>En se\u00f1al de protesta, <strong>Vexler devolvi\u00f3 la Medalla al M\u00e9rito otorgada por el Estado<\/strong>. Seg\u00fan \u00e9l, sin esta legislaci\u00f3n, el plan nacional contra el antisemitismo pierde sentido y debe ser cancelado.<\/p>\n<p><strong>Dan justific\u00f3 su decisi\u00f3n alegando que la ley podr\u00eda usarse para criminalizar a antiguos miembros de la resistencia anticomunista<\/strong> que tambi\u00e9n formaron parte del movimiento legionario.\u00a0<\/p>\n<p>Pero los n\u00fameros hablan por s\u00ed solos. Una encuesta reciente revel\u00f3 que <strong>el 53% de los j\u00f3venes rumanos cree que la cifra de seis millones de v\u00edctimas del Holocausto est\u00e1 exagerada<\/strong>. El 15% cree que el Holocausto es un mito.<\/p>\n<p>En un pa\u00eds con una historia dolorosa de colaboraci\u00f3n nazi y negacionismo, la tibieza del presidente no es neutralidad: es complicidad.<\/p>\n","protected":false},"excerpt":{"rendered":"<p>La decisi\u00f3n del presidente de Rumania, Nicu\u0219or Dan, de retrasar una ley que endurece las penas contra el discurso de odio y la glorificaci\u00f3n del fascismo, ha desatado una fuerte condena de la comunidad jud\u00eda local. El viernes pasado, tras la aprobaci\u00f3n parlamentaria de una enmienda a la ley de 2015 contra el odio y [&hellip;]<\/p>\n","protected":false},"author":2,"featured_media":11073,"comment_status":"open","ping_status":"open","sticky":false,"template":"","format":"standard","meta":{"_et_pb_use_builder":"","_et_pb_old_content":"","_et_gb_content_width":"","footnotes":""},"categories":[84],"tags":[],"class_list":["post-11072","post","type-post","status-publish","format-standard","has-post-thumbnail","hentry","category-ultimomomento"],"_links":{"self":[{"href":"https:\/\/verdadincomodadiario.ar\/index.php?rest_route=\/wp\/v2\/posts\/11072","targetHints":{"allow":["GET"]}}],"collection":[{"href":"https:\/\/verdadincomodadiario.ar\/index.php?rest_route=\/wp\/v2\/posts"}],"about":[{"href":"https:\/\/verdadincomodadiario.ar\/index.php?rest_route=\/wp\/v2\/types\/post"}],"author":[{"embeddable":true,"href":"https:\/\/verdadincomodadiario.ar\/index.php?rest_route=\/wp\/v2\/users\/2"}],"replies":[{"embeddable":true,"href":"https:\/\/verdadincomodadiario.ar\/index.php?rest_route=%2Fwp%2Fv2%2Fcomments&post=11072"}],"version-history":[{"count":0,"href":"https:\/\/verdadincomodadiario.ar\/index.php?rest_route=\/wp\/v2\/posts\/11072\/revisions"}],"wp:featuredmedia":[{"embeddable":true,"href":"https:\/\/verdadincomodadiario.ar\/index.php?rest_route=\/wp\/v2\/media\/11073"}],"wp:attachment":[{"href":"https:\/\/verdadincomodadiario.ar\/index.php?rest_route=%2Fwp%2Fv2%2Fmedia&parent=11072"}],"wp:term":[{"taxonomy":"category","embeddable":true,"href":"https:\/\/verdadincomodadiario.ar\/index.php?rest_route=%2Fwp%2Fv2%2Fcategories&post=11072"},{"taxonomy":"post_tag","embeddable":true,"href":"https:\/\/verdadincomodadiario.ar\/index.php?rest_route=%2Fwp%2Fv2%2Ftags&post=11072"}],"curies":[{"name":"wp","href":"https:\/\/api.w.org\/{rel}","templated":true}]}}