{"id":1107,"date":"2025-04-03T20:32:03","date_gmt":"2025-04-03T20:32:03","guid":{"rendered":"https:\/\/verdadincomodadiario.ar\/?p=1107"},"modified":"2025-04-03T20:32:03","modified_gmt":"2025-04-03T20:32:03","slug":"gracias-a-milei-la-economia-argentina-acumula-once-meses-consecutivos-de-crecimiento","status":"publish","type":"post","link":"https:\/\/verdadincomodadiario.ar\/?p=1107","title":{"rendered":"Gracias a Milei, la econom\u00eda argentina acumula once meses consecutivos de crecimiento"},"content":{"rendered":"<p>El \u00cdndice Compuesto Coincidente de <a href=\"https:\/\/derechadiario.com.ar\/economia\/actividad-economica-milei-reflejo-incremento-del-75-anual-febrero\" target=\"_blank\" title=\"La econom\u00eda argentina creci\u00f3 un 7,5% anual en febrero, seg\u00fan el EMAE\u00a0de\u00a0Equilibra\">Actividad Econ\u00f3mica de Argentina<\/a> (ICA-ARG), elaborado por las Bolsas de Comercio de Rosario y Santa Fe a trav\u00e9s del Centro de Investigaci\u00f3n del Ciclo Econ\u00f3mico (CICEc), reflej\u00f3 en febrero un <strong>incremento del 0,4%<\/strong>.<\/p>\n<p>Este dato confirma la tendencia positiva que viene mostrando la econom\u00eda argentina en los \u00faltimos meses, con <strong>once incrementos consecutivos<\/strong>, y posiciona al indicador apenas un 2% por debajo de su <strong>m\u00e1ximo hist\u00f3rico<\/strong> registrado en mayo de 2022.<\/p>\n<p>Adem\u00e1s, <strong>el crecimiento interanual fue del 6,6%<\/strong>, un dato que evidencia la fortaleza de la <strong>recuperaci\u00f3n econ\u00f3mica<\/strong> generada por las medidas del Gobierno de <a href=\"https:\/\/derechadiario.com.ar\/economia\/gobierno-oficializo-reduccion-aranceles-para-importacion-indumentaria\" target=\"_blank\" title=\"El Gobierno oficializ\u00f3 la reducci\u00f3n de aranceles para la importaci\u00f3n de indumentaria\"><strong>Javier Milei<\/strong><\/a>. Desde el punto m\u00e1s bajo de la recesi\u00f3n, registrado en marzo de 2024, la actividad acumul\u00f3 una <strong>mejora del 7,1%<\/strong>, lo que refuerza las se\u00f1ales de consolidaci\u00f3n de la fase de crecimiento iniciada el a\u00f1o pasado.<\/p>\n<div class=\"inter_image image_horizontal\">\n<picture><source class=\"img-responsive\" type=\"image\/webp\" data-srcset=\"\/filesedc\/uploads\/image\/post\/javier-milei-header-bitacora_300_200.webp 300w, \n\/filesedc\/uploads\/image\/post\/javier-milei-header-bitacora_630_420.webp 630w,\n                                \/filesedc\/uploads\/image\/post\/javier-milei-header-bitacora_760_507.webp 760w,\n                                \/filesedc\/uploads\/image\/post\/javier-milei-header-bitacora_1200_800.webp 1200w,\n                                \/filesedc\/uploads\/image\/post\/javier-milei-header-bitacora_1600_1067.webp 1600w\"><img decoding=\"async\" src=\"https:\/\/derechadiario.com.ar\/filesedc\/uploads\/image\/post\/javier-milei-header-bitacora_1200_800.webp\" class=\"img-responsive lazyload\" alt=\"Hombre con traje oscuro levantando el pu\u00f1o frente a un edificio con banderas argentinas.\" title=\"Hombre con traje oscuro levantando el pu\u00f1o frente a un edificio con banderas argentinas.\"><\/picture>\n<div>\n<span class=\"img_footer\">Javier Milei, presidente de Argentina. <\/span>| <span class=\"img_author\">La Derecha Diario<\/span>\n<\/div>\n<\/div>\n<p>La administraci\u00f3n de Milei logr\u00f3 <strong>recuperar la confianza del mercado<\/strong> mediante pol\u00edticas de <strong>desregulaci\u00f3n<\/strong>, <strong>reducci\u00f3n del gasto p\u00fablico<\/strong> y la <strong>eliminaci\u00f3n del d\u00e9ficit fiscal<\/strong>, logrando <strong>reducir dr\u00e1sticamente la inflaci\u00f3n<\/strong> y <strong>volver a generar crecimiento econ\u00f3mico<\/strong>.<\/p>\n<aside class=\"are-you-interested-container-photo\"><\/aside>\n<p>El informe destaca que <strong>ocho de los diez componentes del ICA-ARG mostraron variaciones positivas en febrero<\/strong>. Entre los rubros con mejor desempe\u00f1o sobresalen la <strong>construcci\u00f3n<\/strong>, que creci\u00f3 un 1,9%, los <strong>patentamientos de veh\u00edculos nuevos<\/strong>, con un alza del 2,0%, y la recaudaci\u00f3n total a nivel nacional, que aument\u00f3 un 1,8%. Estos datos reflejan la <strong>revitalizaci\u00f3n del consumo<\/strong> y <strong>la inversi\u00f3n<\/strong>, impulsados por la <strong>estabilidad macroecon\u00f3mica<\/strong> y la previsibilidad que est\u00e1 logrando la gesti\u00f3n libertaria.<\/p>\n<p>Por otro lado, la producci\u00f3n agr\u00edcola registr\u00f3 una leve ca\u00edda del 1,7%, afectada por la <strong>falta de lluvias<\/strong> que impact\u00f3 en las proyecciones de la cosecha gruesa. Sin embargo, el sector agropecuario cuenta con el respaldo del gobierno, que trabaja para <strong>eliminar regulaciones innecesarias<\/strong>, <strong>bajar impuestos<\/strong>\u00a0y <strong>fomentar la competitividad<\/strong> de los productores a nivel internacional.<\/p>\n<aside class=\"whatsappChannelText\"><a href=\"https:\/\/whatsapp.com\/channel\/0029VagEjILGE56eKjedWF2U\" rel=\"nofollow\" title=\"WhatsApp Link\"><img alt=\"Logo de WhatsApp\" class=\"lazyload\" data-src=\"https:\/\/derechadiario.com.ar\/filesedc\/uploads\/other\/whatsapp_icon_mid_article.png\" width=\"32\" height=\"32\"><\/a> <a href=\"https:\/\/whatsapp.com\/channel\/0029VagEjILGE56eKjedWF2U\" rel=\"nofollow\" title=\"WhatsApp Link\"><strong>NO SE PIERDAN NINGUNA NOTICIA<\/strong>: Click aqu\u00ed para sumarte <strong>GRATIS<\/strong> al canal de noticias de <strong>La Derecha Diario en WhatsApp.<\/strong><\/a><\/aside>\n<figure><img decoding=\"async\" src=\"https:\/\/derechadiario.com.ar\/filesedc\/uploads\/image\/post\/59b8419e0b38c264b199248edf01c72470500dab_1200_800.webp\" class=\"img-responsive lazyload\" alt=\"Hombre con traje oscuro y corbata, sonriendo y saludando con la mano levantada.\" title=\"Hombre con traje oscuro y corbata, sonriendo y saludando con la mano levantada.\"><\/figure>\n<p>El mercado laboral tambi\u00e9n aport\u00f3 se\u00f1ales alentadoras, con un <strong>incremento del 0,2%<\/strong> en el <strong>empleo registrado privado<\/strong> y una <strong>mejora del 1,6% en los salarios reales<\/strong>. Adem\u00e1s, la tasa de entrada al mercado de trabajo experiment\u00f3 un notable <strong>crecimiento interanual del 20,1%<\/strong>, lo que indica que <strong>m\u00e1s personas est\u00e1n ingresando a la actividad econ\u00f3mica<\/strong>.<\/p>\n<p>Por otro lado, el \u00edndice l\u00edder (ILA-ARG), que anticipa los cambios en el ciclo econ\u00f3mico, tambi\u00e9n registr\u00f3 un <strong>aumento del 0,2% en febrero<\/strong>, manteni\u00e9ndose en terreno ascendente.<\/p>\n<p>Todo esto demuestra que las reformas implementadas por el presidente Javier Milei fueron un <strong>\u00e9xito<\/strong> y ya est\u00e1n generando <strong>crecimiento econ\u00f3mico<\/strong>, con un Estado m\u00e1s chico y eficiente, junto con\u00a0un sector privado con <strong>mayor protagonismo en el desarrollo del pa\u00eds<\/strong>.<\/p>\n","protected":false},"excerpt":{"rendered":"<p>El \u00cdndice Compuesto Coincidente de Actividad Econ\u00f3mica de Argentina (ICA-ARG), elaborado por las Bolsas de Comercio de Rosario y Santa Fe a trav\u00e9s del Centro de Investigaci\u00f3n del Ciclo Econ\u00f3mico (CICEc), reflej\u00f3 en febrero un incremento del 0,4%. Este dato confirma la tendencia positiva que viene mostrando la econom\u00eda argentina en los \u00faltimos meses, con [&hellip;]<\/p>\n","protected":false},"author":2,"featured_media":1108,"comment_status":"open","ping_status":"open","sticky":false,"template":"","format":"standard","meta":{"_et_pb_use_builder":"","_et_pb_old_content":"","_et_gb_content_width":"","footnotes":""},"categories":[80],"tags":[],"class_list":["post-1107","post","type-post","status-publish","format-standard","has-post-thumbnail","hentry","category-economia-2"],"_links":{"self":[{"href":"https:\/\/verdadincomodadiario.ar\/index.php?rest_route=\/wp\/v2\/posts\/1107","targetHints":{"allow":["GET"]}}],"collection":[{"href":"https:\/\/verdadincomodadiario.ar\/index.php?rest_route=\/wp\/v2\/posts"}],"about":[{"href":"https:\/\/verdadincomodadiario.ar\/index.php?rest_route=\/wp\/v2\/types\/post"}],"author":[{"embeddable":true,"href":"https:\/\/verdadincomodadiario.ar\/index.php?rest_route=\/wp\/v2\/users\/2"}],"replies":[{"embeddable":true,"href":"https:\/\/verdadincomodadiario.ar\/index.php?rest_route=%2Fwp%2Fv2%2Fcomments&post=1107"}],"version-history":[{"count":0,"href":"https:\/\/verdadincomodadiario.ar\/index.php?rest_route=\/wp\/v2\/posts\/1107\/revisions"}],"wp:featuredmedia":[{"embeddable":true,"href":"https:\/\/verdadincomodadiario.ar\/index.php?rest_route=\/wp\/v2\/media\/1108"}],"wp:attachment":[{"href":"https:\/\/verdadincomodadiario.ar\/index.php?rest_route=%2Fwp%2Fv2%2Fmedia&parent=1107"}],"wp:term":[{"taxonomy":"category","embeddable":true,"href":"https:\/\/verdadincomodadiario.ar\/index.php?rest_route=%2Fwp%2Fv2%2Fcategories&post=1107"},{"taxonomy":"post_tag","embeddable":true,"href":"https:\/\/verdadincomodadiario.ar\/index.php?rest_route=%2Fwp%2Fv2%2Ftags&post=1107"}],"curies":[{"name":"wp","href":"https:\/\/api.w.org\/{rel}","templated":true}]}}