{"id":1105,"date":"2025-04-03T20:32:04","date_gmt":"2025-04-03T20:32:04","guid":{"rendered":"https:\/\/verdadincomodadiario.ar\/?p=1105"},"modified":"2025-04-03T20:32:04","modified_gmt":"2025-04-03T20:32:04","slug":"milagro-economico-la-pobreza-bajo-al-381-en-el-segundo-semestre-del-2024","status":"publish","type":"post","link":"https:\/\/verdadincomodadiario.ar\/?p=1105","title":{"rendered":"Milagro econ\u00f3mico: la pobreza baj\u00f3 al 38,1% en el segundo semestre del 2024"},"content":{"rendered":"<p>El Instituto Nacional de Estad\u00edstica y Censos (INDEC) public\u00f3 los datos de <a href=\"https:\/\/derechadiario.com.ar\/economia\/gracias-javier-milei-pobreza-caba-tambien-cayo-y-cerro-ano-2024-242\" title=\"Gracias a Javier Milei, la pobreza en CABA tambi\u00e9n cay\u00f3 y cerr\u00f3 el a\u00f1o 2024 en 24,2%\">pobreza<\/a> correspondientes al segundo semestre de 2024, que reflejan una reducci\u00f3n respecto al per\u00edodo anterior.<\/p>\n<p>De acuerdo con el informe, <strong>el 38,1% de la poblaci\u00f3n se encuentra bajo la l\u00ednea de <a href=\"https:\/\/derechadiario.com.ar\/politica\/gracias-javier-milei-pobreza-argentina-cayo-al-nivel-mas-bajo-desde-2019\" title=\"Gracias a Javier Milei, la pobreza en Argentina cay\u00f3 al nivel m\u00e1s bajo desde 2019\">pobreza<\/a><\/strong>, mientras que el 8,2% est\u00e1 en situaci\u00f3n de indigencia. <strong>Este n\u00famero refleja una fuerte baja con respecto al panorama econ\u00f3mico heredado por el kirchnerismo.<\/strong><\/p>\n<p>Adem\u00e1s, <strong>el n\u00famero se muestra por debajo del 41,7% con el que se fue el kirchnerista Alberto Fern\u00e1ndez de su mandato.<\/strong>\u00a0 <\/p>\n<h2><strong>\u00bfPor qu\u00e9 baj\u00f3 la pobreza en Argentina?<\/strong><\/h2>\n<p>La disminuci\u00f3n de la pobreza se explica por varios factores. Entre ellos:<\/p>\n<aside class=\"whatsappChannelText\"><a href=\"https:\/\/whatsapp.com\/channel\/0029VagEjILGE56eKjedWF2U\" rel=\"nofollow\" title=\"WhatsApp Link\"><img alt=\"Logo de WhatsApp\" class=\"lazyload\" data-src=\"https:\/\/derechadiario.com.ar\/filesedc\/uploads\/other\/whatsapp_icon_mid_article.png\" width=\"32\" height=\"32\"><\/a> <a href=\"https:\/\/whatsapp.com\/channel\/0029VagEjILGE56eKjedWF2U\" rel=\"nofollow\" title=\"WhatsApp Link\"><strong>NO SE PIERDAN NINGUNA NOTICIA<\/strong>: Click aqu\u00ed para sumarte <strong>GRATIS<\/strong> al canal de noticias de <strong>La Derecha Diario en WhatsApp.<\/strong><\/a><\/aside>\n<aside class=\"are-you-interested-container-photo\"><\/aside>\n<ul>\n<li>\n<strong>Evoluci\u00f3n de los ingresos<\/strong>: los salarios y programas sociales impactaron en el poder adquisitivo.<\/li>\n<li>\n<strong>Inflaci\u00f3n<\/strong>: el costo de vida mostr\u00f3 una tendencia a la baja, con una inflaci\u00f3n a la baja que permite que la canasta b\u00e1sica no suba de manera disparatada.<\/li>\n<li>\n<strong>Tipo de cambio estable<\/strong>: impacta directamente en los alimentos de la canasta b\u00e1sica, un componente m\u00e1s que importante para disminuir la pobreza.<\/li>\n<\/ul>\n<div class=\"inter_image image_vertical\">\n<picture><source class=\"img-responsive\" type=\"image\/webp\" data-srcset=\"\/filesedc\/uploads\/image\/post\/screenshot-2025-03-31-160344_300_400.webp 300w, \n\/filesedc\/uploads\/image\/post\/screenshot-2025-03-31-160344_630_840.webp 630w,\n                                \/filesedc\/uploads\/image\/post\/screenshot-2025-03-31-160344_760_1013.webp 760w,\n                                \/filesedc\/uploads\/image\/post\/screenshot-2025-03-31-160344_1200_1600.webp 1200w,\n                                \/filesedc\/uploads\/image\/post\/screenshot-2025-03-31-160344_1600_2133.webp 1600w\"><img decoding=\"async\" src=\"https:\/\/derechadiario.com.ar\/filesedc\/uploads\/image\/post\/screenshot-2025-03-31-160344_1200_1600.webp\" class=\"img-responsive lazyload\" alt=\"Infograf\u00eda sobre la Encuesta Permanente de Hogares que muestra datos de pobreza e indigencia en millones de hogares y personas, con porcentajes y cifras de ingresos y canastas b\u00e1sicas.\" title=\"Infograf\u00eda sobre la Encuesta Permanente de Hogares que muestra datos de pobreza e indigencia en millones de hogares y personas, con porcentajes y cifras de ingresos y canastas b\u00e1sicas.\"><\/picture>\n<div>\n<span class=\"img_footer\">De acuerdo con el informe, el 38,1% de la poblaci\u00f3n se encuentra bajo la l\u00ednea de pobreza, mientras que el 8,2% est\u00e1 en situaci\u00f3n de indigencia. <\/span>| <span class=\"img_author\">La Derecha Diario<\/span>\n<\/div>\n<\/div>\n<h2><strong>Comparaci\u00f3n con el per\u00edodo anterior<\/strong><\/h2>\n<p>En el primer cuatrimestre de 2024, la pobreza hab\u00eda alcanzado el 52,9% debido a los efectos econ\u00f3micos del Massazo, lo que muestra un descenso m\u00e1s que marcado en esta nueva medici\u00f3n.<\/p>\n","protected":false},"excerpt":{"rendered":"<p>El Instituto Nacional de Estad\u00edstica y Censos (INDEC) public\u00f3 los datos de pobreza correspondientes al segundo semestre de 2024, que reflejan una reducci\u00f3n respecto al per\u00edodo anterior. De acuerdo con el informe, el 38,1% de la poblaci\u00f3n se encuentra bajo la l\u00ednea de pobreza, mientras que el 8,2% est\u00e1 en situaci\u00f3n de indigencia. Este n\u00famero [&hellip;]<\/p>\n","protected":false},"author":2,"featured_media":1106,"comment_status":"open","ping_status":"open","sticky":false,"template":"","format":"standard","meta":{"_et_pb_use_builder":"","_et_pb_old_content":"","_et_gb_content_width":"","footnotes":""},"categories":[80],"tags":[],"class_list":["post-1105","post","type-post","status-publish","format-standard","has-post-thumbnail","hentry","category-economia-2"],"_links":{"self":[{"href":"https:\/\/verdadincomodadiario.ar\/index.php?rest_route=\/wp\/v2\/posts\/1105","targetHints":{"allow":["GET"]}}],"collection":[{"href":"https:\/\/verdadincomodadiario.ar\/index.php?rest_route=\/wp\/v2\/posts"}],"about":[{"href":"https:\/\/verdadincomodadiario.ar\/index.php?rest_route=\/wp\/v2\/types\/post"}],"author":[{"embeddable":true,"href":"https:\/\/verdadincomodadiario.ar\/index.php?rest_route=\/wp\/v2\/users\/2"}],"replies":[{"embeddable":true,"href":"https:\/\/verdadincomodadiario.ar\/index.php?rest_route=%2Fwp%2Fv2%2Fcomments&post=1105"}],"version-history":[{"count":0,"href":"https:\/\/verdadincomodadiario.ar\/index.php?rest_route=\/wp\/v2\/posts\/1105\/revisions"}],"wp:featuredmedia":[{"embeddable":true,"href":"https:\/\/verdadincomodadiario.ar\/index.php?rest_route=\/wp\/v2\/media\/1106"}],"wp:attachment":[{"href":"https:\/\/verdadincomodadiario.ar\/index.php?rest_route=%2Fwp%2Fv2%2Fmedia&parent=1105"}],"wp:term":[{"taxonomy":"category","embeddable":true,"href":"https:\/\/verdadincomodadiario.ar\/index.php?rest_route=%2Fwp%2Fv2%2Fcategories&post=1105"},{"taxonomy":"post_tag","embeddable":true,"href":"https:\/\/verdadincomodadiario.ar\/index.php?rest_route=%2Fwp%2Fv2%2Ftags&post=1105"}],"curies":[{"name":"wp","href":"https:\/\/api.w.org\/{rel}","templated":true}]}}