{"id":11040,"date":"2025-07-15T20:24:18","date_gmt":"2025-07-15T20:24:18","guid":{"rendered":"https:\/\/verdadincomodadiario.ar\/?p=11040"},"modified":"2025-07-15T20:24:18","modified_gmt":"2025-07-15T20:24:18","slug":"israel-lanzo-una-ofensiva-en-el-sur-de-siria-para-defender-a-la-comunidad-drusa","status":"publish","type":"post","link":"https:\/\/verdadincomodadiario.ar\/?p=11040","title":{"rendered":"Israel lanz\u00f3 una ofensiva en el sur de Siria para defender a la comunidad drusa"},"content":{"rendered":"<p>El ej\u00e9rcito israel\u00ed\u00a0lanz\u00f3 una <strong>serie de ataques contra veh\u00edculos militares del r\u00e9gimen sirio en la zona de As-Suwayda<\/strong>, en el sur de Siria, luego de detectar el avance de convoyes blindados hacia la regi\u00f3n.<\/p>\n<p>Esto implica <strong>una\u00a0contravenci\u00f3n de los acuerdos que proh\u00edben la presencia militar siria en ese sector<\/strong>\u00a0 cercano a la frontera con Israel. <a href=\"https:\/\/derechadiario.com.ar\/israel\/politica\/ejercito-israeli-elimino-al-terrorista-que-secuestro-emily-damari-7-octubre\" title=\"El ej\u00e9rcito israel\u00ed elimin\u00f3 al terrorista que secuestr\u00f3 a Emily Damari el 7 de octubre\">Mientras tanto, mantienen los operativos en Gaza<\/a>.<\/p>\n<p>La ofensiva fue ordenada directamente por <strong>el primer ministro Benjam\u00edn Netanyahu y el ministro de Israel Katz.<\/strong>\u00a0Los pol\u00edticos se\u00f1alaron que el despliegue de tanques, transportes blindados y lanzacohetes m\u00faltiples en la zona representa <strong>\u201cuna amenaza directa\u201d<\/strong> y una violaci\u00f3n de los entendimientos vigentes.<\/p>\n<div class=\"inter_image image_horizontal\">\n<picture><source class=\"img-responsive\" type=\"image\/webp\" data-srcset=\"https:\/\/filesedc.com\/uploads\/image\/post\/2025\/07\/drusos_300_200.webp 300w, https:\/\/filesedc.com\/uploads\/image\/post\/2025\/07\/drusos_630_420.webp 630w, https:\/\/filesedc.com\/uploads\/image\/post\/2025\/07\/drusos_760_507.webp 760w, https:\/\/filesedc.com\/uploads\/image\/post\/2025\/07\/drusos_1200_800.webp 1200w, https:\/\/filesedc.com\/uploads\/image\/post\/2025\/07\/drusos_1600_1067.webp 1600w, \"><img decoding=\"async\" src=\"https:\/\/derechadiario.com.ar\/filesedc\/uploads\/image\/post\/2025\/07\/drusos_1200_800.webp\" class=\"img-responsive lazyload\" alt=\"Grupo de soldados armados reunidos en una calle con humo y escombros mientras una camioneta militar avanza cerca de ellos\" title=\"Grupo de soldados armados reunidos en una calle con humo y escombros mientras una camioneta militar avanza cerca de ellos\"><\/picture>\n<div>\n<span class=\"img_footer\">Choques entre el regimen sirio y los drusos <\/span>| <span class=\"img_author\">La Derecha Diario<\/span>\n<\/div>\n<\/div>\n<p>En un comunicado oficial, ambos l\u00edderes explicaron que la decisi\u00f3n de atacar responde tambi\u00e9n a la <strong>responsabilidad moral de Israel de proteger a la comunidad drusa en Siria:<\/strong>\u00a0\u201cen virtud del profundo lazo de hermandad con nuestros ciudadanos drusos en Israel y sus v\u00ednculos hist\u00f3ricos y familiares con los drusos al otro lado de la frontera\u201d.<\/p>\n<p>La operaci\u00f3n militar tuvo como objetivo tanto los veh\u00edculos como las rutas de acceso utilizadas por las fuerzas sirias, con el fin de obstaculizar su llegada a la zona.\u00a0<\/p>\n<p>Los ataques se producen en medio de reportes de <strong>fuertes enfrentamientos entre las fuerzas del r\u00e9gimen y miembros de la comunidad drusa en As-Suwayda.<\/strong>\u00a0<\/p>\n","protected":false},"excerpt":{"rendered":"<p>El ej\u00e9rcito israel\u00ed\u00a0lanz\u00f3 una serie de ataques contra veh\u00edculos militares del r\u00e9gimen sirio en la zona de As-Suwayda, en el sur de Siria, luego de detectar el avance de convoyes blindados hacia la regi\u00f3n. Esto implica una\u00a0contravenci\u00f3n de los acuerdos que proh\u00edben la presencia militar siria en ese sector\u00a0 cercano a la frontera con Israel. [&hellip;]<\/p>\n","protected":false},"author":2,"featured_media":11041,"comment_status":"open","ping_status":"open","sticky":false,"template":"","format":"standard","meta":{"_et_pb_use_builder":"","_et_pb_old_content":"","_et_gb_content_width":"","footnotes":""},"categories":[84],"tags":[],"class_list":["post-11040","post","type-post","status-publish","format-standard","has-post-thumbnail","hentry","category-ultimomomento"],"_links":{"self":[{"href":"https:\/\/verdadincomodadiario.ar\/index.php?rest_route=\/wp\/v2\/posts\/11040","targetHints":{"allow":["GET"]}}],"collection":[{"href":"https:\/\/verdadincomodadiario.ar\/index.php?rest_route=\/wp\/v2\/posts"}],"about":[{"href":"https:\/\/verdadincomodadiario.ar\/index.php?rest_route=\/wp\/v2\/types\/post"}],"author":[{"embeddable":true,"href":"https:\/\/verdadincomodadiario.ar\/index.php?rest_route=\/wp\/v2\/users\/2"}],"replies":[{"embeddable":true,"href":"https:\/\/verdadincomodadiario.ar\/index.php?rest_route=%2Fwp%2Fv2%2Fcomments&post=11040"}],"version-history":[{"count":0,"href":"https:\/\/verdadincomodadiario.ar\/index.php?rest_route=\/wp\/v2\/posts\/11040\/revisions"}],"wp:featuredmedia":[{"embeddable":true,"href":"https:\/\/verdadincomodadiario.ar\/index.php?rest_route=\/wp\/v2\/media\/11041"}],"wp:attachment":[{"href":"https:\/\/verdadincomodadiario.ar\/index.php?rest_route=%2Fwp%2Fv2%2Fmedia&parent=11040"}],"wp:term":[{"taxonomy":"category","embeddable":true,"href":"https:\/\/verdadincomodadiario.ar\/index.php?rest_route=%2Fwp%2Fv2%2Fcategories&post=11040"},{"taxonomy":"post_tag","embeddable":true,"href":"https:\/\/verdadincomodadiario.ar\/index.php?rest_route=%2Fwp%2Fv2%2Ftags&post=11040"}],"curies":[{"name":"wp","href":"https:\/\/api.w.org\/{rel}","templated":true}]}}