{"id":11038,"date":"2025-07-15T20:24:19","date_gmt":"2025-07-15T20:24:19","guid":{"rendered":"https:\/\/verdadincomodadiario.ar\/?p=11038"},"modified":"2025-07-15T20:24:19","modified_gmt":"2025-07-15T20:24:19","slug":"provincia-dicto-conciliacion-y-freno-los-despidos-en-petroquimica-rio-tercero","status":"publish","type":"post","link":"https:\/\/verdadincomodadiario.ar\/?p=11038","title":{"rendered":"Provincia dict\u00f3 conciliaci\u00f3n y fren\u00f3 los despidos en Petroqu\u00edmica R\u00edo Tercero"},"content":{"rendered":"<p>En medio de un clima de tensi\u00f3n en la planta, <strong>el Ministerio de Trabajo provincial dict\u00f3 la conciliaci\u00f3n obligatoria este jueves<\/strong>. La decisi\u00f3n deja sin efecto los 124 despidos anunciados por la empresa <a href=\"https:\/\/derechadiario.com.ar\/economia\/petroquimica-rio-tercero-bloqueos-sindicales-y-excusas-corporativas-agravan-crisis\" title=\"Petroqu\u00edmica R\u00edo Tercero: bloqueos sindicales y excusas corporativas agravan la crisis\">Petroqu\u00edmica R\u00edo Tercero<\/a>, del grupo Piero. La medida abre un comp\u00e1s de <strong>15 d\u00edas para intentar una salida negociada entre la firma y el gremio.<\/strong><\/p>\n<p>Durante este per\u00edodo, <strong>ninguna de las partes podr\u00e1 adoptar nuevas medidas que agraven el conflicto ni interrumpir tareas en el polo industrial<\/strong>. \u00a0<strong>Los empleados cesanteados deber\u00e1n reincorporarse a sus puestos<\/strong> mientras se habilita una mesa formal de di\u00e1logo. El Ministerio espera que la negociaci\u00f3n avance sin afectar al resto del sector qu\u00edmico de la ciudad.<\/p>\n<p>El conflicto estall\u00f3 este lunes cuando <strong>la empresa comunic\u00f3 despidos masivos por una \u201creestructuraci\u00f3n profunda\u201d debido a su situaci\u00f3n financiera.<\/strong> El sindicato de qu\u00edmicos denunci\u00f3 irregularidades en las notificaciones y la presencia de efectivos policiales. Seg\u00fan denunciaron, los trabajadores fueron impedidos de ingresar a la planta el d\u00eda del anuncio.<\/p>\n<div class=\"inter_image image_horizontal\">\n<picture><source class=\"img-responsive\" type=\"image\/webp\" data-srcset=\"https:\/\/filesedc.com\/uploads\/image\/post\/2025\/07\/captura-de-pantalla-2025-07-15-142330_300_200.webp 300w, https:\/\/filesedc.com\/uploads\/image\/post\/2025\/07\/captura-de-pantalla-2025-07-15-142330_630_420.webp 630w, https:\/\/filesedc.com\/uploads\/image\/post\/2025\/07\/captura-de-pantalla-2025-07-15-142330_760_507.webp 760w, https:\/\/filesedc.com\/uploads\/image\/post\/2025\/07\/captura-de-pantalla-2025-07-15-142330_1200_800.webp 1200w, https:\/\/filesedc.com\/uploads\/image\/post\/2025\/07\/captura-de-pantalla-2025-07-15-142330_1600_1067.webp 1600w, \"><img decoding=\"async\" src=\"https:\/\/derechadiario.com.ar\/filesedc\/uploads\/image\/post\/2025\/07\/captura-de-pantalla-2025-07-15-142330_1200_800.webp\" class=\"img-responsive lazyload\" alt=\"Dos camionetas de la polic\u00eda estacionadas frente a un edificio con varias personas reunidas en la entrada\" title=\"Dos camionetas de la polic\u00eda estacionadas frente a un edificio con varias personas reunidas en la entrada\"><\/picture>\n<div>\n<span class=\"img_footer\">El acceso a la planta de Petroqu\u00edmica R\u00edo Tercero, el d\u00eda lunes, con conflicto <\/span>| <span class=\"img_author\">La Derecha Diario<\/span>\n<\/div>\n<\/div>\n<h2>El conflicto impact\u00f3 en otras industrias del polo qu\u00edmico local<\/h2>\n<p><strong>El bloqueo gremial a los accesos afect\u00f3 tambi\u00e9n a otras empresas de la zona<\/strong>,<strong><\/strong>\u00a0 como <a href=\"https:\/\/derechadiario.com.ar\/economia\/cordoba-recibiria-parte-planta-que-atanor-cierra-san-nicolas\" title=\"C\u00f3rdoba recibir\u00eda parte de la planta que Atanor cierra en San Nicol\u00e1s\">Atanor<\/a>, ajenas al conflicto directo. \u201cAtanor est\u00e1 en franco crecimiento y no deber\u00eda ser perjudicada por un conflicto que no le pertenece\u201d, advirti\u00f3 el intendente Marcos Ferrer. El dirigente pidi\u00f3 cautela para <strong>evitar m\u00e1s da\u00f1os en una zona clave para la econom\u00eda local.<\/strong><\/p>\n<aside class=\"are-you-interested-container-photo\"><\/aside>\n<p>Sobre Petroqu\u00edmica, Ferrer aclar\u00f3 que \u201ces como si cierra un comercio, porque se trata de una empresa privada\u201d aunque mostr\u00f3 preocupaci\u00f3n por los empleados. A la vez, anunci\u00f3 que <strong>el municipio habilitar\u00e1 una oficina especial para asistir a los trabajadores afectados.<\/strong> La atenci\u00f3n se centrar\u00e1 en brindar asesoramiento legal ante eventuales liquidaciones o reclamos.<\/p>\n<aside class=\"whatsappChannelText\"><a href=\"https:\/\/whatsapp.com\/channel\/0029VagEjILGE56eKjedWF2U\" rel=\"nofollow\" title=\"WhatsApp Link\"><img alt=\"Logo de WhatsApp\" class=\"lazyload\" data-src=\"https:\/\/derechadiario.com.ar\/filesedc\/uploads\/other\/whatsapp_icon_mid_article.png\" width=\"32\" height=\"32\"><\/a> <a href=\"https:\/\/whatsapp.com\/channel\/0029VagEjILGE56eKjedWF2U\" rel=\"nofollow\" title=\"WhatsApp Link\"><strong>NO SE PIERDAN NINGUNA NOTICIA<\/strong>: Click aqu\u00ed para sumarte <strong>GRATIS<\/strong> al canal de noticias de <strong>La Derecha Diario en WhatsApp.<\/strong><\/a><\/aside>\n<p>Durante la conciliaci\u00f3n, se intentar\u00e1 <strong>destrabar el conflicto para evitar que escale y derive en nuevos perjuicios econ\u00f3micos o laborales.<\/strong> El gremio sostiene que los despidos son ilegales y exige su anulaci\u00f3n definitiva. La empresa, por su parte, no ha dado se\u00f1ales p\u00fablicas de revisar su decisi\u00f3n m\u00e1s all\u00e1 de cumplir la conciliaci\u00f3n.<\/p>\n","protected":false},"excerpt":{"rendered":"<p>En medio de un clima de tensi\u00f3n en la planta, el Ministerio de Trabajo provincial dict\u00f3 la conciliaci\u00f3n obligatoria este jueves. La decisi\u00f3n deja sin efecto los 124 despidos anunciados por la empresa Petroqu\u00edmica R\u00edo Tercero, del grupo Piero. La medida abre un comp\u00e1s de 15 d\u00edas para intentar una salida negociada entre la firma [&hellip;]<\/p>\n","protected":false},"author":2,"featured_media":11039,"comment_status":"open","ping_status":"open","sticky":false,"template":"","format":"standard","meta":{"_et_pb_use_builder":"","_et_pb_old_content":"","_et_gb_content_width":"","footnotes":""},"categories":[84],"tags":[],"class_list":["post-11038","post","type-post","status-publish","format-standard","has-post-thumbnail","hentry","category-ultimomomento"],"_links":{"self":[{"href":"https:\/\/verdadincomodadiario.ar\/index.php?rest_route=\/wp\/v2\/posts\/11038","targetHints":{"allow":["GET"]}}],"collection":[{"href":"https:\/\/verdadincomodadiario.ar\/index.php?rest_route=\/wp\/v2\/posts"}],"about":[{"href":"https:\/\/verdadincomodadiario.ar\/index.php?rest_route=\/wp\/v2\/types\/post"}],"author":[{"embeddable":true,"href":"https:\/\/verdadincomodadiario.ar\/index.php?rest_route=\/wp\/v2\/users\/2"}],"replies":[{"embeddable":true,"href":"https:\/\/verdadincomodadiario.ar\/index.php?rest_route=%2Fwp%2Fv2%2Fcomments&post=11038"}],"version-history":[{"count":0,"href":"https:\/\/verdadincomodadiario.ar\/index.php?rest_route=\/wp\/v2\/posts\/11038\/revisions"}],"wp:featuredmedia":[{"embeddable":true,"href":"https:\/\/verdadincomodadiario.ar\/index.php?rest_route=\/wp\/v2\/media\/11039"}],"wp:attachment":[{"href":"https:\/\/verdadincomodadiario.ar\/index.php?rest_route=%2Fwp%2Fv2%2Fmedia&parent=11038"}],"wp:term":[{"taxonomy":"category","embeddable":true,"href":"https:\/\/verdadincomodadiario.ar\/index.php?rest_route=%2Fwp%2Fv2%2Fcategories&post=11038"},{"taxonomy":"post_tag","embeddable":true,"href":"https:\/\/verdadincomodadiario.ar\/index.php?rest_route=%2Fwp%2Fv2%2Ftags&post=11038"}],"curies":[{"name":"wp","href":"https:\/\/api.w.org\/{rel}","templated":true}]}}