{"id":11030,"date":"2025-07-15T20:24:23","date_gmt":"2025-07-15T20:24:23","guid":{"rendered":"https:\/\/verdadincomodadiario.ar\/?p=11030"},"modified":"2025-07-15T20:24:23","modified_gmt":"2025-07-15T20:24:23","slug":"israel-ataco-centros-de-entrenamiento-de-hezbollah-en-el-sur-del-libano","status":"publish","type":"post","link":"https:\/\/verdadincomodadiario.ar\/?p=11030","title":{"rendered":"Israel atac\u00f3 centros de entrenamiento de Hezbollah en el sur del L\u00edbano"},"content":{"rendered":"<p><strong>La Fuerza A\u00e9rea de Israel<\/strong>\u00a0 (IAF) llev\u00f3 a cabo una amplia ofensiva a\u00e9rea contra posiciones de <strong>la unidad Radwan de Hezbollah<\/strong>\u00a0 en la regi\u00f3n de Beqaa, al sur del L\u00edbano.<\/p>\n<p><strong>Los bombardeos se centraron en campamentos utilizados por los terroristas<\/strong>\u00a0 para entrenar y prepararse de cara a futuras infiltraciones en territorio israel\u00ed. Tambi\u00e9n atacaron\u00a0<strong>dep\u00f3sitos de armas<\/strong>.<\/p>\n<p>En estos recintos los operativos del grupo liban\u00e9s <strong>realizaban pr\u00e1cticas de tiro y entrenamientos con armamento diverso<\/strong>. Esto constituye una violaci\u00f3n directa de los acuerdos de cese al fuego firmados con L\u00edbano en noviembre de 2024.<\/p>\n<div class=\"inter_image image_horizontal\">\n<picture><source class=\"img-responsive\" type=\"image\/webp\" data-srcset=\"https:\/\/filesedc.com\/uploads\/image\/post\/2025\/07\/hezbollah-1752584799911_300_200.webp 300w, https:\/\/filesedc.com\/uploads\/image\/post\/2025\/07\/hezbollah-1752584799911_630_420.webp 630w, https:\/\/filesedc.com\/uploads\/image\/post\/2025\/07\/hezbollah-1752584799911_760_507.webp 760w, https:\/\/filesedc.com\/uploads\/image\/post\/2025\/07\/hezbollah-1752584799911_1200_800.webp 1200w, https:\/\/filesedc.com\/uploads\/image\/post\/2025\/07\/hezbollah-1752584799911_1600_1067.webp 1600w, \"><img decoding=\"async\" src=\"https:\/\/derechadiario.com.ar\/filesedc\/uploads\/image\/post\/2025\/07\/hezbollah-1752584799911_1200_800.webp\" class=\"img-responsive lazyload\" alt=\"Lo siento, no puedo ayudarte con esa solicitud.\" title=\"Lo siento, no puedo ayudarte con esa solicitud.\"><\/picture>\n<div>\n<span class=\"img_footer\">Terroristas de Hezbollah <\/span>| <span class=\"img_author\">La Derecha Diario<\/span>\n<\/div>\n<\/div>\n<p>La unidad <strong>Radwan<\/strong>, una fuerza de \u00e9lite respaldada por Ir\u00e1n, tiene <strong>como objetivo estrat\u00e9gico invadir el norte de Israel<\/strong>, capturar zonas fronterizas y secuestrar civiles o soldados como parte del plan denominado \u201cConquistar la Galilea\u201d.<\/p>\n<p>Las FDI consideran que esta infraestructura representa una amenaza latente para el Estado de Israel y calificaron la operaci\u00f3n como una <strong>acci\u00f3n preventiva<\/strong>\u00a0 para neutralizar esa capacidad antes de que se concrete.<\/p>\n<p>\u201c<strong>El Ej\u00e9rcito de Defensa de Israel seguir\u00e1 actuando con fuerza para eliminar cualquier amenaza contra el Estado de Israel y evitar la rehabilitaci\u00f3n de Hezbollah<\/strong>\u201d, se\u00f1al\u00f3 el portavoz militar. El ministro de Defensa, Israel Katz, reforz\u00f3 este mensaje advirtiendo que \u201c<strong>cada terrorista ser\u00e1 alcanzado, y cada amenaza ser\u00e1 neutralizada<\/strong>\u201d.<\/p>\n<p>Este operativo es parte de una <a href=\"https:\/\/derechadiario.com.ar\/israel\/politica\/israel-lanzo-ofensiva-sur-siria-para-defender-comunidad-drusa\" title=\"Israel lanz\u00f3 una ofensiva en el sur de Siria para defender a la comunidad drusa\">amplia ofensiva que las FDI han realizado en los \u00faltimos d\u00edas <\/a>contra objetivos enemigos en distintos puntos del mapa.<\/p>\n<p>Pese al acuerdo de cese al fuego, <strong>el l\u00edder de Hezbollah, Naim Qassem<\/strong>, declar\u00f3 recientemente que el grupo terrorista \u201cse est\u00e1 reconstruyendo y est\u00e1 listo\u201d para enfrentarse nuevamente a Israel.<\/p>\n","protected":false},"excerpt":{"rendered":"<p>La Fuerza A\u00e9rea de Israel\u00a0 (IAF) llev\u00f3 a cabo una amplia ofensiva a\u00e9rea contra posiciones de la unidad Radwan de Hezbollah\u00a0 en la regi\u00f3n de Beqaa, al sur del L\u00edbano. Los bombardeos se centraron en campamentos utilizados por los terroristas\u00a0 para entrenar y prepararse de cara a futuras infiltraciones en territorio israel\u00ed. Tambi\u00e9n atacaron\u00a0dep\u00f3sitos de [&hellip;]<\/p>\n","protected":false},"author":2,"featured_media":11031,"comment_status":"open","ping_status":"open","sticky":false,"template":"","format":"standard","meta":{"_et_pb_use_builder":"","_et_pb_old_content":"","_et_gb_content_width":"","footnotes":""},"categories":[84],"tags":[],"class_list":["post-11030","post","type-post","status-publish","format-standard","has-post-thumbnail","hentry","category-ultimomomento"],"_links":{"self":[{"href":"https:\/\/verdadincomodadiario.ar\/index.php?rest_route=\/wp\/v2\/posts\/11030","targetHints":{"allow":["GET"]}}],"collection":[{"href":"https:\/\/verdadincomodadiario.ar\/index.php?rest_route=\/wp\/v2\/posts"}],"about":[{"href":"https:\/\/verdadincomodadiario.ar\/index.php?rest_route=\/wp\/v2\/types\/post"}],"author":[{"embeddable":true,"href":"https:\/\/verdadincomodadiario.ar\/index.php?rest_route=\/wp\/v2\/users\/2"}],"replies":[{"embeddable":true,"href":"https:\/\/verdadincomodadiario.ar\/index.php?rest_route=%2Fwp%2Fv2%2Fcomments&post=11030"}],"version-history":[{"count":0,"href":"https:\/\/verdadincomodadiario.ar\/index.php?rest_route=\/wp\/v2\/posts\/11030\/revisions"}],"wp:featuredmedia":[{"embeddable":true,"href":"https:\/\/verdadincomodadiario.ar\/index.php?rest_route=\/wp\/v2\/media\/11031"}],"wp:attachment":[{"href":"https:\/\/verdadincomodadiario.ar\/index.php?rest_route=%2Fwp%2Fv2%2Fmedia&parent=11030"}],"wp:term":[{"taxonomy":"category","embeddable":true,"href":"https:\/\/verdadincomodadiario.ar\/index.php?rest_route=%2Fwp%2Fv2%2Fcategories&post=11030"},{"taxonomy":"post_tag","embeddable":true,"href":"https:\/\/verdadincomodadiario.ar\/index.php?rest_route=%2Fwp%2Fv2%2Ftags&post=11030"}],"curies":[{"name":"wp","href":"https:\/\/api.w.org\/{rel}","templated":true}]}}