{"id":1103,"date":"2025-04-03T20:32:05","date_gmt":"2025-04-03T20:32:05","guid":{"rendered":"https:\/\/verdadincomodadiario.ar\/?p=1103"},"modified":"2025-04-03T20:32:05","modified_gmt":"2025-04-03T20:32:05","slug":"javier-milei-dira-presente-en-el-congreso-del-iaef-sobre-economia-y-finanzas","status":"publish","type":"post","link":"https:\/\/verdadincomodadiario.ar\/?p=1103","title":{"rendered":"Javier Milei dir\u00e1 presente en el congreso del IAEF sobre econom\u00eda y finanzas"},"content":{"rendered":"<p>El <strong>Instituto Argentino de Ejecutivos de Finanzas (<a href=\"https:\/\/derechadiario.com.ar\/negocios-finanzas\/asi-fue-19-simposio-mercado-capitales-y-finanzas-corporativas-del-iaef\" title=\"As\u00ed fue el 19\u00b0 Simposio de Mercado de Capitales y Finanzas Corporativas del IAEF\">IAEF<\/a>)<\/strong>\u00a0 organiza el Congreso Buenos Aires, un evento que reunir\u00e1 a las <strong>figuras m\u00e1s influyentes del \u00e1mbito econ\u00f3mico<\/strong> y financiero del pa\u00eds.<\/p>\n<p>La jornada se llevar\u00e1 a cabo el 13 de mayo en el Centro de Convenciones Buenos Aires y \u00a0<strong>contar\u00e1 con la destacada presencia del presidente Javier Milei<\/strong>, cuya participaci\u00f3n genera gran expectativa en el sector.<\/p>\n<h2><strong>Javier Milei: el principal atractivo del evento<\/strong><\/h2>\n<p><strong>El mandatario argentino, reconocido por su enfoque liberal y sus pol\u00edticas econ\u00f3micas orientadas a la desregulaci\u00f3n y reducci\u00f3n del gasto p\u00fablico<\/strong>, ser\u00e1 una de las figuras centrales del congreso. Su presencia representa una oportunidad \u00fanica para conocer de primera mano sus perspectivas sobre el <strong>futuro econ\u00f3mico del pa\u00eds y las pr\u00f3ximas medidas de su gesti\u00f3n.<\/strong><\/p>\n<div class=\"inter_image image_horizontal\">\n<picture><source class=\"img-responsive\" type=\"image\/webp\" data-srcset=\"\/filesedc\/uploads\/image\/post\/screenshot-2025-03-31-194716_300_200.webp 300w, \n\/filesedc\/uploads\/image\/post\/screenshot-2025-03-31-194716_630_420.webp 630w,\n                                \/filesedc\/uploads\/image\/post\/screenshot-2025-03-31-194716_760_507.webp 760w,\n                                \/filesedc\/uploads\/image\/post\/screenshot-2025-03-31-194716_1200_800.webp 1200w,\n                                \/filesedc\/uploads\/image\/post\/screenshot-2025-03-31-194716_1600_1067.webp 1600w\"><img decoding=\"async\" src=\"https:\/\/derechadiario.com.ar\/filesedc\/uploads\/image\/post\/screenshot-2025-03-31-194716_1200_800.webp\" class=\"img-responsive lazyload\" alt=\"Un hombre de pie detr\u00e1s de un podio con el logo de IAEF y banderas a su lado, gesticulando con las manos mientras habla.\" title=\"Un hombre de pie detr\u00e1s de un podio con el logo de IAEF y banderas a su lado, gesticulando con las manos mientras habla.\"><\/picture>\n<div>\n<span class=\"img_footer\">IAEF organiza el Congreso Buenos Aires con la presencia de Javier Milei <\/span>| <span class=\"img_author\">La Derecha Diario<\/span>\n<\/div>\n<\/div>\n<p>En un contexto de cambios estructurales y reformas profundas, \u00a0<strong>la participaci\u00f3n de Milei podr\u00eda marcar el tono de las discusiones sobre el rumbo financiero de Argentin<\/strong>a. Adem\u00e1s, su exposici\u00f3n promete atraer a empresarios, inversores y analistas interesados en entender el impacto de sus pol\u00edticas en los mercados.<\/p>\n<aside class=\"are-you-interested-container-photo\"><\/aside>\n<h2><strong>Oradores confirmados: un panel de alto nivel<\/strong><\/h2>\n<p>Junto a <strong>Milei, el Congreso Buenos Aires contar\u00e1 con un prestigioso grupo de disertantes que abordar\u00e1n los desaf\u00edos y oportunidades del sector financiero<\/strong>. Entre ellos se encuentran:<\/p>\n<ul>\n<li>Marcelo \u00c1lvarez \u2013 Director Ejecutivo de Barrick<\/li>\n<li>Daniel Artana \u2013 Economista Jefe de FIEL<\/li>\n<li>Federico Barroetave\u00f1a \u2013 CFO de YPF<\/li>\n<li>\n<strong>Santiago Bausili<\/strong> \u2013 Presidente del Banco Central de la Rep\u00fablica Argentina (a confirmar)<\/li>\n<li>\n<strong>Patricia Bullrich<\/strong> \u2013 Ministra de Seguridad de la Naci\u00f3n (a confirmar)<\/li>\n<li>\n<strong>Luis Caputo<\/strong> \u2013 Ministro de Econom\u00eda de la Naci\u00f3n (a confirmar)<\/li>\n<li>Alfredo Cornejo \u2013 Gobernador de Mendoza (a confirmar)<\/li>\n<li>Jorge Macri \u2013 Jefe de Gobierno de la Ciudad de Buenos Aires (a confirmar)<\/li>\n<\/ul>\n<aside class=\"whatsappChannelText\"><a href=\"https:\/\/whatsapp.com\/channel\/0029VagEjILGE56eKjedWF2U\" rel=\"nofollow\" title=\"WhatsApp Link\"><img alt=\"Logo de WhatsApp\" class=\"lazyload\" data-src=\"https:\/\/derechadiario.com.ar\/filesedc\/uploads\/other\/whatsapp_icon_mid_article.png\" width=\"32\" height=\"32\"><\/a> <a href=\"https:\/\/whatsapp.com\/channel\/0029VagEjILGE56eKjedWF2U\" rel=\"nofollow\" title=\"WhatsApp Link\"><strong>NO SE PIERDAN NINGUNA NOTICIA<\/strong>: Click aqu\u00ed para sumarte <strong>GRATIS<\/strong> al canal de noticias de <strong>La Derecha Diario en WhatsApp.<\/strong><\/a><\/aside>\n<figure><img decoding=\"async\" src=\"https:\/\/derechadiario.com.ar\/filesedc\/uploads\/image\/post\/screenshot-2025-03-31-194534_1200_1600.webp\" class=\"img-responsive lazyload\" alt=\"Imagen promocional del 42\u00ba Congreso Anual del IAEF titulado \" argentina estrategias para un futuro competitivo que se llevar a cabo el martes de mayo horas en cec con la participaci expositores convocados como javier milei marcelo daniel artana federico barroetave santiago bausili gabriel blasi mariana camino luis caputo alfredo cornejo isela costantini y florencia donovan. title=\"Imagen promocional del 42\u00ba Congreso Anual del IAEF titulado \"><\/figure>\n<p>Con esta destacada n\u00f3mina, \u00a0<strong>el evento promete ser un espacio clave para debatir el presente y futuro de la econom\u00eda argentina<\/strong>, desde la estabilidad monetaria hasta el desarrollo de inversiones.<\/p>\n<h2><strong>Detalles de inscripci\u00f3n<\/strong><\/h2>\n<figure><img decoding=\"async\" src=\"https:\/\/derechadiario.com.ar\/filesedc\/uploads\/image\/post\/screenshot-2025-03-31-194605_1200_800.webp\" class=\"img-responsive lazyload\" alt=\"La imagen muestra un cartel del 42\u00ba Congreso Anual del IAEF con el tema \" argentina estrategias para un futuro competitivo sobre fondo azul con dise geom title=\"La imagen muestra un cartel del 42\u00ba Congreso Anual del IAEF con el tema \"><\/figure>\n<p><strong>El Congreso Buenos Aires se presenta como una cita ineludible para empresarios, ejecutivos y especialistas en finanzas.<\/strong> La entrada es gratuita para socios del <a href=\"https:\/\/derechadiario.com.ar\/negocios-finanzas\/iaef-organiza-19-simposio-mercado-capitales-y-finanzas-corporativas\" title=\"El IAEF organiza el 19\u00b0 Simposio de Mercado de Capitales y Finanzas Corporativas\">IAEF<\/a>, mientras que los no socios deber\u00e1n abonar <strong>$700.000 para participar.<\/strong><\/p>\n<p>Para m\u00e1s informaci\u00f3n e inscripciones, <strong>se puede visitar el sitio oficial del IAEF.<\/strong><\/p>\n","protected":false},"excerpt":{"rendered":"<p>El Instituto Argentino de Ejecutivos de Finanzas (IAEF)\u00a0 organiza el Congreso Buenos Aires, un evento que reunir\u00e1 a las figuras m\u00e1s influyentes del \u00e1mbito econ\u00f3mico y financiero del pa\u00eds. La jornada se llevar\u00e1 a cabo el 13 de mayo en el Centro de Convenciones Buenos Aires y \u00a0contar\u00e1 con la destacada presencia del presidente Javier [&hellip;]<\/p>\n","protected":false},"author":2,"featured_media":1104,"comment_status":"open","ping_status":"open","sticky":false,"template":"","format":"standard","meta":{"_et_pb_use_builder":"","_et_pb_old_content":"","_et_gb_content_width":"","footnotes":""},"categories":[80],"tags":[],"class_list":["post-1103","post","type-post","status-publish","format-standard","has-post-thumbnail","hentry","category-economia-2"],"_links":{"self":[{"href":"https:\/\/verdadincomodadiario.ar\/index.php?rest_route=\/wp\/v2\/posts\/1103","targetHints":{"allow":["GET"]}}],"collection":[{"href":"https:\/\/verdadincomodadiario.ar\/index.php?rest_route=\/wp\/v2\/posts"}],"about":[{"href":"https:\/\/verdadincomodadiario.ar\/index.php?rest_route=\/wp\/v2\/types\/post"}],"author":[{"embeddable":true,"href":"https:\/\/verdadincomodadiario.ar\/index.php?rest_route=\/wp\/v2\/users\/2"}],"replies":[{"embeddable":true,"href":"https:\/\/verdadincomodadiario.ar\/index.php?rest_route=%2Fwp%2Fv2%2Fcomments&post=1103"}],"version-history":[{"count":0,"href":"https:\/\/verdadincomodadiario.ar\/index.php?rest_route=\/wp\/v2\/posts\/1103\/revisions"}],"wp:featuredmedia":[{"embeddable":true,"href":"https:\/\/verdadincomodadiario.ar\/index.php?rest_route=\/wp\/v2\/media\/1104"}],"wp:attachment":[{"href":"https:\/\/verdadincomodadiario.ar\/index.php?rest_route=%2Fwp%2Fv2%2Fmedia&parent=1103"}],"wp:term":[{"taxonomy":"category","embeddable":true,"href":"https:\/\/verdadincomodadiario.ar\/index.php?rest_route=%2Fwp%2Fv2%2Fcategories&post=1103"},{"taxonomy":"post_tag","embeddable":true,"href":"https:\/\/verdadincomodadiario.ar\/index.php?rest_route=%2Fwp%2Fv2%2Ftags&post=1103"}],"curies":[{"name":"wp","href":"https:\/\/api.w.org\/{rel}","templated":true}]}}