{"id":11028,"date":"2025-07-15T20:24:24","date_gmt":"2025-07-15T20:24:24","guid":{"rendered":"https:\/\/verdadincomodadiario.ar\/?p=11028"},"modified":"2025-07-15T20:24:24","modified_gmt":"2025-07-15T20:24:24","slug":"iran-se-refugia-en-china-y-rusia-para-mantenerse-como-estado-terrorista","status":"publish","type":"post","link":"https:\/\/verdadincomodadiario.ar\/?p=11028","title":{"rendered":"Ir\u00e1n se refugia en China y Rusia para mantenerse como estado terrorista"},"content":{"rendered":"<p>El ministro de Relaciones Exteriores de la rep\u00fablica terrorista de\u00a0Ir\u00e1n, <strong>Abbas Araqchi<\/strong>, mantuvo un encuentro bilateral con el presidente de China, <strong>Xi Jinping<\/strong>.<\/p>\n<p>Fue tras el anuncio de que Ir\u00e1n mantendr\u00e1 reuniones bilaterales con China y Rusia en el marco de <strong>la cumbre de ministros de Exteriores de la Organizaci\u00f3n de Cooperaci\u00f3n de Shangh\u00e1i<\/strong>\u00a0 (OCS), que se celebra este martes en Tianjin, China. La cita llega <strong>semanas despu\u00e9s de una guerra a\u00e9rea de 12 d\u00edas con Israel<\/strong>.<\/p>\n<p>El ministro de Exteriores iran\u00ed, Abbas Araqchi, confirm\u00f3 que estos encuentros \u201c<strong>tienen especial importancia en la situaci\u00f3n actual<\/strong>\u201d.<\/p>\n<p><strong>Las conversaciones con China y Rusia buscan apuntalar el respaldo pol\u00edtico de Teher\u00e1n frente al aislamiento occidental.<\/strong><\/p>\n<div class=\"inter_image image_horizontal\">\n<picture><source class=\"img-responsive\" type=\"image\/webp\" data-srcset=\"https:\/\/filesedc.com\/uploads\/image\/post\/2025\/07\/iranrussia_300_200.webp 300w, https:\/\/filesedc.com\/uploads\/image\/post\/2025\/07\/iranrussia_630_420.webp 630w, https:\/\/filesedc.com\/uploads\/image\/post\/2025\/07\/iranrussia_760_507.webp 760w, https:\/\/filesedc.com\/uploads\/image\/post\/2025\/07\/iranrussia_1200_800.webp 1200w, https:\/\/filesedc.com\/uploads\/image\/post\/2025\/07\/iranrussia_1600_1067.webp 1600w, \"><img decoding=\"async\" src=\"https:\/\/derechadiario.com.ar\/filesedc\/uploads\/image\/post\/2025\/07\/iranrussia_1200_800.webp\" class=\"img-responsive lazyload\" alt=\"Dos hombres con trajes formales sentados en sillones conversan frente a un fondo azul con logotipos y texto en ruso, entre ellos hay una mesa peque\u00f1a con las banderas de Ir\u00e1n y Rusia.\" title=\"Dos hombres con trajes formales sentados en sillones conversan frente a un fondo azul con logotipos y texto en ruso, entre ellos hay una mesa peque\u00f1a con las banderas de Ir\u00e1n y Rusia.\"><\/picture>\n<div>\n<span class=\"img_footer\">El canciller iran\u00ed con el enviado de Rusia <\/span>| <span class=\"img_author\">La Derecha Diario<\/span>\n<\/div>\n<\/div>\n<p><strong>La OCS es un bloque pol\u00edtico y de seguridad compuesto por diez pa\u00edses, incluidos China, Rusia, India, Pakist\u00e1n e Ir\u00e1n<\/strong>. En los \u00faltimos a\u00f1os, Ir\u00e1n ha encontrado refugio en alianzas con reg\u00edmenes autoritarios, reforzando su cooperaci\u00f3n con Mosc\u00fa y Pek\u00edn. <strong>Beijing absorbe hasta el 90% de las exportaciones petroleras iran\u00edes<\/strong>, mientras que Rusia firm\u00f3 un pacto estrat\u00e9gico con Teher\u00e1n por 20 a\u00f1os.<\/p>\n<p>En junio, <strong>Israel y Estados Unidos atacaron instalaciones nucleares iran\u00edes<\/strong>, alegando que eran parte de un programa de armamento. Ir\u00e1n lo niega.<\/p>\n<p>No hay que olvidar que <a href=\"https:\/\/derechadiario.com.ar\/israel\/politica\/ejercito-israeli-elimino-al-terrorista-que-secuestro-emily-damari-7-octubre\" title=\"El ej\u00e9rcito israel\u00ed elimin\u00f3 al terrorista que secuestr\u00f3 a Emily Damari el 7 de octubre\">Ir\u00e1n es el estado terrorista detr\u00e1s de los ataques del 7 de octubre contra Israel<\/a>.<\/p>\n<p>Araqchi se\u00f1al\u00f3 que la OCS &#8220;est\u00e1 ampliando su papel en el escenario global&#8221;, abordando temas econ\u00f3micos, pol\u00edticos y de seguridad. <strong>La estrategia iran\u00ed es clara: afianzarse en un eje antioccidental liderado por potencias autoritarias<\/strong>.<\/p>\n<p>En un escenario internacional cada vez m\u00e1s polarizado, Ir\u00e1n fortalece sus v\u00ednculos con reg\u00edmenes que desaf\u00edan el orden liberal occidental.<\/p>\n","protected":false},"excerpt":{"rendered":"<p>El ministro de Relaciones Exteriores de la rep\u00fablica terrorista de\u00a0Ir\u00e1n, Abbas Araqchi, mantuvo un encuentro bilateral con el presidente de China, Xi Jinping. Fue tras el anuncio de que Ir\u00e1n mantendr\u00e1 reuniones bilaterales con China y Rusia en el marco de la cumbre de ministros de Exteriores de la Organizaci\u00f3n de Cooperaci\u00f3n de Shangh\u00e1i\u00a0 (OCS), [&hellip;]<\/p>\n","protected":false},"author":2,"featured_media":11029,"comment_status":"open","ping_status":"open","sticky":false,"template":"","format":"standard","meta":{"_et_pb_use_builder":"","_et_pb_old_content":"","_et_gb_content_width":"","footnotes":""},"categories":[84],"tags":[],"class_list":["post-11028","post","type-post","status-publish","format-standard","has-post-thumbnail","hentry","category-ultimomomento"],"_links":{"self":[{"href":"https:\/\/verdadincomodadiario.ar\/index.php?rest_route=\/wp\/v2\/posts\/11028","targetHints":{"allow":["GET"]}}],"collection":[{"href":"https:\/\/verdadincomodadiario.ar\/index.php?rest_route=\/wp\/v2\/posts"}],"about":[{"href":"https:\/\/verdadincomodadiario.ar\/index.php?rest_route=\/wp\/v2\/types\/post"}],"author":[{"embeddable":true,"href":"https:\/\/verdadincomodadiario.ar\/index.php?rest_route=\/wp\/v2\/users\/2"}],"replies":[{"embeddable":true,"href":"https:\/\/verdadincomodadiario.ar\/index.php?rest_route=%2Fwp%2Fv2%2Fcomments&post=11028"}],"version-history":[{"count":0,"href":"https:\/\/verdadincomodadiario.ar\/index.php?rest_route=\/wp\/v2\/posts\/11028\/revisions"}],"wp:featuredmedia":[{"embeddable":true,"href":"https:\/\/verdadincomodadiario.ar\/index.php?rest_route=\/wp\/v2\/media\/11029"}],"wp:attachment":[{"href":"https:\/\/verdadincomodadiario.ar\/index.php?rest_route=%2Fwp%2Fv2%2Fmedia&parent=11028"}],"wp:term":[{"taxonomy":"category","embeddable":true,"href":"https:\/\/verdadincomodadiario.ar\/index.php?rest_route=%2Fwp%2Fv2%2Fcategories&post=11028"},{"taxonomy":"post_tag","embeddable":true,"href":"https:\/\/verdadincomodadiario.ar\/index.php?rest_route=%2Fwp%2Fv2%2Ftags&post=11028"}],"curies":[{"name":"wp","href":"https:\/\/api.w.org\/{rel}","templated":true}]}}