{"id":11026,"date":"2025-07-15T20:24:25","date_gmt":"2025-07-15T20:24:25","guid":{"rendered":"https:\/\/verdadincomodadiario.ar\/?p=11026"},"modified":"2025-07-15T20:24:25","modified_gmt":"2025-07-15T20:24:25","slug":"el-tweet-de-diego-valenzuela-que-impulso-una-millonaria-inversion-en-tres-de-febrero","status":"publish","type":"post","link":"https:\/\/verdadincomodadiario.ar\/?p=11026","title":{"rendered":"El tweet de Diego Valenzuela que impuls\u00f3 una millonaria inversi\u00f3n en Tres de Febrero"},"content":{"rendered":"<p>En octubre de 2024, el intendente peronista de La Matanza, <strong>Fernando Espinoza<\/strong>, intent\u00f3 clausurar la construcci\u00f3n del segundo centro de distribuci\u00f3n de <a href=\"https:\/\/derechadiario.com.ar\/economia\/mercado-libre-anuncio-instalacion-nuevo-centro-logistico-tres-febrero\" target=\"_blank\" title=\"Mercado Libre anunci\u00f3 la instalaci\u00f3n de un nuevo centro log\u00edstico en Tres de Febrero\"><strong>Mercado Libre<\/strong><\/a> dentro del Mercado Central, un predio que depende de la Naci\u00f3n, la Provincia y la Ciudad, argumentando una supuesta \u201c<strong>falta de habilitaciones municipales<\/strong>\u201d.<\/p>\n<p><strong>Marcos Galperin<\/strong>, fundador y CEO de <a href=\"https:\/\/derechadiario.com.ar\/economia\/mercado-libre-invertira-us2600-millones-argentina-y-sumara-2000-empleos-2025\" target=\"_blank\" title=\"Mercado Libre invertir\u00e1 US$2600 millones en Argentina y sumar\u00e1 2000 empleos en 2025\">Mercado Libre<\/a>, reaccion\u00f3 en su cuenta de X con una fuerte cr\u00edtica al modelo kirchnerista: \u201c<strong>80 a\u00f1os combatiendo al capital y generando pobreza\u2026 solo en La Matanza nos los clausuran<\/strong>\u201d.<\/p>\n<p>La pol\u00e9mica gener\u00f3 una intervenci\u00f3n de figuras de La Libertad Avanza como <strong>Jos\u00e9 Luis Espert<\/strong>, quienes realizaron un acto simb\u00f3lico y denunciaron a Espinoza por impedir la <strong>libertad de empresa<\/strong>.<\/p>\n<div class=\"inter_image image_vertical\">\n<picture><source class=\"img-responsive\" type=\"image\/webp\" data-srcset=\"https:\/\/filesedc.com\/uploads\/image\/post\/2025\/07\/imagen-de-whatsapp-2025-07-15-a-las-163108-b8c2d077_300_400.webp 300w, https:\/\/filesedc.com\/uploads\/image\/post\/2025\/07\/imagen-de-whatsapp-2025-07-15-a-las-163108-b8c2d077_630_840.webp 630w, https:\/\/filesedc.com\/uploads\/image\/post\/2025\/07\/imagen-de-whatsapp-2025-07-15-a-las-163108-b8c2d077_760_1013.webp 760w, https:\/\/filesedc.com\/uploads\/image\/post\/2025\/07\/imagen-de-whatsapp-2025-07-15-a-las-163108-b8c2d077_1200_1600.webp 1200w, https:\/\/filesedc.com\/uploads\/image\/post\/2025\/07\/imagen-de-whatsapp-2025-07-15-a-las-163108-b8c2d077_1600_2133.webp 1600w, \"><img decoding=\"async\" src=\"https:\/\/derechadiario.com.ar\/filesedc\/uploads\/image\/post\/2025\/07\/imagen-de-whatsapp-2025-07-15-a-las-163108-b8c2d077_1200_1600.webp\" class=\"img-responsive lazyload\" alt=\"Captura de pantalla de un tuit de Diego Valenzuela respondiendo a otro de Marcos Galperin, donde se muestran im\u00e1genes de una obra clausurada y presencia policial en La Matanza\" title=\"Captura de pantalla de un tuit de Diego Valenzuela respondiendo a otro de Marcos Galperin, donde se muestran im\u00e1genes de una obra clausurada y presencia policial en La Matanza\"><\/picture>\n<div>\n<span class=\"img_footer\">El mensaje de Valenzuela. <\/span>| <span class=\"img_author\">La Derecha Diario<\/span>\n<\/div>\n<\/div>\n<p>Pero tambi\u00e9n reson\u00f3 un tuit inesperado del intendente libertario de Tres de Febrero, <strong>Diego Valenzuela<\/strong>, quien todav\u00eda no ten\u00eda v\u00ednculo con Galperin: \u201c<strong>A una inversi\u00f3n as\u00ed yo en Tres de Febrero la recibir\u00eda con los brazos abiertos, facilitando todo para que se pueda desarrollar<\/strong>\u201d. Esa frase, sin saberlo, fue el detonante de un nuevo horizonte para Mercado Libre en el conurbano.<\/p>\n<aside class=\"are-you-interested-container-photo\"><\/aside>\n<p>Menos de un a\u00f1o despu\u00e9s, ese mensaje en redes sociales se convirti\u00f3 en realidad. Ayer, 14 de julio de 2025, Mercado Libre anunci\u00f3 que invertir\u00e1 <strong>USD\u202f65\u202fmillones<\/strong> en un <strong>nuevo centro log\u00edstico en Tres de Febrero<\/strong>, generando m\u00e1s \u00a0<strong>de 400 empleos directos<\/strong>.<\/p>\n<p>El nuevo hub operar\u00e1 en el \u201cPredio Log\u00edstico Tres de Febrero\u201d, propiedad del Grupo Posadas, con 58.000\u202fm\u00b2 y la capacidad de procesar 100.000 productos por d\u00eda y almacenar hasta 570.000 art\u00edculos.<\/p>\n<p>\u201c<strong>La apertura permitir\u00e1 mejorar la eficiencia de los env\u00edos, facilitando entregas en 24\u202fhoras\u2026 valoramos que el Municipio impulse las condiciones necesarias para incentivar desarrollo econ\u00f3mico y empleo formal<\/strong>\u201d, explic\u00f3 <strong>Juan Mart\u00edn de la Serna<\/strong>, presidente de Mercado Libre Argentina.<\/p>\n<figure><img decoding=\"async\" src=\"https:\/\/derechadiario.com.ar\/filesedc\/uploads\/image\/post\/2025\/07\/gv1zi4owwaareox_1200_1600.webp\" class=\"img-responsive lazyload\" alt=\"Ilustraci\u00f3n de un nuevo centro de almacenamiento de Mercado Libre en Buenos Aires, destacando la creaci\u00f3n de 400 empleos, capacidad para procesar m\u00e1s de 100,000 productos diarios, mayor espacio para pymes y una superficie de 58,000 metros cuadrados.\" title=\"Ilustraci\u00f3n de un nuevo centro de almacenamiento de Mercado Libre en Buenos Aires, destacando la creaci\u00f3n de 400 empleos, capacidad para procesar m\u00e1s de 100,000 productos diarios, mayor espacio para pymes y una superficie de 58,000 metros cuadrados.\"><\/figure>\n<p>El apoyo del municipio no fue improvisado. En junio de 2025, el Concejo Deliberante de Tres de Febrero aprob\u00f3 un <strong>R\u00e9gimen de Incentivos a la Generaci\u00f3n de Inversiones<\/strong> (RIGI) municipal, basado en el exitoso RIGI lanzado a nivel nacional por el Gobierno de <strong>Javier Milei<\/strong>.\u00a0Este mini-RIGI\u00a0ofrece:<\/p>\n<ul>\n<li>Estabilidad tributaria por 30 a\u00f1os en la Tasa de Inspecci\u00f3n de Seguridad e Higiene (TISH).<\/li>\n<li>Exenci\u00f3n total de TISH por 1\u202fa\u00f1o y 50\u202f% de bonificaci\u00f3n durante 9 a\u00f1os para inversiones de USD\u202f10\u201320\u202fmillones.<\/li>\n<li>Para inversiones mayores a USD\u202f20\u202fmillones, exenci\u00f3n un a\u00f1o y 50\u202f% de descuento por 14 o 15 a\u00f1os, dependiendo si la empresa es nueva o ya existente.<\/li>\n<li>Beneficios adicionales para las que generen m\u00e1s de 100 empleos<\/li>\n<\/ul>\n<p>Adem\u00e1s, se cre\u00f3 un \u201c<strong>sistema antibloqueo empresarial<\/strong>\u201d que sanciona y permite la intervenci\u00f3n policial ante obstaculizaciones a empresas.\u00a0Valenzuela lo defini\u00f3 como una forma de &#8220;<strong>competencia tributaria\u2026 para generar previsibilidad, atraer inversiones y generar empleo<\/strong>&#8220;.<\/p>\n<aside class=\"whatsappChannelText\"><a href=\"https:\/\/whatsapp.com\/channel\/0029VagEjILGE56eKjedWF2U\" rel=\"nofollow\" title=\"WhatsApp Link\"><img alt=\"Logo de WhatsApp\" class=\"lazyload\" data-src=\"https:\/\/derechadiario.com.ar\/filesedc\/uploads\/other\/whatsapp_icon_mid_article.png\" width=\"32\" height=\"32\"><\/a> <a href=\"https:\/\/whatsapp.com\/channel\/0029VagEjILGE56eKjedWF2U\" rel=\"nofollow\" title=\"WhatsApp Link\"><strong>NO SE PIERDAN NINGUNA NOTICIA<\/strong>: Click aqu\u00ed para sumarte <strong>GRATIS<\/strong> al canal de noticias de <strong>La Derecha Diario en WhatsApp.<\/strong><\/a><\/aside>\n<p>Tras la inversi\u00f3n de Mercado Libre en el muncipio libertario, se\u00a0refleja c\u00f3mo decisiones locales y mensajes en redes sociales pueden captar inversiones millonarias. Tambi\u00e9n deja en evidencia la eficacia de pol\u00edticas municipales que\u00a0<strong>bajan impuestos<\/strong> y dan <strong>seguridad jur\u00eddica<\/strong> para atraer fondos privados, a diferencia de los municipios kirchnerista que buscan &#8220;combatir al capital&#8221;.<\/p>\n","protected":false},"excerpt":{"rendered":"<p>En octubre de 2024, el intendente peronista de La Matanza, Fernando Espinoza, intent\u00f3 clausurar la construcci\u00f3n del segundo centro de distribuci\u00f3n de Mercado Libre dentro del Mercado Central, un predio que depende de la Naci\u00f3n, la Provincia y la Ciudad, argumentando una supuesta \u201cfalta de habilitaciones municipales\u201d. Marcos Galperin, fundador y CEO de Mercado Libre, [&hellip;]<\/p>\n","protected":false},"author":2,"featured_media":11027,"comment_status":"open","ping_status":"open","sticky":false,"template":"","format":"standard","meta":{"_et_pb_use_builder":"","_et_pb_old_content":"","_et_gb_content_width":"","footnotes":""},"categories":[84],"tags":[],"class_list":["post-11026","post","type-post","status-publish","format-standard","has-post-thumbnail","hentry","category-ultimomomento"],"_links":{"self":[{"href":"https:\/\/verdadincomodadiario.ar\/index.php?rest_route=\/wp\/v2\/posts\/11026","targetHints":{"allow":["GET"]}}],"collection":[{"href":"https:\/\/verdadincomodadiario.ar\/index.php?rest_route=\/wp\/v2\/posts"}],"about":[{"href":"https:\/\/verdadincomodadiario.ar\/index.php?rest_route=\/wp\/v2\/types\/post"}],"author":[{"embeddable":true,"href":"https:\/\/verdadincomodadiario.ar\/index.php?rest_route=\/wp\/v2\/users\/2"}],"replies":[{"embeddable":true,"href":"https:\/\/verdadincomodadiario.ar\/index.php?rest_route=%2Fwp%2Fv2%2Fcomments&post=11026"}],"version-history":[{"count":0,"href":"https:\/\/verdadincomodadiario.ar\/index.php?rest_route=\/wp\/v2\/posts\/11026\/revisions"}],"wp:featuredmedia":[{"embeddable":true,"href":"https:\/\/verdadincomodadiario.ar\/index.php?rest_route=\/wp\/v2\/media\/11027"}],"wp:attachment":[{"href":"https:\/\/verdadincomodadiario.ar\/index.php?rest_route=%2Fwp%2Fv2%2Fmedia&parent=11026"}],"wp:term":[{"taxonomy":"category","embeddable":true,"href":"https:\/\/verdadincomodadiario.ar\/index.php?rest_route=%2Fwp%2Fv2%2Fcategories&post=11026"},{"taxonomy":"post_tag","embeddable":true,"href":"https:\/\/verdadincomodadiario.ar\/index.php?rest_route=%2Fwp%2Fv2%2Ftags&post=11026"}],"curies":[{"name":"wp","href":"https:\/\/api.w.org\/{rel}","templated":true}]}}