{"id":11024,"date":"2025-07-15T20:24:26","date_gmt":"2025-07-15T20:24:26","guid":{"rendered":"https:\/\/verdadincomodadiario.ar\/?p=11024"},"modified":"2025-07-15T20:24:26","modified_gmt":"2025-07-15T20:24:26","slug":"israel-intensifica-sus-operaciones-en-siria-en-defensa-de-la-minoria-drusa","status":"publish","type":"post","link":"https:\/\/verdadincomodadiario.ar\/?p=11024","title":{"rendered":"Israel intensifica sus operaciones en Siria en defensa de la minor\u00eda drusa"},"content":{"rendered":"<p>En una acci\u00f3n militar poco com\u00fan, <strong>Israel bombarde\u00f3 fuerzas del r\u00e9gimen sirio que se dirig\u00edan hacia la ciudad de Sweida<\/strong>, de mayor\u00eda drusa, en el sur de Siria. La decisi\u00f3n, <a href=\"https:\/\/derechadiario.com.ar\/israel\/politica\/israel-lanzo-ofensiva-sur-siria-para-defender-comunidad-drusa\" title=\"Israel lanz\u00f3 una ofensiva en el sur de Siria para defender a la comunidad drusa\">anunciada por el primer ministro Benjamin Netanyahu y el ministro de Defensa Israel Katz<\/a>, se tom\u00f3 <strong>&#8220;tras los ataques contra los drusos&#8221;<\/strong> y en cumplimiento de la pol\u00edtica israel\u00ed de evitar la militarizaci\u00f3n del sur de Siria.<\/p>\n<p>Las Fuerzas de Defensa de Israel (FDI) atacaron varios veh\u00edculos blindados, incluidos tanques y lanzacohetes m\u00faltiples, que avanzaban hacia Sweida. <strong>La ciudad ha sido escenario de violentos enfrentamientos entre clanes beduinos y la comunidad drusa local, con un saldo de cerca de 100 muertos<\/strong>.<\/p>\n<p><strong>\u201cIsrael est\u00e1 comprometido con impedir da\u00f1os a los drusos en Siria debido a la profunda alianza fraterna con nuestros ciudadanos drusos en Israel, y sus lazos hist\u00f3ricos y familiares con los drusos sirios\u201d<\/strong>, afirmaron Netanyahu y Katz.<\/p>\n<div class=\"inter_image image_horizontal\">\n<picture><source class=\"img-responsive\" type=\"image\/webp\" data-srcset=\"https:\/\/filesedc.com\/uploads\/image\/post\/2025\/07\/siriamilicias_300_200.webp 300w, https:\/\/filesedc.com\/uploads\/image\/post\/2025\/07\/siriamilicias_630_420.webp 630w, https:\/\/filesedc.com\/uploads\/image\/post\/2025\/07\/siriamilicias_760_507.webp 760w, https:\/\/filesedc.com\/uploads\/image\/post\/2025\/07\/siriamilicias_1200_800.webp 1200w, https:\/\/filesedc.com\/uploads\/image\/post\/2025\/07\/siriamilicias_1600_1067.webp 1600w, \"><img decoding=\"async\" src=\"https:\/\/derechadiario.com.ar\/filesedc\/uploads\/image\/post\/2025\/07\/siriamilicias_1200_800.webp\" class=\"img-responsive lazyload\" alt=\"Varios veh\u00edculos todoterreno circulan por una calle con hombres armados y \u00e1rboles al fondo en un ambiente soleado.\" title=\"Varios veh\u00edculos todoterreno circulan por una calle con hombres armados y \u00e1rboles al fondo en un ambiente soleado.\"><\/picture>\n<div>\n<span class=\"img_footer\">Militares del ej\u00e9rcito sirio <\/span>| <span class=\"img_author\">La Derecha Diario<\/span>\n<\/div>\n<\/div>\n<p>Aunque la actual dirigencia islamista de Siria hab\u00eda sido vista por Jerusal\u00e9n como un posible interlocutor, los combates en Sweida y la entrada de tropas al sur del pa\u00eds encendieron alarmas. Para Israel, <strong>la presencia militar en esa regi\u00f3n contradice el acuerdo de desmilitarizaci\u00f3n vigente y representa una amenaza directa<\/strong>.<\/p>\n<p>Las FDI calificaron la operaci\u00f3n como &#8220;excepcionalmente extensa&#8221;, subrayando <strong>el compromiso de Israel con la seguridad de su frontera<\/strong>\u00a0 y la protecci\u00f3n de las minor\u00edas perseguidas.<\/p>\n<p><strong>El gobierno interino sirio, liderado por Ahmad al-Sharaa tras la ca\u00edda de Bashar al-Assad, enfrenta crecientes cr\u00edticas por posibles abusos contra comunidades no sun\u00edes<\/strong>.<\/p>\n<p>La intervenci\u00f3n israel\u00ed env\u00eda un mensaje claro: <strong>Israel no permanecer\u00e1 indiferente si se pone en peligro a la comunidad drusa, ni permitir\u00e1 que el caos sirio se acerque a su frontera<\/strong>.<\/p>\n","protected":false},"excerpt":{"rendered":"<p>En una acci\u00f3n militar poco com\u00fan, Israel bombarde\u00f3 fuerzas del r\u00e9gimen sirio que se dirig\u00edan hacia la ciudad de Sweida, de mayor\u00eda drusa, en el sur de Siria. La decisi\u00f3n, anunciada por el primer ministro Benjamin Netanyahu y el ministro de Defensa Israel Katz, se tom\u00f3 &#8220;tras los ataques contra los drusos&#8221; y en cumplimiento [&hellip;]<\/p>\n","protected":false},"author":2,"featured_media":11025,"comment_status":"open","ping_status":"open","sticky":false,"template":"","format":"standard","meta":{"_et_pb_use_builder":"","_et_pb_old_content":"","_et_gb_content_width":"","footnotes":""},"categories":[84],"tags":[],"class_list":["post-11024","post","type-post","status-publish","format-standard","has-post-thumbnail","hentry","category-ultimomomento"],"_links":{"self":[{"href":"https:\/\/verdadincomodadiario.ar\/index.php?rest_route=\/wp\/v2\/posts\/11024","targetHints":{"allow":["GET"]}}],"collection":[{"href":"https:\/\/verdadincomodadiario.ar\/index.php?rest_route=\/wp\/v2\/posts"}],"about":[{"href":"https:\/\/verdadincomodadiario.ar\/index.php?rest_route=\/wp\/v2\/types\/post"}],"author":[{"embeddable":true,"href":"https:\/\/verdadincomodadiario.ar\/index.php?rest_route=\/wp\/v2\/users\/2"}],"replies":[{"embeddable":true,"href":"https:\/\/verdadincomodadiario.ar\/index.php?rest_route=%2Fwp%2Fv2%2Fcomments&post=11024"}],"version-history":[{"count":0,"href":"https:\/\/verdadincomodadiario.ar\/index.php?rest_route=\/wp\/v2\/posts\/11024\/revisions"}],"wp:featuredmedia":[{"embeddable":true,"href":"https:\/\/verdadincomodadiario.ar\/index.php?rest_route=\/wp\/v2\/media\/11025"}],"wp:attachment":[{"href":"https:\/\/verdadincomodadiario.ar\/index.php?rest_route=%2Fwp%2Fv2%2Fmedia&parent=11024"}],"wp:term":[{"taxonomy":"category","embeddable":true,"href":"https:\/\/verdadincomodadiario.ar\/index.php?rest_route=%2Fwp%2Fv2%2Fcategories&post=11024"},{"taxonomy":"post_tag","embeddable":true,"href":"https:\/\/verdadincomodadiario.ar\/index.php?rest_route=%2Fwp%2Fv2%2Ftags&post=11024"}],"curies":[{"name":"wp","href":"https:\/\/api.w.org\/{rel}","templated":true}]}}