{"id":1101,"date":"2025-04-03T20:32:06","date_gmt":"2025-04-03T20:32:06","guid":{"rendered":"https:\/\/verdadincomodadiario.ar\/?p=1101"},"modified":"2025-04-03T20:32:06","modified_gmt":"2025-04-03T20:32:06","slug":"ypf-invertira-usd-400-millones-para-el-proyecto-de-electrificacion-de-la-puna","status":"publish","type":"post","link":"https:\/\/verdadincomodadiario.ar\/?p=1101","title":{"rendered":"YPF invertir\u00e1 USD 400 millones para el proyecto de electrificaci\u00f3n de la Puna"},"content":{"rendered":"<p>En un <strong>avance<\/strong>\u00a0 para la industria minera y el desarrollo energ\u00e9tico del norte de la <a href=\"https:\/\/derechadiario.com.ar\/economia\/milagro-economico-pobreza-baja-segundo-semestre-2024-indec\" title=\"Milagro econ\u00f3mico: la pobreza baj\u00f3 al 38,1% en el segundo semestre del 2024\">Republica Argentina<\/a>, los gobernadores de <strong>Salta<\/strong>, <strong>Gustavo S\u00e1enz<\/strong>; de <strong>Catamarca<\/strong>, <strong>Ra\u00fal Jalil<\/strong>; y de <strong>Jujuy<\/strong>, <strong>Carlos Sadir<\/strong>, anunciaron una <strong><a href=\"https:\/\/derechadiario.com.ar\/economia\/inversion-real-argentina-aumento-293-anual-mes-febrero\" title=\"La inversi\u00f3n real en Argentina aument\u00f3 un 29,3% anual en el mes de febrero\">inversi\u00f3n<\/a><\/strong>\u00a0 de <strong>400 millones de d\u00f3lares de capital privado<\/strong> para el proyecto de <strong>electrificaci\u00f3n de la Puna<\/strong>.<\/p>\n<p>La firma del convenio con las empresas <strong>YPF Luz y Central Puerto<\/strong>\u00a0 representa una apuesta decisiva por la energ\u00eda renovable, el crecimiento productivo y la modernizaci\u00f3n de la regi\u00f3n.<\/p>\n<p>El encuentro se desarroll\u00f3 en Salta en el marco de una nueva <strong>reuni\u00f3n<\/strong>\u00a0 de la <strong>Mesa del Litio<\/strong>, donde participaron representantes del <strong>Comit\u00e9 Regional del Litio y la CEPAL<\/strong>.<\/p>\n<p>El acuerdo no solo <strong>garantiza<\/strong>\u00a0 el suministro el\u00e9ctrico a los <strong>hogares<\/strong>\u00a0 de <strong>Catamarca y Salta<\/strong>, sino que tambi\u00e9n fortalece la infraestructura energ\u00e9tica del complejo productivo minero que ambas provincias comparten, generando <strong>m\u00e1s puestos de trabajo y garantizando seguridad jur\u00eddica<\/strong> para los inversores. <strong>&#8220;Tambi\u00e9n acordamos con Salta garantizar la seguridad jur\u00eddica del proyecto &#8216;F\u00e9nix&#8217; en el Salar del Hombre Muerto&#8221;<\/strong>, destac\u00f3 Jalil a trav\u00e9s de su cuenta de <strong>X<\/strong>.<\/p>\n<div class=\"inter_image image_horizontal\">\n<picture><source class=\"img-responsive\" type=\"image\/webp\" data-srcset=\"\/filesedc\/uploads\/image\/post\/ypf-luz_300_200.webp 300w, \n\/filesedc\/uploads\/image\/post\/ypf-luz_630_420.webp 630w,\n                                \/filesedc\/uploads\/image\/post\/ypf-luz_760_507.webp 760w,\n                                \/filesedc\/uploads\/image\/post\/ypf-luz_1200_800.webp 1200w,\n                                \/filesedc\/uploads\/image\/post\/ypf-luz_1600_1067.webp 1600w\"><img decoding=\"async\" src=\"https:\/\/derechadiario.com.ar\/filesedc\/uploads\/image\/post\/ypf-luz_1200_800.webp\" class=\"img-responsive lazyload\" alt=\"Persona con casco blanco observando un parque e\u00f3lico con aerogeneradores al fondo.\" title=\"Persona con casco blanco observando un parque e\u00f3lico con aerogeneradores al fondo.\"><\/picture>\n<div>\n<span class=\"img_footer\">YPF y Central Puerto invertir\u00e1n USD 400 millones en el norte de nuestro pais. <\/span>| <span class=\"img_author\">La Derecha Diario<\/span>\n<\/div>\n<\/div>\n<p>Bajo la gesti\u00f3n del presidente <strong>Javier Milei<\/strong>, la <strong>Argentina<\/strong>\u00a0 avanza\u00a0sobre un modelo de desarrollo basado en\u00a0la confianza del \u00a0<strong>sector privado<\/strong>. La armonizaci\u00f3n fiscal de la actividad minera del litio es una de las <strong>claves<\/strong>\u00a0 de esta estrategia, con el objetivo de hacer m\u00e1s <strong>eficiente<\/strong>\u00a0 y <strong>competitivo<\/strong>\u00a0 el sector.<\/p>\n<p><strong>&#8220;Avanzamos en una agenda estrat\u00e9gica: la armonizaci\u00f3n fiscal de la actividad minera del litio&#8221;<\/strong>, asegur\u00f3 S\u00e1enz, reafirmando el <strong>compromiso<\/strong>\u00a0 con el crecimiento del sector.\u00a0<\/p>\n<aside class=\"whatsappChannelText\"><a href=\"https:\/\/whatsapp.com\/channel\/0029VagEjILGE56eKjedWF2U\" rel=\"nofollow\" title=\"WhatsApp Link\"><img alt=\"Logo de WhatsApp\" class=\"lazyload\" data-src=\"https:\/\/derechadiario.com.ar\/filesedc\/uploads\/other\/whatsapp_icon_mid_article.png\" width=\"32\" height=\"32\"><\/a> <a href=\"https:\/\/whatsapp.com\/channel\/0029VagEjILGE56eKjedWF2U\" rel=\"nofollow\" title=\"WhatsApp Link\"><strong>NO SE PIERDAN NINGUNA NOTICIA<\/strong>: Click aqu\u00ed para sumarte <strong>GRATIS<\/strong> al canal de noticias de <strong>La Derecha Diario en WhatsApp.<\/strong><\/a><\/aside>\n<figure><img decoding=\"async\" src=\"https:\/\/derechadiario.com.ar\/filesedc\/uploads\/image\/post\/milei-8-3-1981098_1200_800.webp\" class=\"img-responsive lazyload\" alt=\"Un hombre con traje y corbata gesticula mientras habla en un escenario.\" title=\"Un hombre con traje y corbata gesticula mientras habla en un escenario.\"><\/figure>\n<p>El acuerdo de <strong>cooperaci\u00f3n<\/strong>\u00a0 t\u00e9cnica permitir\u00e1 una estimaci\u00f3n precisa de la carga tributaria en las tres provincias, promoviendo un sistema eficiente y equitativo que favorezca la inversi\u00f3n y el desarrollo econ\u00f3mico.<strong><\/strong>\u00a0 <\/p>\n<p><strong>&#8220;Queremos que la riqueza que genera el litio se traduzca en caminos, escuelas, salud, energ\u00eda y empleo para nuestra gente&#8221;<\/strong>, destac\u00f3 el gobernador salte\u00f1o, enfatizando la importancia de la equidad territorial.\u00a0<\/p>\n<p>Por su parte, el gobernador juje\u00f1o Carlos Sadir remarc\u00f3 la <strong>importancia<\/strong>\u00a0 de la <strong>inversi\u00f3n privada<\/strong>\u00a0 como motor del crecimiento. <strong>&#8220;Si crecen todos, Jujuy crece a la par&#8221;<\/strong>, expres\u00f3 con entusiasmo.<\/p>\n<p>El proyecto de electrificaci\u00f3n de la Puna presentado por YPF Luz y Central Puerto no solo beneficiar\u00e1 a los <strong>proyectos mineros<\/strong>, sino tambi\u00e9n a las <strong>comunidades<\/strong>\u00a0 que residen y trabajan en la zona, reduciendo las asimetr\u00edas hist\u00f3ricas y asegurando un futuro sustentable para la regi\u00f3n.<\/p>\n","protected":false},"excerpt":{"rendered":"<p>En un avance\u00a0 para la industria minera y el desarrollo energ\u00e9tico del norte de la Republica Argentina, los gobernadores de Salta, Gustavo S\u00e1enz; de Catamarca, Ra\u00fal Jalil; y de Jujuy, Carlos Sadir, anunciaron una inversi\u00f3n\u00a0 de 400 millones de d\u00f3lares de capital privado para el proyecto de electrificaci\u00f3n de la Puna. La firma del convenio [&hellip;]<\/p>\n","protected":false},"author":2,"featured_media":1102,"comment_status":"open","ping_status":"open","sticky":false,"template":"","format":"standard","meta":{"_et_pb_use_builder":"","_et_pb_old_content":"","_et_gb_content_width":"","footnotes":""},"categories":[80],"tags":[],"class_list":["post-1101","post","type-post","status-publish","format-standard","has-post-thumbnail","hentry","category-economia-2"],"_links":{"self":[{"href":"https:\/\/verdadincomodadiario.ar\/index.php?rest_route=\/wp\/v2\/posts\/1101","targetHints":{"allow":["GET"]}}],"collection":[{"href":"https:\/\/verdadincomodadiario.ar\/index.php?rest_route=\/wp\/v2\/posts"}],"about":[{"href":"https:\/\/verdadincomodadiario.ar\/index.php?rest_route=\/wp\/v2\/types\/post"}],"author":[{"embeddable":true,"href":"https:\/\/verdadincomodadiario.ar\/index.php?rest_route=\/wp\/v2\/users\/2"}],"replies":[{"embeddable":true,"href":"https:\/\/verdadincomodadiario.ar\/index.php?rest_route=%2Fwp%2Fv2%2Fcomments&post=1101"}],"version-history":[{"count":0,"href":"https:\/\/verdadincomodadiario.ar\/index.php?rest_route=\/wp\/v2\/posts\/1101\/revisions"}],"wp:featuredmedia":[{"embeddable":true,"href":"https:\/\/verdadincomodadiario.ar\/index.php?rest_route=\/wp\/v2\/media\/1102"}],"wp:attachment":[{"href":"https:\/\/verdadincomodadiario.ar\/index.php?rest_route=%2Fwp%2Fv2%2Fmedia&parent=1101"}],"wp:term":[{"taxonomy":"category","embeddable":true,"href":"https:\/\/verdadincomodadiario.ar\/index.php?rest_route=%2Fwp%2Fv2%2Fcategories&post=1101"},{"taxonomy":"post_tag","embeddable":true,"href":"https:\/\/verdadincomodadiario.ar\/index.php?rest_route=%2Fwp%2Fv2%2Ftags&post=1101"}],"curies":[{"name":"wp","href":"https:\/\/api.w.org\/{rel}","templated":true}]}}