{"id":1099,"date":"2025-04-03T20:32:07","date_gmt":"2025-04-03T20:32:07","guid":{"rendered":"https:\/\/verdadincomodadiario.ar\/?p=1099"},"modified":"2025-04-03T20:32:07","modified_gmt":"2025-04-03T20:32:07","slug":"se-dispararon-las-ventas-de-autos-0km-y-se-logro-el-mejor-inicio-de-ano-desde-2018","status":"publish","type":"post","link":"https:\/\/verdadincomodadiario.ar\/?p=1099","title":{"rendered":"Se dispararon las ventas de autos 0km y se logr\u00f3 el mejor inicio de a\u00f1o desde 2018"},"content":{"rendered":"<p>La<a href=\"https:\/\/derechadiario.com.ar\/economia\/inversion-real-argentina-aumento-293-anual-mes-febrero\" title=\"La inversi\u00f3n real en Argentina aument\u00f3 un 29,3% anual en el mes de febrero\"> econom\u00eda argentina <\/a>contin\u00faa demostrando se\u00f1ales contundentes de recuperaci\u00f3n bajo la gesti\u00f3n del presidente <a href=\"https:\/\/derechadiario.com.ar\/economia\/milagro-economico-pobreza-baja-segundo-semestre-2024-indec\" title=\"Milagro econ\u00f3mico: la pobreza baj\u00f3 al 38,1% en el segundo semestre del 2024\">Javier Milei<\/a>. En una noticia celebrada por\u00a0el sector productivo, \u00a0<strong>la venta de autos 0km se dispar\u00f3<\/strong>\u00a0 en marzo, logrando un <strong>crecimiento interanual del 82,6%<\/strong> y cerrando el <strong>mejor primer trimestre en siete a\u00f1os<\/strong>.<\/p>\n<p>Seg\u00fan datos de la <strong>Asociaci\u00f3n de Concesionarios de Automotores de la Rep\u00fablica Argentina<\/strong> (ACARA), en los primeros \u00a0<strong>tres meses del a\u00f1o se patentaron 161.229 veh\u00edculos<\/strong>, un <strong>90,2%<\/strong>\u00a0 m\u00e1s que en el mismo per\u00edodo de 2024.<\/p>\n<p>El presidente de ACARA, <strong>Sebasti\u00e1n Beato<\/strong>, explic\u00f3 las razones detr\u00e1s de este fen\u00f3meno: <strong>\u201cUna macro que se va ordenando y la posibilidad de financiar la compra, en algunos casos con cr\u00e9dito de las propias terminales a tasa cero, hicieron que la gente se incline por adquirir un veh\u00edculo. Por eso, estamos cerrando el mejor primer trimestre desde 2018\u201d<\/strong>.<\/p>\n<p>La reducci\u00f3n del impuesto a los bienes de lujo, impulsada por el gobierno de <strong>Milei<\/strong>, ha sido clave para estimular la demanda, especialmente en el segmento de autos medianos.<\/p>\n<aside class=\"are-you-interested-container-photo\"><\/aside>\n<div class=\"inter_image image_horizontal\">\n<picture><source class=\"img-responsive\" type=\"image\/webp\" data-srcset=\"\/filesedc\/uploads\/image\/post\/milei-en-la-rural-728x486_300_200.webp 300w, \n\/filesedc\/uploads\/image\/post\/milei-en-la-rural-728x486_630_420.webp 630w,\n                                \/filesedc\/uploads\/image\/post\/milei-en-la-rural-728x486_760_507.webp 760w,\n                                \/filesedc\/uploads\/image\/post\/milei-en-la-rural-728x486_1200_800.webp 1200w,\n                                \/filesedc\/uploads\/image\/post\/milei-en-la-rural-728x486_1600_1067.webp 1600w\"><img decoding=\"async\" src=\"https:\/\/derechadiario.com.ar\/filesedc\/uploads\/image\/post\/milei-en-la-rural-728x486_1200_800.webp\" class=\"img-responsive lazyload\" alt=\"Un hombre sonriente con traje oscuro saluda desde el techo de un autom\u00f3vil rodeado de personas y caballos desenfocados al fondo.\" title=\"Un hombre sonriente con traje oscuro saluda desde el techo de un autom\u00f3vil rodeado de personas y caballos desenfocados al fondo.\"><\/picture>\n<div>\n<span class=\"img_footer\">Sebasti\u00e1n Beato, elogi\u00f3 la macro y la reducci\u00f3n impositiva del gobierno de Milei. <\/span>| <span class=\"img_author\">La Derecha Diario<\/span>\n<\/div>\n<\/div>\n<p>El resurgimiento del sector automotor marca un <strong>punto de inflexi\u00f3n<\/strong> para una industria que sufri\u00f3 una ca\u00edda del 7,9% en 2024, cuando se comercializaron 414.041 unidades.<\/p>\n<p>Con el nuevo rumbo econ\u00f3mico, <strong>se proyecta<\/strong> para 2025 un <strong>crecimiento<\/strong>\u00a0 de entre el <strong>10% y el 15%<\/strong>, con la expectativa de alcanzar las <strong>500.000 unidades vendidas al cierre del a\u00f1o<\/strong>, una cifra que no se ve\u00eda desde los momentos m\u00e1s pr\u00f3speros de la industria en 2013 y 2017.<\/p>\n<p>En cuanto a la composici\u00f3n del mercado, el \u00a0<strong>58%<\/strong> de los veh\u00edculos patentados en marzo <strong>fueron fabricados en el pa\u00eds<\/strong>, mientras que el <strong>42% fueron importados desde Brasil<\/strong>. Esta \u00faltima cifra representa un <strong>aumento de 12 puntos<\/strong>\u00a0 porcentuales en comparaci\u00f3n con el mismo mes de 2024, cuando los autos nacionales representaban el 62% del mercado.<\/p>\n<aside class=\"whatsappChannelText\"><a href=\"https:\/\/whatsapp.com\/channel\/0029VagEjILGE56eKjedWF2U\" rel=\"nofollow\" title=\"WhatsApp Link\"><img alt=\"Logo de WhatsApp\" class=\"lazyload\" data-src=\"https:\/\/derechadiario.com.ar\/filesedc\/uploads\/other\/whatsapp_icon_mid_article.png\" width=\"32\" height=\"32\"><\/a> <a href=\"https:\/\/whatsapp.com\/channel\/0029VagEjILGE56eKjedWF2U\" rel=\"nofollow\" title=\"WhatsApp Link\"><strong>NO SE PIERDAN NINGUNA NOTICIA<\/strong>: Click aqu\u00ed para sumarte <strong>GRATIS<\/strong> al canal de noticias de <strong>La Derecha Diario en WhatsApp.<\/strong><\/a><\/aside>\n<p>La integraci\u00f3n con el mercado brasile\u00f1o y la apertura comercial favorecida por la administraci\u00f3n Milei est\u00e1n generando una \u00a0<strong>mayor oferta y competencia<\/strong>, beneficiando a los consumidores con mejores precios y opciones.<\/p>\n<figure><img decoding=\"async\" src=\"https:\/\/derechadiario.com.ar\/filesedc\/uploads\/image\/post\/images-1743468680601_1200_800.webp\" class=\"img-responsive lazyload\" alt=\"Logotipos de Volkswagen, Fiat y Toyota.\" title=\"Logotipos de Volkswagen, Fiat y Toyota.\"><\/figure>\n<h2>Las marcas y modelos m\u00e1s vendidos en marzo 2025<\/h2>\n<p>En el ranking de\u00a0participaci\u00f3n, <strong>Volkswagen<\/strong>\u00a0 se consolid\u00f3 como la <strong>marca m\u00e1s elegida<\/strong> con 7.944 unidades patentadas y un 17,8% de cuota de mercado, seguida muy de cerca por <strong>Toyota<\/strong>\u00a0 con 7.912 unidades (17,7%) y <strong>Fiat<\/strong>\u00a0 con 5.973 unidades (13,4%). La lista de m\u00e1s vendidos:<\/p>\n<p><strong>Toyota Hilux<\/strong>: 2.715 unidades<\/p>\n<p><strong>Fiat Cronos<\/strong>: 2.598 unidades<\/p>\n<p><strong>Toyota Yaris:<\/strong>\u00a0 2.465 unidades<\/p>\n<p><strong>Peugeot 208:<\/strong>\u00a0 2.271 unidades<\/p>\n<p><strong>Ford Ranger<\/strong>: 1.974 unidades<\/p>\n<p>Con una tendencia firme de crecimiento, la <strong>industria automotriz proyecta un primer semestre positivo.<\/strong> <strong>\u201cEsta tendencia nos va a acompa\u00f1ar los pr\u00f3ximos meses, lo que nos permite pensar en completar un buen primer semestre\u201d<\/strong>, concluy\u00f3 <strong>Beato<\/strong>. La reducci\u00f3n de la inflaci\u00f3n y\u00a0la estabilidad cambiaria est\u00e1n generando un nuevo clima de negocios en <strong>Argentina<\/strong>, reafirmando que el modelo econ\u00f3mico del <strong>Gobierno<\/strong>\u00a0 est\u00e1 dando resultados concretos.<\/p>\n","protected":false},"excerpt":{"rendered":"<p>La econom\u00eda argentina contin\u00faa demostrando se\u00f1ales contundentes de recuperaci\u00f3n bajo la gesti\u00f3n del presidente Javier Milei. En una noticia celebrada por\u00a0el sector productivo, \u00a0la venta de autos 0km se dispar\u00f3\u00a0 en marzo, logrando un crecimiento interanual del 82,6% y cerrando el mejor primer trimestre en siete a\u00f1os. Seg\u00fan datos de la Asociaci\u00f3n de Concesionarios de [&hellip;]<\/p>\n","protected":false},"author":2,"featured_media":1100,"comment_status":"open","ping_status":"open","sticky":false,"template":"","format":"standard","meta":{"_et_pb_use_builder":"","_et_pb_old_content":"","_et_gb_content_width":"","footnotes":""},"categories":[80],"tags":[],"class_list":["post-1099","post","type-post","status-publish","format-standard","has-post-thumbnail","hentry","category-economia-2"],"_links":{"self":[{"href":"https:\/\/verdadincomodadiario.ar\/index.php?rest_route=\/wp\/v2\/posts\/1099","targetHints":{"allow":["GET"]}}],"collection":[{"href":"https:\/\/verdadincomodadiario.ar\/index.php?rest_route=\/wp\/v2\/posts"}],"about":[{"href":"https:\/\/verdadincomodadiario.ar\/index.php?rest_route=\/wp\/v2\/types\/post"}],"author":[{"embeddable":true,"href":"https:\/\/verdadincomodadiario.ar\/index.php?rest_route=\/wp\/v2\/users\/2"}],"replies":[{"embeddable":true,"href":"https:\/\/verdadincomodadiario.ar\/index.php?rest_route=%2Fwp%2Fv2%2Fcomments&post=1099"}],"version-history":[{"count":0,"href":"https:\/\/verdadincomodadiario.ar\/index.php?rest_route=\/wp\/v2\/posts\/1099\/revisions"}],"wp:featuredmedia":[{"embeddable":true,"href":"https:\/\/verdadincomodadiario.ar\/index.php?rest_route=\/wp\/v2\/media\/1100"}],"wp:attachment":[{"href":"https:\/\/verdadincomodadiario.ar\/index.php?rest_route=%2Fwp%2Fv2%2Fmedia&parent=1099"}],"wp:term":[{"taxonomy":"category","embeddable":true,"href":"https:\/\/verdadincomodadiario.ar\/index.php?rest_route=%2Fwp%2Fv2%2Fcategories&post=1099"},{"taxonomy":"post_tag","embeddable":true,"href":"https:\/\/verdadincomodadiario.ar\/index.php?rest_route=%2Fwp%2Fv2%2Ftags&post=1099"}],"curies":[{"name":"wp","href":"https:\/\/api.w.org\/{rel}","templated":true}]}}