{"id":1097,"date":"2025-04-03T20:32:08","date_gmt":"2025-04-03T20:32:08","guid":{"rendered":"https:\/\/verdadincomodadiario.ar\/?p=1097"},"modified":"2025-04-03T20:32:08","modified_gmt":"2025-04-03T20:32:08","slug":"becas-progresar-todos-los-requisitos-para-cobrar-en-abril-de-2025","status":"publish","type":"post","link":"https:\/\/verdadincomodadiario.ar\/?p=1097","title":{"rendered":"Becas Progresar: todos los requisitos para cobrar en abril de 2025"},"content":{"rendered":"<p>Las <strong>Becas Progresar<\/strong> siguen siendo una de las principales <a href=\"https:\/\/derechadiario.com.ar\/economia\/anses-confirmo-cuanto-sera-aumento-jubilaciones-y-pensiones-para-abril-2025\" title=\"ANSES confirm\u00f3 de cu\u00e1nto ser\u00e1 el aumento en jubilaciones y pensiones para abril 2025\">ayudas del Estado<\/a> para quienes buscan seguir estudiando y mejorar su formaci\u00f3n. Si te pregunt\u00e1s si vas a <a href=\"https:\/\/derechadiario.com.ar\/economia\/asignaciones-suaf-anses-quienes-reciben-pago-adicional-108000-abril\" title=\"Asignaciones SUAF de ANSES: qui\u00e9nes reciben el pago adicional de $108.000 en abril\">recibir el pago correspondiente en <strong>abril de 2025<\/strong><\/a>, es clave que conozcas los requisitos para poder acceder al beneficio.<\/p>\n<p>Para poder cobrar, \u00a0<strong>es necesario cumplir con todos los criterios establecidos por el programa<\/strong>.<\/p>\n<div class=\"inter_image image_horizontal\">\n<picture><source class=\"img-responsive\" type=\"image\/webp\" data-srcset=\"\/filesedc\/uploads\/image\/post\/progesar-abril-2025_300_200.webp 300w, \n\/filesedc\/uploads\/image\/post\/progesar-abril-2025_630_420.webp 630w,\n                                \/filesedc\/uploads\/image\/post\/progesar-abril-2025_760_507.webp 760w,\n                                \/filesedc\/uploads\/image\/post\/progesar-abril-2025_1200_800.webp 1200w,\n                                \/filesedc\/uploads\/image\/post\/progesar-abril-2025_1600_1067.webp 1600w\"><img decoding=\"async\" src=\"https:\/\/derechadiario.com.ar\/filesedc\/uploads\/image\/post\/progesar-abril-2025_1200_800.webp\" class=\"img-responsive lazyload\" alt=\"Texto \" progresar en blanco sobre fondo azul oscuro. title=\"Texto \"><\/picture>\n<div>\n<span class=\"img_footer\">Los requisitos para poder acceder al beneficio <\/span>| <span class=\"img_author\">La Derecha Diario<\/span>\n<\/div>\n<\/div>\n<h2><strong>Requisitos para cobrar las Becas Progresar en abril de 2025<\/strong><\/h2>\n<p>Cada modalidad del programa tiene requisitos espec\u00edficos. Te contamos qu\u00e9 necesitas seg\u00fan el tipo de beca que est\u00e9s solicitando:<\/p>\n<h3><strong>Progresar Superior<\/strong><\/h3>\n<p>Esta beca est\u00e1 dirigida a estudiantes de nivel superior. Los requisitos son:<\/p>\n<aside class=\"are-you-interested-container-photo\"><\/aside>\n<ul>\n<li>\n<strong>Edad<\/strong>: Ingresantes entre 17 y 24 a\u00f1os. Estudiantes avanzados hasta 30 a\u00f1os. No hay l\u00edmite de edad para los estudiantes de enfermer\u00eda.<\/li>\n<li>\n<strong>Ingresos familiares<\/strong>: No deben superar tres SMVM, salvo algunas excepciones.<\/li>\n<li>\n<strong>Requisitos acad\u00e9micos<\/strong>: Haber egresado del nivel medio sin adeudar materias y cumplir con los requisitos acad\u00e9micos del programa.<\/li>\n<li>\n<strong>Estudios<\/strong>: Deb\u00e9s estar cursando en universidades o institutos de educaci\u00f3n superior de gesti\u00f3n estatal.<\/li>\n<li>\n<strong>Vacunaci\u00f3n<\/strong>: Tener el esquema completo o en curso seg\u00fan la edad.<\/li>\n<\/ul>\n<h3><strong>Progresar Trabajo<\/strong><\/h3>\n<p>Esta beca est\u00e1 pensada para quienes buscan formaci\u00f3n profesional. Requisitos:<\/p>\n<ul>\n<li>\n<strong>Edad<\/strong>: Entre 18 y 24 a\u00f1os, con extensi\u00f3n hasta los 40 a\u00f1os para quienes no tengan empleo registrado.<\/li>\n<li>\n<strong>Residencia<\/strong>: Ser argentino o extranjero con al menos 2 a\u00f1os de residencia legal en el pa\u00eds.<\/li>\n<li>\n<strong>Ingresos<\/strong>: No deben superar tres SMVM.<\/li>\n<\/ul>\n<figure><img decoding=\"async\" src=\"https:\/\/derechadiario.com.ar\/filesedc\/uploads\/image\/post\/abril-2025-progresar_1200_800.webp\" class=\"img-responsive lazyload\" alt=\"Persona usando una computadora port\u00e1til que muestra una p\u00e1gina web del programa Progresar con informaci\u00f3n sobre inscripciones y apoyo educativo para j\u00f3venes.\" title=\"Persona usando una computadora port\u00e1til que muestra una p\u00e1gina web del programa Progresar con informaci\u00f3n sobre inscripciones y apoyo educativo para j\u00f3venes.\"><\/figure>\n<h3><strong>Progresar Obligatorio<\/strong><\/h3>\n<p>Para quienes deseen finalizar sus estudios secundarios, los requisitos son:<\/p>\n<ul>\n<li>\n<strong>Edad<\/strong>: Tener entre 16 y 24 a\u00f1os al cierre de la convocatoria.<\/li>\n<li>\n<strong>Ingresos familiares<\/strong>: No superar tres SMVM.<\/li>\n<li>\n<strong>Condici\u00f3n de alumno regular<\/strong>: Acreditar tu condici\u00f3n en la instituci\u00f3n educativa.<\/li>\n<li>\n<strong>Vacunaci\u00f3n<\/strong>: Contar con el esquema de vacunaci\u00f3n completo o en curso.<\/li>\n<li>\n<strong>Orientaci\u00f3n vocacional<\/strong>: Completar los cursos requeridos por el programa.<\/li>\n<\/ul>\n<h2><strong>Fechas para inscribirse a las Becas Progresar 2025<\/strong><\/h2>\n<ul>\n<li>\n<strong>Finalizaci\u00f3n de la educaci\u00f3n obligatoria<\/strong>: Inscripci\u00f3n abierta hasta el 10 de abril de 2025.<\/li>\n<li>\n<strong>Fomento de la educaci\u00f3n superior y Progresar Enfermer\u00eda<\/strong>: Del 31 de marzo al 20 de abril de 2025.<\/li>\n<li>\n<strong>Progresar Trabajo<\/strong>: Inscripci\u00f3n disponible desde el 21 de abril hasta el 30 de noviembre de 2025.<\/li>\n<\/ul>\n<figure><img decoding=\"async\" src=\"https:\/\/derechadiario.com.ar\/filesedc\/uploads\/image\/post\/becas-progresar-abril-2025_1200_800.webp\" class=\"img-responsive lazyload\" alt=\"Una persona escribiendo en un papel durante una clase o conferencia.\" title=\"Una persona escribiendo en un papel durante una clase o conferencia.\"><\/figure>\n<h2><strong>C\u00f3mo saber si cobras las Becas Progresar en abril de 2025<\/strong><\/h2>\n<p>Para saber si recibir\u00e1s el pago, pod\u00e9s acceder a dos opciones:<\/p>\n<aside class=\"whatsappChannelText\"><a href=\"https:\/\/whatsapp.com\/channel\/0029VagEjILGE56eKjedWF2U\" rel=\"nofollow\" title=\"WhatsApp Link\"><img alt=\"Logo de WhatsApp\" class=\"lazyload\" data-src=\"https:\/\/derechadiario.com.ar\/filesedc\/uploads\/other\/whatsapp_icon_mid_article.png\" width=\"32\" height=\"32\"><\/a> <a href=\"https:\/\/whatsapp.com\/channel\/0029VagEjILGE56eKjedWF2U\" rel=\"nofollow\" title=\"WhatsApp Link\"><strong>NO SE PIERDAN NINGUNA NOTICIA<\/strong>: Click aqu\u00ed para sumarte <strong>GRATIS<\/strong> al canal de noticias de <strong>La Derecha Diario en WhatsApp.<\/strong><\/a><\/aside>\n<ul>\n<li>\n<strong>Mi ANSES<\/strong>: Ingresando con tu CUIL y contrase\u00f1a en la secci\u00f3n \u201cMis Cobros\u201d, donde podr\u00e1s consultar si hay pagos pendientes.<\/li>\n<li>\n<strong>Mi Argentina<\/strong>: Ingresando con tus datos personales para conocer la fecha de cobro.<\/li>\n<\/ul>\n<h2><strong>\u00bfCu\u00e1nto se cobra por las Becas Progresar en abril de 2025?<\/strong><\/h2>\n<p>El monto a cobrar es de <strong>$35.000<\/strong> por estudiante, seg\u00fan la \u00faltima actualizaci\u00f3n del Gobierno nacional en septiembre de 2024.<\/p>\n<aside class=\"are-you-interested-container-photo\"><\/aside>\n","protected":false},"excerpt":{"rendered":"<p>Las Becas Progresar siguen siendo una de las principales ayudas del Estado para quienes buscan seguir estudiando y mejorar su formaci\u00f3n. Si te pregunt\u00e1s si vas a recibir el pago correspondiente en abril de 2025, es clave que conozcas los requisitos para poder acceder al beneficio. Para poder cobrar, \u00a0es necesario cumplir con todos los [&hellip;]<\/p>\n","protected":false},"author":2,"featured_media":1098,"comment_status":"open","ping_status":"open","sticky":false,"template":"","format":"standard","meta":{"_et_pb_use_builder":"","_et_pb_old_content":"","_et_gb_content_width":"","footnotes":""},"categories":[80],"tags":[],"class_list":["post-1097","post","type-post","status-publish","format-standard","has-post-thumbnail","hentry","category-economia-2"],"_links":{"self":[{"href":"https:\/\/verdadincomodadiario.ar\/index.php?rest_route=\/wp\/v2\/posts\/1097","targetHints":{"allow":["GET"]}}],"collection":[{"href":"https:\/\/verdadincomodadiario.ar\/index.php?rest_route=\/wp\/v2\/posts"}],"about":[{"href":"https:\/\/verdadincomodadiario.ar\/index.php?rest_route=\/wp\/v2\/types\/post"}],"author":[{"embeddable":true,"href":"https:\/\/verdadincomodadiario.ar\/index.php?rest_route=\/wp\/v2\/users\/2"}],"replies":[{"embeddable":true,"href":"https:\/\/verdadincomodadiario.ar\/index.php?rest_route=%2Fwp%2Fv2%2Fcomments&post=1097"}],"version-history":[{"count":0,"href":"https:\/\/verdadincomodadiario.ar\/index.php?rest_route=\/wp\/v2\/posts\/1097\/revisions"}],"wp:featuredmedia":[{"embeddable":true,"href":"https:\/\/verdadincomodadiario.ar\/index.php?rest_route=\/wp\/v2\/media\/1098"}],"wp:attachment":[{"href":"https:\/\/verdadincomodadiario.ar\/index.php?rest_route=%2Fwp%2Fv2%2Fmedia&parent=1097"}],"wp:term":[{"taxonomy":"category","embeddable":true,"href":"https:\/\/verdadincomodadiario.ar\/index.php?rest_route=%2Fwp%2Fv2%2Fcategories&post=1097"},{"taxonomy":"post_tag","embeddable":true,"href":"https:\/\/verdadincomodadiario.ar\/index.php?rest_route=%2Fwp%2Fv2%2Ftags&post=1097"}],"curies":[{"name":"wp","href":"https:\/\/api.w.org\/{rel}","templated":true}]}}