{"id":10962,"date":"2025-07-15T07:24:03","date_gmt":"2025-07-15T07:24:03","guid":{"rendered":"https:\/\/verdadincomodadiario.ar\/?p=10962"},"modified":"2025-07-15T07:24:03","modified_gmt":"2025-07-15T07:24:03","slug":"sindicato-de-conaprole-provoca-cierre-de-planta-en-rivera","status":"publish","type":"post","link":"https:\/\/verdadincomodadiario.ar\/?p=10962","title":{"rendered":"Sindicato de Conaprole provoca cierre de planta en Rivera"},"content":{"rendered":"<p><strong>Conaprole<\/strong>, la principal empresa l\u00e1ctea de Uruguay, anunci\u00f3 el cierre de su planta n\u00famero 14 en <strong>Rivera<\/strong>, previsto para el 31 de octubre de 2025, debido a una ca\u00edda en la producci\u00f3n de leche fresca, unos <strong>20.000<\/strong> litros diarios.<\/p>\n<p>Se se\u00f1ala la <strong>ineficiencia<\/strong> industrial de la planta, seg\u00fan manifest\u00f3 Gabriel Fern\u00e1ndez, presidente de Conaprole.\u00a0<\/p>\n<p>La planta, adquirida en 1984 como ex Industria L\u00e1ctea de Rivera (INLAR), genera unos 40 <strong>empleos<\/strong> directos e indirectos.<\/p>\n<p>La decisi\u00f3n ha generado un conflicto laboral, con la <strong>FTIL<\/strong> (Federaci\u00f3n de Trabajadores de la Industria L\u00e1ctea),\u00a0 y la <strong>AOEC<\/strong> (Asociaci\u00f3n de Obreros y Empleados de Conaprole), organizaciones sindicales afiliadas al <strong>PIT<\/strong>&#8211;<strong>CNT<\/strong>.<\/p>\n<p>Ambas est\u00e1n \u201cen alerta\u201d y organizando medidas.<\/p>\n<h2>Paro salvaje<\/h2>\n<p>Hubo paro salvaje de 24 horas el viernes 11 de julio, que fue un verdadero <strong>desastre<\/strong> los sindicalistas lanzaron un paro absolutamente <strong>irresponsable<\/strong> con el \u00fanico prop\u00f3sito de perjudicar a los peque\u00f1os <strong>tamberos<\/strong> familiares y <strong>arruinar<\/strong> su producci\u00f3n lechera.\u00a0<\/p>\n<div class=\"inter_image image_horizontal\">\n<picture><source class=\"img-responsive\" type=\"image\/webp\" data-srcset=\"https:\/\/filesedc.com\/uploads\/image\/post\/2025\/07\/screenshot-20250715-015657_300_200.webp 300w, https:\/\/filesedc.com\/uploads\/image\/post\/2025\/07\/screenshot-20250715-015657_630_420.webp 630w, https:\/\/filesedc.com\/uploads\/image\/post\/2025\/07\/screenshot-20250715-015657_760_507.webp 760w, https:\/\/filesedc.com\/uploads\/image\/post\/2025\/07\/screenshot-20250715-015657_1200_800.webp 1200w, https:\/\/filesedc.com\/uploads\/image\/post\/2025\/07\/screenshot-20250715-015657_1600_1067.webp 1600w, \"><img decoding=\"async\" src=\"https:\/\/derechadiario.com.ar\/filesedc\/uploads\/image\/post\/2025\/07\/screenshot-20250715-015657_1200_800.webp\" class=\"img-responsive lazyload\" alt=\"Titular de una noticia que informa sobre la exitosa estancia en Cuba de una brigada uruguaya con motivo del primero de mayo, acompa\u00f1ado de la fecha 4 de mayo de 2024.\" title=\"Titular de una noticia que informa sobre la exitosa estancia en Cuba de una brigada uruguaya con motivo del primero de mayo, acompa\u00f1ado de la fecha 4 de mayo de 2024.\"><\/picture>\n<div>\n<span class=\"img_footer\">Web del Ministerio de Exteriores de Cuba <\/span>| <span class=\"img_author\">La Derecha Diario<\/span>\n<\/div>\n<\/div>\n<p>En redes sociales pudieron apreciarse videos de como peque\u00f1os tambos del Interior del pa\u00eds <strong>arrojaron<\/strong> leche fresca al campo debido al paro.<\/p>\n<h2>Cabecilla comunista dirige el conflicto<\/h2>\n<p><strong>Enrique<\/strong>\u00a0<strong>M\u00e9ndez<\/strong> es el sindicalista del <strong>Partido<\/strong>\u00a0<strong>Comunista<\/strong>\u00a0que encabeza la FTIL.\u00a0Es un <strong>extremista<\/strong> adicto a los conflictos laborales, que el Primero de Mayo del a\u00f1o pasado fue invitado por la <strong>dictadura<\/strong> comunista <strong>cubana<\/strong> a la isla.\u00a0<\/p>\n<p>Seg\u00fan inform\u00f3 la propia p\u00e1gina <strong>web<\/strong> del Ministerio de Relaciones Exteriores de la tiran\u00eda <strong>castrista<\/strong>: &#8220;Como cada a\u00f1o, un grupo de amigos uruguayos conformaron la Brigada del 1ro de Mayo, que viaj\u00f3 a La Habana para participar en la celebraci\u00f3n cubana del D\u00eda Internacional del los Trabajadores&#8221;.\u00a0\u00a0<\/p>\n<p>M\u00e1s adelante la <strong>web<\/strong> del Ministerio de narco <strong>dictadura<\/strong> cubana se\u00f1ala &#8220;En esta oportunidad, la delegaci\u00f3n de 40 brigadistas, estuvo encabezada por el compa\u00f1ero Enrique <strong>M\u00e9ndez<\/strong>, miembro del Secretariado Ejecutivo de la central sindical uruguaya <strong>PIT<\/strong>&#8211;<strong>CNT<\/strong> y encargado del \u00e1rea de Organizaci\u00f3n&#8221;.\u00a0<\/p>\n<figure><img decoding=\"async\" src=\"https:\/\/derechadiario.com.ar\/filesedc\/uploads\/image\/post\/2025\/07\/enrique-mendez-2_1200_800.webp\" class=\"img-responsive lazyload\" alt=\"Hombre de cabello oscuro y barba con chaqueta acolchada mirando al frente\" title=\"Hombre de cabello oscuro y barba con chaqueta acolchada mirando al frente\"><\/figure>\n<p>El <strong>comunicado<\/strong> oficial de la mencionada dictadura comunista caribe\u00f1a indica que &#8220;La brigada, adem\u00e1s de participar en el desfile del d\u00eda 1ro de mayo, tambi\u00e9n estuvo presente en el Encuentro Internacional de Solidaridad con Cuba y contra el Imperialismo, celebrado en el Palacio de Convenciones de La Habana y al que asistieron 1144 delegados de 220 organizaciones, de 58 pa\u00edses. En este evento, el PIT CNT fue galardonado con el Premio de Solidaridad Sindical, por el hist\u00f3rico apoyo al pueblo cubano&#8221;.\u00a0<\/p>\n<p>C\u00f3mo se advierte f\u00e1cilmente, el PIT-CNT <strong>envi\u00f3<\/strong> al acto del Primero de Mayo pasado a la isla a un grupo de sindicalistas para <strong>aplaudir<\/strong> a la narco dictadura comunista que hace 66 a\u00f1os <strong>viola<\/strong> los Derechos Humanos.<\/p>\n<p>Enrique <strong>M\u00e9ndez<\/strong> fue uno de los <strong>aplaudidores<\/strong> de los <strong>represores<\/strong> castristas.<\/p>\n<p>Se lo pudo ver en varios actos oficiales sonriente\u00a0y abrazado\u00a0a los <strong>genocidas<\/strong> que gobiernan la isla en forma <strong>tir\u00e1nica<\/strong> hace m\u00e1s de seis d\u00e9cadas.<\/p>\n<h2>Sindicato anti obrero<\/h2>\n<p>Ahora, en julio de 2025, M\u00e9ndez, integrante de Partido Comunista y del PIT-CNT es uno de los <strong>culpables<\/strong> de que la planta de\u00a0Conaprole de Rivera est\u00e9 a punto de cerrar.<\/p>\n<figure><img decoding=\"async\" src=\"https:\/\/derechadiario.com.ar\/filesedc\/uploads\/image\/post\/2025\/07\/screenshot-20250715-015517_1200_800.webp\" class=\"img-responsive lazyload\" alt=\"Grupo de personas sentadas en un auditorio mirando hacia la c\u00e1mara y sonriendo\" title=\"Grupo de personas sentadas en un auditorio mirando hacia la c\u00e1mara y sonriendo\"><\/figure>\n<p>Las medidas sindicales est\u00e1n <strong>boicoteando<\/strong> a la empresa l\u00e1ctea, y arruinando la producci\u00f3n.<\/p>\n<p>A fines de octubre Conaprole tiene planeado <strong>cerrar<\/strong> la planta del departamento de Rivera y decenas de familias quedar\u00e1n en la calle.\u00a0<\/p>\n<p>Es el mismo sindicalismo <strong>parasitario<\/strong> y anti uruguayo que provoc\u00f3 el cierre de la empresa <strong>Yazaki<\/strong> hace unos meses.\u00a0<\/p>\n<p>Es el sindicalismo <strong>antiobrero<\/strong> que provoca el cierre de empresas, y le\u00a0arruina la vida a miles de familias de trabajadores honrados.<\/p>\n","protected":false},"excerpt":{"rendered":"<p>Conaprole, la principal empresa l\u00e1ctea de Uruguay, anunci\u00f3 el cierre de su planta n\u00famero 14 en Rivera, previsto para el 31 de octubre de 2025, debido a una ca\u00edda en la producci\u00f3n de leche fresca, unos 20.000 litros diarios. Se se\u00f1ala la ineficiencia industrial de la planta, seg\u00fan manifest\u00f3 Gabriel Fern\u00e1ndez, presidente de Conaprole.\u00a0 La [&hellip;]<\/p>\n","protected":false},"author":2,"featured_media":10963,"comment_status":"open","ping_status":"open","sticky":false,"template":"","format":"standard","meta":{"_et_pb_use_builder":"","_et_pb_old_content":"","_et_gb_content_width":"","footnotes":""},"categories":[84],"tags":[],"class_list":["post-10962","post","type-post","status-publish","format-standard","has-post-thumbnail","hentry","category-ultimomomento"],"_links":{"self":[{"href":"https:\/\/verdadincomodadiario.ar\/index.php?rest_route=\/wp\/v2\/posts\/10962","targetHints":{"allow":["GET"]}}],"collection":[{"href":"https:\/\/verdadincomodadiario.ar\/index.php?rest_route=\/wp\/v2\/posts"}],"about":[{"href":"https:\/\/verdadincomodadiario.ar\/index.php?rest_route=\/wp\/v2\/types\/post"}],"author":[{"embeddable":true,"href":"https:\/\/verdadincomodadiario.ar\/index.php?rest_route=\/wp\/v2\/users\/2"}],"replies":[{"embeddable":true,"href":"https:\/\/verdadincomodadiario.ar\/index.php?rest_route=%2Fwp%2Fv2%2Fcomments&post=10962"}],"version-history":[{"count":0,"href":"https:\/\/verdadincomodadiario.ar\/index.php?rest_route=\/wp\/v2\/posts\/10962\/revisions"}],"wp:featuredmedia":[{"embeddable":true,"href":"https:\/\/verdadincomodadiario.ar\/index.php?rest_route=\/wp\/v2\/media\/10963"}],"wp:attachment":[{"href":"https:\/\/verdadincomodadiario.ar\/index.php?rest_route=%2Fwp%2Fv2%2Fmedia&parent=10962"}],"wp:term":[{"taxonomy":"category","embeddable":true,"href":"https:\/\/verdadincomodadiario.ar\/index.php?rest_route=%2Fwp%2Fv2%2Fcategories&post=10962"},{"taxonomy":"post_tag","embeddable":true,"href":"https:\/\/verdadincomodadiario.ar\/index.php?rest_route=%2Fwp%2Fv2%2Ftags&post=10962"}],"curies":[{"name":"wp","href":"https:\/\/api.w.org\/{rel}","templated":true}]}}