{"id":10960,"date":"2025-07-15T07:23:40","date_gmt":"2025-07-15T07:23:40","guid":{"rendered":"https:\/\/verdadincomodadiario.ar\/?p=10960"},"modified":"2025-07-15T07:23:40","modified_gmt":"2025-07-15T07:23:40","slug":"la-corte-suprema-le-dio-luz-verde-a-trump-para-cerrar-el-departamento-de-educacion","status":"publish","type":"post","link":"https:\/\/verdadincomodadiario.ar\/?p=10960","title":{"rendered":"La Corte Suprema le dio luz verde a Trump para cerrar el Departamento de Educaci\u00f3n"},"content":{"rendered":"<p>La <strong>Corte Suprema de los Estados Unidos<\/strong>\u00a0 le permiti\u00f3 este lunes al gobierno de Trump \u00a0<strong>proceder con el despido de 1400 empleados estatales<\/strong> contratados por el \u00a0<strong>Departamento de Educaci\u00f3n<\/strong>, una medida que el actual mandatario considera como el <strong>primer paso para cerrar completamente esta cartera.<\/strong>\u00a0 <\/p>\n<p>En una breve decisi\u00f3n, los <strong>supremos\u00a0bloquearon una orden judicial<\/strong>\u00a0que hab\u00eda sido emitida por un <strong>tribunal inferior<\/strong> en mayo, donde la jueza razonaba que Trump carec\u00eda de poder para transformar y cerrar este ministerio.\u00a0<\/p>\n<p>Las \u00fanicas <strong>disidentes<\/strong> del fallo fueron las <strong>tres jueces dem\u00f3cratas<\/strong> que componen la Corte. <strong>Sonia Sotomayor<\/strong>, la jueza nominada a su cargo en 2008 por el expresidente Obama, fue la que m\u00e1s <strong>indignaci\u00f3n<\/strong>\u00a0 expres\u00f3 con esta decisi\u00f3n, calificando al fallo como \u00a0<strong>&#8220;inconstitucional&#8221;<\/strong> e <strong>&#8220;indefendible&#8221;.<\/strong>\u00a0 <\/p>\n<div class=\"inter_image image_horizontal\">\n<picture><source class=\"img-responsive\" type=\"image\/webp\" data-srcset=\"https:\/\/filesedc.com\/uploads\/image\/post\/2025\/07\/230424-sonia-sotomayor-2019-ac-423p-da937f_300_200.webp 300w, https:\/\/filesedc.com\/uploads\/image\/post\/2025\/07\/230424-sonia-sotomayor-2019-ac-423p-da937f_630_420.webp 630w, https:\/\/filesedc.com\/uploads\/image\/post\/2025\/07\/230424-sonia-sotomayor-2019-ac-423p-da937f_760_507.webp 760w, https:\/\/filesedc.com\/uploads\/image\/post\/2025\/07\/230424-sonia-sotomayor-2019-ac-423p-da937f_1200_800.webp 1200w, https:\/\/filesedc.com\/uploads\/image\/post\/2025\/07\/230424-sonia-sotomayor-2019-ac-423p-da937f_1600_1067.webp 1600w, \"><img decoding=\"async\" src=\"https:\/\/derechadiario.com.ar\/filesedc\/uploads\/image\/post\/2025\/07\/230424-sonia-sotomayor-2019-ac-423p-da937f_1200_800.webp\" class=\"img-responsive lazyload\" alt=\"Mujer de cabello rizado y oscuro con gafas y aretes, vestida de negro, hablando y gesticulando mientras est\u00e1 sentada en un escenario\" title=\"Mujer de cabello rizado y oscuro con gafas y aretes, vestida de negro, hablando y gesticulando mientras est\u00e1 sentada en un escenario\"><\/picture>\n<div>\n<span class=\"img_footer\">La jueza dem\u00f3crata Sonia Sotomayor <\/span>| <span class=\"img_author\">La Derecha Diario<\/span>\n<\/div>\n<\/div>\n<h2><strong>La cronolog\u00eda de la disputa legal<\/strong><\/h2>\n<p>El 11 de marzo, la Secretaria de Educaci\u00f3n, <strong>Linda McMahon<\/strong>, anuncio en un comunicado de prensa el <strong>despido de 1.378 trabajadores\u00a0empleados por su\u00a0cartera<\/strong>, la mayor\u00eda <strong>pertenecientes<\/strong> a <strong>gremios<\/strong> y <strong>sindicatos<\/strong> de tinte dem\u00f3crata.\u00a0<\/p>\n<p>Nueve d\u00edas despu\u00e9s, como parte del cumplimiento de una de sus promesas de campa\u00f1a, <strong>Trump<\/strong> emiti\u00f3 una <strong>orden ejecutiva<\/strong>\u00a0 instruyendo a McMahon\u00a0a que tome <strong>&#8220;todas las medidas necesarias&#8221;<\/strong>\u00a0 para <strong>facilitar el cierre de este departamento<\/strong>.\u00a0<\/p>\n<p>El 21 de marzo, el <strong>mandatario\u00a0anunci\u00f3 que<\/strong> dos importantes y millonarias <strong>secretar\u00edas<\/strong> -la de programas para\u00a0estudiantes con necesidades especiales y la de pr\u00e9stamos estudiantiles federales- que reca\u00edan bajo la \u00f3rbita de la cartera de Educaci\u00f3n\u00a0<strong>ser\u00edan transferidas a otros departamentos<\/strong>.\u00a0<\/p>\n<p>Los <strong>dem\u00f3cratas<\/strong> intentaron <strong>detener<\/strong> esta <strong>medida<\/strong> uniendo fuerzas. Una coalici\u00f3n integrada por 19 estados liderados por Nueva York, dos distritos escolares y sindicatos de maestros judicializ\u00f3 el caso, <strong>consiguiendo que un juez<\/strong> del estado de Massachussets <strong>obligue<\/strong> al <strong>ministerio<\/strong> a <strong>reincorporar<\/strong> a los <strong>empleados<\/strong> cesados.\u00a0<\/p>\n<aside class=\"whatsappChannelText\"><a href=\"https:\/\/whatsapp.com\/channel\/0029VagEjILGE56eKjedWF2U\" rel=\"nofollow\" title=\"WhatsApp Link\"><img alt=\"Logo de WhatsApp\" class=\"lazyload\" data-src=\"https:\/\/derechadiario.com.ar\/filesedc\/uploads\/other\/whatsapp_icon_mid_article.png\" width=\"32\" height=\"32\"><\/a> <a href=\"https:\/\/whatsapp.com\/channel\/0029VagEjILGE56eKjedWF2U\" rel=\"nofollow\" title=\"WhatsApp Link\"><strong>NO SE PIERDAN NINGUNA NOTICIA<\/strong>: Click aqu\u00ed para sumarte <strong>GRATIS<\/strong> al canal de noticias de <strong>La Derecha Diario en WhatsApp.<\/strong><\/a><\/aside>\n<p>El gobierno de Trump acudi\u00f3 a la <strong>Corte Suprema<\/strong> el 6 de junio, <strong>solicitando a los jueces intervenir y suspender la orden de menor grado.<\/strong>\u00a0 <\/p>\n<figure><img decoding=\"async\" src=\"https:\/\/derechadiario.com.ar\/filesedc\/uploads\/image\/post\/2025\/07\/jpeg_1200_800.webp\" class=\"img-responsive lazyload\" alt=\"Un hombre de traje firmando un documento en un escritorio presidencial mientras varios ni\u00f1os escriben en pupitres detr\u00e1s de \u00e9l\" title=\"Un hombre de traje firmando un documento en un escritorio presidencial mientras varios ni\u00f1os escriben en pupitres detr\u00e1s de \u00e9l\"><\/figure>\n<h2><strong>Otra victoria para Trump<\/strong>\u00a0 <\/h2>\n<p>Hoy, casi un mes despu\u00e9s de dicha apelaci\u00f3n realizada por el equipo legal del gobierno, la <strong>Corte actu\u00f3 \u00a0emitiendo una breve orden que anulaba el fallo del tribunal inferior.<\/strong>\u00a0 <\/p>\n<p>El <strong>reciente fallo<\/strong> del m\u00e1ximo tribunal forma parte de una \u00a0<strong>racha de victorias\u00a0judiciales<\/strong>\u00a0 encadenada por la <strong>Casa Blanca<\/strong> que le han permitido a Trump \u00a0<strong>continuar con su plan de reforma del Estado.<\/strong>\u00a0 <\/p>\n<p>En materia educativa, Trump ya dijo que planea honrar sus <strong>promesas de campa\u00f1a<\/strong>; esto es, que los <strong>Estados est\u00e9n a cargo de sus respectivos sistemas educativos<\/strong> y terminar con la <strong>burocracia federal<\/strong> en la educaci\u00f3n para que \u00a0<strong>los\u00a0recursos se dirijan a donde m\u00e1s importan: estudiantes, padres y maestros.<\/strong>\u00a0 <\/p>\n","protected":false},"excerpt":{"rendered":"<p>La Corte Suprema de los Estados Unidos\u00a0 le permiti\u00f3 este lunes al gobierno de Trump \u00a0proceder con el despido de 1400 empleados estatales contratados por el \u00a0Departamento de Educaci\u00f3n, una medida que el actual mandatario considera como el primer paso para cerrar completamente esta cartera.\u00a0 En una breve decisi\u00f3n, los supremos\u00a0bloquearon una orden judicial\u00a0que hab\u00eda [&hellip;]<\/p>\n","protected":false},"author":2,"featured_media":10961,"comment_status":"open","ping_status":"open","sticky":false,"template":"","format":"standard","meta":{"_et_pb_use_builder":"","_et_pb_old_content":"","_et_gb_content_width":"","footnotes":""},"categories":[187,79,188],"tags":[],"class_list":["post-10960","post","type-post","status-publish","format-standard","has-post-thumbnail","hentry","category-corte","category-internacionales","category-suprema"],"_links":{"self":[{"href":"https:\/\/verdadincomodadiario.ar\/index.php?rest_route=\/wp\/v2\/posts\/10960","targetHints":{"allow":["GET"]}}],"collection":[{"href":"https:\/\/verdadincomodadiario.ar\/index.php?rest_route=\/wp\/v2\/posts"}],"about":[{"href":"https:\/\/verdadincomodadiario.ar\/index.php?rest_route=\/wp\/v2\/types\/post"}],"author":[{"embeddable":true,"href":"https:\/\/verdadincomodadiario.ar\/index.php?rest_route=\/wp\/v2\/users\/2"}],"replies":[{"embeddable":true,"href":"https:\/\/verdadincomodadiario.ar\/index.php?rest_route=%2Fwp%2Fv2%2Fcomments&post=10960"}],"version-history":[{"count":0,"href":"https:\/\/verdadincomodadiario.ar\/index.php?rest_route=\/wp\/v2\/posts\/10960\/revisions"}],"wp:featuredmedia":[{"embeddable":true,"href":"https:\/\/verdadincomodadiario.ar\/index.php?rest_route=\/wp\/v2\/media\/10961"}],"wp:attachment":[{"href":"https:\/\/verdadincomodadiario.ar\/index.php?rest_route=%2Fwp%2Fv2%2Fmedia&parent=10960"}],"wp:term":[{"taxonomy":"category","embeddable":true,"href":"https:\/\/verdadincomodadiario.ar\/index.php?rest_route=%2Fwp%2Fv2%2Fcategories&post=10960"},{"taxonomy":"post_tag","embeddable":true,"href":"https:\/\/verdadincomodadiario.ar\/index.php?rest_route=%2Fwp%2Fv2%2Ftags&post=10960"}],"curies":[{"name":"wp","href":"https:\/\/api.w.org\/{rel}","templated":true}]}}