{"id":1095,"date":"2025-04-03T20:32:09","date_gmt":"2025-04-03T20:32:09","guid":{"rendered":"https:\/\/verdadincomodadiario.ar\/?p=1095"},"modified":"2025-04-03T20:32:09","modified_gmt":"2025-04-03T20:32:09","slug":"cuando-cobro-anses-el-cronograma-de-pagos-para-este-martes-1-de-abril-de-2025","status":"publish","type":"post","link":"https:\/\/verdadincomodadiario.ar\/?p=1095","title":{"rendered":"\u00bfCu\u00e1ndo cobro ANSES? el cronograma de pagos para este martes 1 de abril de 2025"},"content":{"rendered":"<p>La <strong><a href=\"https:\/\/derechadiario.com.ar\/economia\/asignaciones-suaf-anses-quienes-reciben-pago-adicional-108000-abril\" title=\"Asignaciones SUAF de ANSES: qui\u00e9nes reciben el pago adicional de $108.000 en abril\">ANSES<\/a><\/strong>\u00a0 public\u00f3 el <strong>cronograma de pagos<\/strong> correspondiente al <strong>1 de abril de 2025<\/strong>. Hoy, se realizan varios pagos de asignaciones y otros beneficios.<\/p>\n<p>A continuaci\u00f3n, te detallamos <strong>qui\u00e9nes cobran hoy<\/strong>.<\/p>\n<div class=\"inter_image image_horizontal\">\n<picture><source class=\"img-responsive\" type=\"image\/webp\" data-srcset=\"\/filesedc\/uploads\/image\/post\/anses-1-jpg_300_200.webp 300w, \n\/filesedc\/uploads\/image\/post\/anses-1-jpg_630_420.webp 630w,\n                                \/filesedc\/uploads\/image\/post\/anses-1-jpg_760_507.webp 760w,\n                                \/filesedc\/uploads\/image\/post\/anses-1-jpg_1200_800.webp 1200w,\n                                \/filesedc\/uploads\/image\/post\/anses-1-jpg_1600_1067.webp 1600w\"><img decoding=\"async\" src=\"https:\/\/derechadiario.com.ar\/filesedc\/uploads\/image\/post\/anses-1-jpg_1200_800.webp\" class=\"img-responsive lazyload\" alt=\"Fachada de una oficina de ANSES con un cartel azul y un coraz\u00f3n naranja.\" title=\"Fachada de una oficina de ANSES con un cartel azul y un coraz\u00f3n naranja.\"><\/picture>\n<div>\n<span class=\"img_footer\">\u00bfQui\u00e9nes cobran hoy? <\/span>| <span class=\"img_author\">La Derecha Diario<\/span>\n<\/div>\n<\/div>\n<h2><strong>\u00bfQui\u00e9nes cobran hoy, 1 de abril de 2025?<\/strong><\/h2>\n<p>El pago de este martes incluye prestaciones para los beneficiarios de asignaciones familiares, pensiones no contributivas y algunas asignaciones de pago \u00fanico. Aqu\u00ed te contamos todos los detalles.<\/p>\n<h3><strong>Asignaciones de pago \u00fanico: Matrimonio, Adopci\u00f3n y Nacimiento<\/strong><\/h3>\n<p><strong>Todos los documentos terminados en:<\/strong> cualquier n\u00famero, podr\u00e1n cobrar hasta el jueves 10 de abril. Es importante tener en cuenta que los pagos se realizan seg\u00fan el \u00faltimo d\u00edgito del documento.<\/p>\n<aside class=\"are-you-interested-container-photo\"><\/aside>\n<figure><img decoding=\"async\" src=\"https:\/\/derechadiario.com.ar\/filesedc\/uploads\/image\/post\/asignacion-pago-unico-marzo-anses_1200_800.webp\" class=\"img-responsive lazyload\" alt=\"Asignaciones de pago \u00fanico para matrimonio, adopci\u00f3n y nacimiento, mes a cobrar marzo, con fechas de cobro del 13\/3 al 10\/4 para la primera quincena y del 26\/3 al 10\/4 para la segunda quincena.\" title=\"Asignaciones de pago \u00fanico para matrimonio, adopci\u00f3n y nacimiento, mes a cobrar marzo, con fechas de cobro del 13\/3 al 10\/4 para la primera quincena y del 26\/3 al 10\/4 para la segunda quincena.\"><\/figure>\n<h3><strong>Asignaciones Familiares de Pensiones No Contributivas (PNC)<\/strong><\/h3>\n<p>Al igual que las asignaciones de pago \u00fanico, las PNC tambi\u00e9n tienen su cronograma extendido hasta el 10 de abril. Los beneficiarios podr\u00e1n consultar si est\u00e1n habilitados para recibir el pago.<\/p>\n<figure><img decoding=\"async\" src=\"https:\/\/derechadiario.com.ar\/filesedc\/uploads\/image\/post\/pnc-marzo-anses-1741775808628_1200_800.webp\" class=\"img-responsive lazyload\" alt=\"Asignaciones familiares de pensiones no contributivas para marzo, todas las terminaciones de DNI del 12 de marzo al 10 de abril.\" title=\"Asignaciones familiares de pensiones no contributivas para marzo, todas las terminaciones de DNI del 12 de marzo al 10 de abril.\"><\/figure>\n<h2><strong>Jubilaciones ANSES: Aumento por inflaci\u00f3n de abril 2025<\/strong><\/h2>\n<p>Este mes, la ANSES ajust\u00f3 los montos de <a href=\"https:\/\/derechadiario.com.ar\/economia\/anses-confirmo-cuanto-sera-aumento-jubilaciones-y-pensiones-para-abril-2025\" title=\"ANSES confirm\u00f3 de cu\u00e1nto ser\u00e1 el aumento en jubilaciones y pensiones para abril 2025\">jubilaciones y pensiones<\/a>. <strong>Se implement\u00f3 un incremento del 2,40% debido a la inflaci\u00f3n registrada en enero seg\u00fan el INDEC<\/strong>. Aqu\u00ed te mostramos los nuevos montos.<\/p>\n<h3><strong>Montos de jubilaciones y pensiones tras el aumento<\/strong><\/h3>\n<ul>\n<li>\n<strong>Jubilaci\u00f3n m\u00ednima<\/strong>: $285.820,63<\/li>\n<li>\n<strong>Jubilaci\u00f3n m\u00e1xima<\/strong>: $1.923.302,29<\/li>\n<li>\n<strong>Pensi\u00f3n Universal de Adultos Mayores (PUAM)<\/strong>: $228.656,50<\/li>\n<li>\n<strong>Pensiones no Contributivas (PNC)<\/strong>: $200.074,44<\/li>\n<li>\n<strong>Prestaci\u00f3n B\u00e1sica Universal (PBU)<\/strong>: $228.656,50<\/li>\n<\/ul>\n<figure><img decoding=\"async\" src=\"https:\/\/derechadiario.com.ar\/filesedc\/uploads\/image\/post\/jubilados-anses-3jpg_1200_800.webp\" class=\"img-responsive lazyload\" alt=\"Un grupo de personas camina por una acera en un entorno urbano, con una mujer mayor en primer plano llevando un bolso claro.\" title=\"Un grupo de personas camina por una acera en un entorno urbano, con una mujer mayor en primer plano llevando un bolso claro.\"><\/figure>\n<h2><strong>Fechas clave y consultas sobre el cobro<\/strong><\/h2>\n<p>Si a\u00fan ten\u00e9s dudas sobre tu cobro, pod\u00e9s consultar el cronograma detallado desde la p\u00e1gina de la ANSES o bien acceder con tu n\u00famero de CUIL en los portales correspondientes.<\/p>\n<aside class=\"whatsappChannelText\"><a href=\"https:\/\/whatsapp.com\/channel\/0029VagEjILGE56eKjedWF2U\" rel=\"nofollow\" title=\"WhatsApp Link\"><img alt=\"Logo de WhatsApp\" class=\"lazyload\" data-src=\"https:\/\/derechadiario.com.ar\/filesedc\/uploads\/other\/whatsapp_icon_mid_article.png\" width=\"32\" height=\"32\"><\/a> <a href=\"https:\/\/whatsapp.com\/channel\/0029VagEjILGE56eKjedWF2U\" rel=\"nofollow\" title=\"WhatsApp Link\"><strong>NO SE PIERDAN NINGUNA NOTICIA<\/strong>: Click aqu\u00ed para sumarte <strong>GRATIS<\/strong> al canal de noticias de <strong>La Derecha Diario en WhatsApp.<\/strong><\/a><\/aside>\n<h3><strong>\u00bfC\u00f3mo consultar el pago?<\/strong><\/h3>\n<ul>\n<li>\n<strong>Mi ANSES<\/strong>: ingresando con tu CUIL y contrase\u00f1a.<\/li>\n<li>\n<strong>Mi Argentina<\/strong>: accediendo con tus datos personales para conocer la fecha de cobro.<\/li>\n<\/ul>\n<p>Para m\u00e1s detalles, te recomendamos seguir el cronograma publicado por la ANSES y asegurarte de cumplir con todos los requisitos necesarios para evitar retrasos.<\/p>\n<aside class=\"are-you-interested-container-photo\"><\/aside>\n","protected":false},"excerpt":{"rendered":"<p>La ANSES\u00a0 public\u00f3 el cronograma de pagos correspondiente al 1 de abril de 2025. Hoy, se realizan varios pagos de asignaciones y otros beneficios. A continuaci\u00f3n, te detallamos qui\u00e9nes cobran hoy. \u00bfQui\u00e9nes cobran hoy? | La Derecha Diario \u00bfQui\u00e9nes cobran hoy, 1 de abril de 2025? El pago de este martes incluye prestaciones para los [&hellip;]<\/p>\n","protected":false},"author":2,"featured_media":1096,"comment_status":"open","ping_status":"open","sticky":false,"template":"","format":"standard","meta":{"_et_pb_use_builder":"","_et_pb_old_content":"","_et_gb_content_width":"","footnotes":""},"categories":[80],"tags":[],"class_list":["post-1095","post","type-post","status-publish","format-standard","has-post-thumbnail","hentry","category-economia-2"],"_links":{"self":[{"href":"https:\/\/verdadincomodadiario.ar\/index.php?rest_route=\/wp\/v2\/posts\/1095","targetHints":{"allow":["GET"]}}],"collection":[{"href":"https:\/\/verdadincomodadiario.ar\/index.php?rest_route=\/wp\/v2\/posts"}],"about":[{"href":"https:\/\/verdadincomodadiario.ar\/index.php?rest_route=\/wp\/v2\/types\/post"}],"author":[{"embeddable":true,"href":"https:\/\/verdadincomodadiario.ar\/index.php?rest_route=\/wp\/v2\/users\/2"}],"replies":[{"embeddable":true,"href":"https:\/\/verdadincomodadiario.ar\/index.php?rest_route=%2Fwp%2Fv2%2Fcomments&post=1095"}],"version-history":[{"count":0,"href":"https:\/\/verdadincomodadiario.ar\/index.php?rest_route=\/wp\/v2\/posts\/1095\/revisions"}],"wp:featuredmedia":[{"embeddable":true,"href":"https:\/\/verdadincomodadiario.ar\/index.php?rest_route=\/wp\/v2\/media\/1096"}],"wp:attachment":[{"href":"https:\/\/verdadincomodadiario.ar\/index.php?rest_route=%2Fwp%2Fv2%2Fmedia&parent=1095"}],"wp:term":[{"taxonomy":"category","embeddable":true,"href":"https:\/\/verdadincomodadiario.ar\/index.php?rest_route=%2Fwp%2Fv2%2Fcategories&post=1095"},{"taxonomy":"post_tag","embeddable":true,"href":"https:\/\/verdadincomodadiario.ar\/index.php?rest_route=%2Fwp%2Fv2%2Ftags&post=1095"}],"curies":[{"name":"wp","href":"https:\/\/api.w.org\/{rel}","templated":true}]}}