{"id":10946,"date":"2025-07-14T23:24:31","date_gmt":"2025-07-14T23:24:31","guid":{"rendered":"https:\/\/verdadincomodadiario.ar\/?p=10946"},"modified":"2025-07-14T23:24:31","modified_gmt":"2025-07-14T23:24:31","slug":"ruth-nina-anticipo-un-bano-de-sangre-el-tse-solo-va-a-contar-muertos","status":"publish","type":"post","link":"https:\/\/verdadincomodadiario.ar\/?p=10946","title":{"rendered":"Ruth Nina anticip\u00f3 un ba\u00f1o de sangre: El TSE solo &#8216;va a contar muertos&#8217;"},"content":{"rendered":"<p><a href=\"https:\/\/derechadiario.com.ar\/bolivia\/politica\/ruth-nina-indico-que-impedir-que-evo-morales-sea-candidato-declarar-guerra\" title=\"Ruth Nina indic\u00f3 que impedir que Evo Morales sea candidato es declarar la guerra\">Ruth Nina lanz\u00f3 una amenaza directa al Tribunal Supremo Electoral (TSE)<\/a> durante un ampliado de sectores evistas realizado este fin de semana. La dirigente afirm\u00f3 que el 17 de agosto <strong>\u201cen vez de contar votos, va a contar muertos\u201d<\/strong>.<\/p>\n<p>Las declaraciones fueron hechas mientras el evismo exig\u00eda la habilitaci\u00f3n del partido Pan-Bol para inscribir a Evo Morales. Nina justific\u00f3 su postura afirmando que <strong>las organizaciones sociales est\u00e1n dispuestas a dar la vida por cumplir e capricho del ped\u00f3filo<\/strong>.\u00a0<\/p>\n<p>La amenaza fue replicada por varios legisladores afines al evismo. El senador Leonardo Loza y los diputados Gladis Quispe y Ren\u00e1n Cabezas \u00a0<strong>exigieron a sus bases impedir que se realicen los comicios<\/strong>.<\/p>\n<p>Tambi\u00e9n, <strong>plantearon un \u201cestado de sublevaci\u00f3n\u201d si no se restituye la candidatura de Morales<\/strong>. Las advertencias incluyeron llamados a la movilizaci\u00f3n y a paralizar las elecciones por la fuerza. El encuentro se llev\u00f3 a cabo en Lauca \u00d1, basti\u00f3n del expresidente.<\/p>\n<p>Ren\u00e1n Cabezas, diputado de El Alto, dijo que tienen derecho a sublevarse contra el sistema legal vigente. Aleg\u00f3 que la Constituci\u00f3n est\u00e1 siendo usada para beneficiar a intereses for\u00e1neos.<\/p>\n<p>En su intervenci\u00f3n<a href=\"https:\/\/derechadiario.com.ar\/bolivia\/politica\/terroristas-evistas-armados-asesinaron-policias-que-intentaban-defender-llallagua\" title=\"Terroristas: Evistas armados asesinaron a polic\u00edas que intentaban defender Llallagua\"> propuso movilizaciones masivas en todo el pa\u00eds<\/a>. Gladis Quispe respald\u00f3 la idea e inst\u00f3 a bloquear contratos del Estado con empresas extranjeras. Seg\u00fan ella, no se debe permitir el avance del Gobierno sin Evo Morales como candidato.<\/p>\n<h2>Evistas convocaron a movilizaciones<\/h2>\n<div class=\"inter_image image_horizontal\">\n<picture><source class=\"img-responsive\" type=\"image\/webp\" data-srcset=\"https:\/\/filesedc.com\/uploads\/image\/post\/2025\/07\/md-1752524681973_300_200.webp 300w, https:\/\/filesedc.com\/uploads\/image\/post\/2025\/07\/md-1752524681973_630_420.webp 630w, https:\/\/filesedc.com\/uploads\/image\/post\/2025\/07\/md-1752524681973_760_507.webp 760w, https:\/\/filesedc.com\/uploads\/image\/post\/2025\/07\/md-1752524681973_1200_800.webp 1200w, https:\/\/filesedc.com\/uploads\/image\/post\/2025\/07\/md-1752524681973_1600_1067.webp 1600w, \"><img decoding=\"async\" src=\"https:\/\/derechadiario.com.ar\/filesedc\/uploads\/image\/post\/2025\/07\/md-1752524681973_1200_800.webp\" class=\"img-responsive lazyload\" alt=\"Mujer de cabello casta\u00f1o y corto con chaqueta roja hablando frente a un grupo de personas\" title=\"Mujer de cabello casta\u00f1o y corto con chaqueta roja hablando frente a un grupo de personas\"><\/picture>\n<div>\n<span class=\"img_footer\">Evistas indicaron no habr\u00e1 elecciones <\/span>| <span class=\"img_author\">La Derecha Diario<\/span>\n<\/div>\n<\/div>\n<p>Leonardo Loza tambi\u00e9n se pronunci\u00f3 durante el ampliado. Dijo que <strong>no habr\u00e1 elecciones sin el movimiento ind\u00edgena campesino<\/strong>. Llam\u00f3 a los asistentes a declararse en emergencia y organizar una movilizaci\u00f3n nacional.<\/p>\n<p>Los asistentes aplaudieron los discursos cargados de amenazas y advertencias. La presi\u00f3n sobre el TSE se hizo evidente en ese escenario.<\/p>\n<p>En ese mismo evento, <strong>Ruth Nina reafirm\u00f3 su lealtad al evismo<\/strong>. Sostuvo que Evo Morales es el \u00fanico l\u00edder leg\u00edtimo del pa\u00eds. Asegur\u00f3 que \u201cel pueblo\u201d lo eligi\u00f3 y no puede haber elecciones sin su participaci\u00f3n.<\/p>\n<p>Adem\u00e1s, record\u00f3 que Pan-Bol naci\u00f3 de los Yungas y representa a la clase popular. Concluy\u00f3 que est\u00e1n dispuestos a morir antes que aceptar \u201ccandidatos de la derecha\u201d.<\/p>\n<h2>La oposici\u00f3n denunci\u00f3 las amenazas<\/h2>\n<figure><img decoding=\"async\" src=\"https:\/\/derechadiario.com.ar\/filesedc\/uploads\/image\/post\/2025\/07\/small-proyecto-nuevo-10-516f66ea2a-1752524995999_1200_800.webp\" class=\"img-responsive lazyload\" alt=\"Mujer hablando frente a varios micr\u00f3fonos de diferentes medios de comunicaci\u00f3n\" title=\"Mujer hablando frente a varios micr\u00f3fonos de diferentes medios de comunicaci\u00f3n\"><\/figure>\n<p>Las reacciones no tardaron en llegar desde la oposici\u00f3n. La diputada <strong>Luisa Nayar anunci\u00f3 una denuncia penal contra Nina<\/strong>. Afirm\u00f3 que sus declaraciones representan una amenaza directa a la vida y a la democracia.<\/p>\n<p>La acus\u00f3 de incitar a la violencia y desestabilizar el proceso electoral. <strong>\u201cEsto no puede quedar impune\u201d<\/strong>, se\u00f1al\u00f3 en redes sociales.<\/p>\n<p>Desde Santa Cruz, la Asamblea Legislativa Departamental emiti\u00f3 un pronunciamiento oficial. Conden\u00f3 las palabras de Nina por atentar contra la paz social.<\/p>\n<p>\u00a0Adem\u00e1s, <strong>exigi\u00f3 al TSE y al Ministerio P\u00fablico tomar acciones inmediatas<\/strong>. Se\u00f1al\u00f3 que las amenazas violan el derecho de los bolivianos a elegir en libertad. Pidieron sanciones para quienes incurran en este tipo de discursos.<\/p>\n<h2>El TSE conden\u00f3 las amenazas<\/h2>\n<figure><img decoding=\"async\" src=\"https:\/\/derechadiario.com.ar\/filesedc\/uploads\/image\/post\/2025\/07\/nombre-del-tse-en-el-frontis-770x410_1200_800.webp\" class=\"img-responsive lazyload\" alt=\"Entrada principal del Tribunal Supremo Electoral con un port\u00f3n de rejas y un letrero met\u00e1lico en la parte superior\" title=\"Entrada principal del Tribunal Supremo Electoral con un port\u00f3n de rejas y un letrero met\u00e1lico en la parte superior\"><\/figure>\n<p>El\u00a0domingo, el Tribunal Supremo Electoral rompi\u00f3 el silencio. El vocal Gustavo \u00c1vila calific\u00f3 \u00a0<strong>la advertencia de Nina como \u201cmuy grave\u201d<\/strong>. Indic\u00f3 que sus palabras amenazan directamente a m\u00e1s de 7,9 millones de votantes.<\/p>\n<p>A\u00f1adi\u00f3 que se est\u00e1 incurriendo en posibles delitos como instigaci\u00f3n p\u00fablica a delinquir. Solicit\u00f3 que el Ministerio P\u00fablico act\u00fae de inmediato y de oficio.<\/p>\n<p>\u00c1vila explic\u00f3 que las amenazas vulneran el r\u00e9gimen electoral. Record\u00f3 que <strong>impedir u obstaculizar un proceso democr\u00e1tico es un delito penal<\/strong>. Advirti\u00f3 que se est\u00e1n promoviendo actos violentos contra la institucionalidad.<\/p>\n<p>Asimismo, dijo que el TSE recurrir\u00e1 a todas las instancias necesarias para proteger el proceso electoral. Subray\u00f3 que se garantizar\u00e1 el respeto a la Constituci\u00f3n.<\/p>\n<p>El legislador Alejandro Reyes, de Comunidad Ciudadana, tambi\u00e9n se pronunci\u00f3. \u00a0<strong>Acus\u00f3 a Nina de actuar por inter\u00e9s pol\u00edtico y de traicionar sus principios<\/strong>.<\/p>\n<p>Record\u00f3 que en 2019 fue cr\u00edtica de Morales, pero ahora lo respalda. Dijo que est\u00e1 dispuesta a provocar violencia a cambio de \u201cpegas\u201d. Pidi\u00f3 la intervenci\u00f3n del Ministerio de Gobierno.<\/p>\n<h2>El evismo reiter\u00f3 su pedido<\/h2>\n<figure><img decoding=\"async\" src=\"https:\/\/derechadiario.com.ar\/filesedc\/uploads\/image\/post\/2025\/07\/evistas-intentan-inscribir-candidatos-con-pan-bol-el-tse-no-los-recibe-2025-05-19_1200_800.webp\" class=\"img-responsive lazyload\" alt=\"Una mujer con bufanda blanca y chaqueta oscura camina acompa\u00f1ada de otras personas en una multitud, algunas de ellas con vestimenta tradicional andina y sombreros, mientras al fondo se observa una calle llena de gente.\" title=\"Una mujer con bufanda blanca y chaqueta oscura camina acompa\u00f1ada de otras personas en una multitud, algunas de ellas con vestimenta tradicional andina y sombreros, mientras al fondo se observa una calle llena de gente.\"><\/figure>\n<p>La concejal alte\u00f1a Wilma Alanoca, por su parte, plante\u00f3 llevar la denuncia ante observadores internacionales. \u00a0<strong>Aleg\u00f3 que existe un pacto entre el Gobierno, el TSE y la justicia para excluir a Morales<\/strong>.\u00a0<\/p>\n<p>Tambi\u00e9n pidi\u00f3 acciones diplom\u00e1ticas ante la Uni\u00f3n Europea. Se\u00f1al\u00f3 que hay una \u201cpersecuci\u00f3n pol\u00edtica\u201d encubierta.<\/p>\n<p>Los sectores evistas han endurecido su discurso y su postura. Mientras tanto, las instituciones del Estado enfrentan el desaf\u00edo de mantener el orden.<\/p>\n<p>Organizaciones ciudadanas y colectivos de defensa de la democracia tambi\u00e9n se han pronunciado. Denunciaron el uso del miedo como herramienta pol\u00edtica.<\/p>\n<p>Rechazaron cualquier intento de condicionar las elecciones con violencia. Llamaron a la poblaci\u00f3n a mantenerse firme en la defensa del voto. Exigieron garant\u00edas para todos los electores del pa\u00eds.<\/p>\n","protected":false},"excerpt":{"rendered":"<p>Ruth Nina lanz\u00f3 una amenaza directa al Tribunal Supremo Electoral (TSE) durante un ampliado de sectores evistas realizado este fin de semana. La dirigente afirm\u00f3 que el 17 de agosto \u201cen vez de contar votos, va a contar muertos\u201d. Las declaraciones fueron hechas mientras el evismo exig\u00eda la habilitaci\u00f3n del partido Pan-Bol para inscribir a [&hellip;]<\/p>\n","protected":false},"author":2,"featured_media":10947,"comment_status":"open","ping_status":"open","sticky":false,"template":"","format":"standard","meta":{"_et_pb_use_builder":"","_et_pb_old_content":"","_et_gb_content_width":"","footnotes":""},"categories":[84],"tags":[],"class_list":["post-10946","post","type-post","status-publish","format-standard","has-post-thumbnail","hentry","category-ultimomomento"],"_links":{"self":[{"href":"https:\/\/verdadincomodadiario.ar\/index.php?rest_route=\/wp\/v2\/posts\/10946","targetHints":{"allow":["GET"]}}],"collection":[{"href":"https:\/\/verdadincomodadiario.ar\/index.php?rest_route=\/wp\/v2\/posts"}],"about":[{"href":"https:\/\/verdadincomodadiario.ar\/index.php?rest_route=\/wp\/v2\/types\/post"}],"author":[{"embeddable":true,"href":"https:\/\/verdadincomodadiario.ar\/index.php?rest_route=\/wp\/v2\/users\/2"}],"replies":[{"embeddable":true,"href":"https:\/\/verdadincomodadiario.ar\/index.php?rest_route=%2Fwp%2Fv2%2Fcomments&post=10946"}],"version-history":[{"count":0,"href":"https:\/\/verdadincomodadiario.ar\/index.php?rest_route=\/wp\/v2\/posts\/10946\/revisions"}],"wp:featuredmedia":[{"embeddable":true,"href":"https:\/\/verdadincomodadiario.ar\/index.php?rest_route=\/wp\/v2\/media\/10947"}],"wp:attachment":[{"href":"https:\/\/verdadincomodadiario.ar\/index.php?rest_route=%2Fwp%2Fv2%2Fmedia&parent=10946"}],"wp:term":[{"taxonomy":"category","embeddable":true,"href":"https:\/\/verdadincomodadiario.ar\/index.php?rest_route=%2Fwp%2Fv2%2Fcategories&post=10946"},{"taxonomy":"post_tag","embeddable":true,"href":"https:\/\/verdadincomodadiario.ar\/index.php?rest_route=%2Fwp%2Fv2%2Ftags&post=10946"}],"curies":[{"name":"wp","href":"https:\/\/api.w.org\/{rel}","templated":true}]}}