{"id":10942,"date":"2025-07-14T23:24:33","date_gmt":"2025-07-14T23:24:33","guid":{"rendered":"https:\/\/verdadincomodadiario.ar\/?p=10942"},"modified":"2025-07-14T23:24:33","modified_gmt":"2025-07-14T23:24:33","slug":"el-gobierno-de-morena-intensifica-campana-contra-ricardo-salinas-pliego","status":"publish","type":"post","link":"https:\/\/verdadincomodadiario.ar\/?p=10942","title":{"rendered":"El Gobierno de Morena intensifica campa\u00f1a contra Ricardo Salinas Pliego"},"content":{"rendered":"<p>En medio de una creciente <strong>crisis de seguridad<\/strong>, descontento social y <a href=\"https:\/\/derechadiario.com.ar\/mexico\/politica\/fgr-investiga-vector-por-recibir-dinero-del-cartel-sinaloa\" title=\"FGR investiga a Vector por recibir dinero del Cartel de Sinaloa\"><strong>acusaciones internacionales por corrupci\u00f3n<\/strong><\/a>, el gobierno de <strong>Morena<\/strong> ha enfocado su <strong>maquinaria propagand\u00edstica<\/strong> en atacar al empresario <a href=\"https:\/\/derechadiario.com.ar\/mexico\/sociedad\/cuanto-gastaran-los-chairotubers-asesoria-legal-por-demanda-salinas-pliego\" title=\"\u00bfCu\u00e1nto gastar\u00e1n los chairotubers en asesor\u00eda legal por la demanda de Salinas Pliego?\"><strong>Ricardo Salinas Pliego<\/strong><\/a>. Lo acusan de mis\u00f3gino y evasor fiscal, aunque <strong>sin presentar pruebas contundentes m\u00e1s all\u00e1 de publicaciones en redes sociales y reportajes sesgados<\/strong>.<\/p>\n<p>Desde hace semanas, figuras afines al oficialismo, portales alineados a la <strong>4T<\/strong> y hasta funcionarios del gabinete <strong>han emprendido una campa\u00f1a constante contra el due\u00f1o de Grupo Salinas<\/strong>. El objetivo es evidente: <strong>desviar la atenci\u00f3n p\u00fablica de los m\u00faltiples fracasos del r\u00e9gimen<\/strong> en econom\u00eda, salud, educaci\u00f3n y derechos humanos.<\/p>\n<p><img decoding=\"async\" class=\"img-responsive previewImg\" src=\"https:\/\/filesedc.com\/uploads\/image\/post\/2025\/07\/screenshot-2025-07-10-212355_1200_800.webp\"><\/p>\n<h2><strong>Salinas Pliego responde con fuerza<\/strong><\/h2>\n<p>El empresario denuncia <strong>persecuci\u00f3n pol\u00edtica<\/strong> y <strong>manipulaci\u00f3n medi\u00e1tica<\/strong>.<\/p>\n<p>Lejos de quedarse callado, <strong>Salinas Pliego ha respondido con firmeza desde su cuenta de X<\/strong> (antes Twitter), donde acumula millones de seguidores.<\/p>\n<p>El empresario <strong>defendi\u00f3 su derecho a la libre expresi\u00f3n<\/strong> y calific\u00f3 la campa\u00f1a en su contra como una <strong>\u201ccortina de humo\u201d para distraer al pa\u00eds<\/strong>.<\/p>\n<p>Sobre las acusaciones fiscales, aclar\u00f3 que sus empresas mantienen litigios abiertos, como muchas otras en <strong>M\u00e9xico<\/strong>. Insisti\u00f3 en que <strong>no se trata de deudas fiscales definitivas, sino de interpretaciones distintas sobre pagos al SAT<\/strong>.<\/p>\n<p>Los se\u00f1alamientos por &#8220;misoginia&#8221; surgieron tras <strong>publicaciones sat\u00edricas y cr\u00edticas del empresario hacia figuras p\u00fablicas<\/strong>, sin violencia real. Aun as\u00ed, <strong>oficialistas han intentado amplificar el tema en medios afines<\/strong>, como si se tratara de un <strong>esc\u00e1ndalo nacional<\/strong>.<\/p>\n<p><img decoding=\"async\" class=\"img-responsive previewImg\" src=\"https:\/\/filesedc.com\/uploads\/image\/post\/2025\/07\/screenshot-2025-07-10-212439_1200_800.webp\"><\/p>\n<h2><strong>Un recurso viejo: culpar a los cr\u00edticos<\/strong><\/h2>\n<p>Este tipo de campa\u00f1as <strong>no son nuevas en la narrativa de la 4T<\/strong>. Cuando los <a href=\"https:\/\/derechadiario.com.ar\/mexico\/politica\/ovidio-guzman-habria-delatado-vinculos-vector-y-narco-para-negociar-con-eeuu\" title=\"Ovidio Guzm\u00e1n habr\u00eda revelado v\u00ednculos entre Vector y el C\u00e1rtel de Sinaloa\"><strong>problemas<\/strong><\/a> rebasan al gobierno, <strong>Morena<\/strong> responde <strong>atacando a cr\u00edticos del r\u00e9gimen<\/strong>. <strong>Salinas Pliego<\/strong> se suma a una larga lista de empresarios, periodistas y activistas se\u00f1alados por el <strong>aparato de propaganda oficial<\/strong>, mientras los verdaderos problemas del pa\u00eds, como la <strong>masacre de madres buscadoras<\/strong>, el <strong>colapso de Pemex<\/strong> o la <strong>censura de redes sociales<\/strong>, quedan en segundo plano.<\/p>\n<p>Los ataques contra el empresario revelan <strong>la desesperaci\u00f3n del gobierno por mantener el control del discurso p\u00fablico<\/strong>. En lugar de asumir responsabilidades, <strong>Morena prefiere alimentar la polarizaci\u00f3n<\/strong>. Sin embargo, cada vez m\u00e1s ciudadanos comienzan a cuestionar el <strong>circo medi\u00e1tico<\/strong> y exigir <strong>respuestas reales a los retos que enfrenta M\u00e9xico<\/strong>.<\/p>\n<p><img decoding=\"async\" class=\"img-responsive previewImg\" src=\"https:\/\/filesedc.com\/uploads\/image\/post\/2025\/07\/screenshot-2025-07-10-212516_1200_800.webp\"><\/p>\n","protected":false},"excerpt":{"rendered":"<p>En medio de una creciente crisis de seguridad, descontento social y acusaciones internacionales por corrupci\u00f3n, el gobierno de Morena ha enfocado su maquinaria propagand\u00edstica en atacar al empresario Ricardo Salinas Pliego. Lo acusan de mis\u00f3gino y evasor fiscal, aunque sin presentar pruebas contundentes m\u00e1s all\u00e1 de publicaciones en redes sociales y reportajes sesgados. Desde hace [&hellip;]<\/p>\n","protected":false},"author":2,"featured_media":10943,"comment_status":"open","ping_status":"open","sticky":false,"template":"","format":"standard","meta":{"_et_pb_use_builder":"","_et_pb_old_content":"","_et_gb_content_width":"","footnotes":""},"categories":[84],"tags":[],"class_list":["post-10942","post","type-post","status-publish","format-standard","has-post-thumbnail","hentry","category-ultimomomento"],"_links":{"self":[{"href":"https:\/\/verdadincomodadiario.ar\/index.php?rest_route=\/wp\/v2\/posts\/10942","targetHints":{"allow":["GET"]}}],"collection":[{"href":"https:\/\/verdadincomodadiario.ar\/index.php?rest_route=\/wp\/v2\/posts"}],"about":[{"href":"https:\/\/verdadincomodadiario.ar\/index.php?rest_route=\/wp\/v2\/types\/post"}],"author":[{"embeddable":true,"href":"https:\/\/verdadincomodadiario.ar\/index.php?rest_route=\/wp\/v2\/users\/2"}],"replies":[{"embeddable":true,"href":"https:\/\/verdadincomodadiario.ar\/index.php?rest_route=%2Fwp%2Fv2%2Fcomments&post=10942"}],"version-history":[{"count":0,"href":"https:\/\/verdadincomodadiario.ar\/index.php?rest_route=\/wp\/v2\/posts\/10942\/revisions"}],"wp:featuredmedia":[{"embeddable":true,"href":"https:\/\/verdadincomodadiario.ar\/index.php?rest_route=\/wp\/v2\/media\/10943"}],"wp:attachment":[{"href":"https:\/\/verdadincomodadiario.ar\/index.php?rest_route=%2Fwp%2Fv2%2Fmedia&parent=10942"}],"wp:term":[{"taxonomy":"category","embeddable":true,"href":"https:\/\/verdadincomodadiario.ar\/index.php?rest_route=%2Fwp%2Fv2%2Fcategories&post=10942"},{"taxonomy":"post_tag","embeddable":true,"href":"https:\/\/verdadincomodadiario.ar\/index.php?rest_route=%2Fwp%2Fv2%2Ftags&post=10942"}],"curies":[{"name":"wp","href":"https:\/\/api.w.org\/{rel}","templated":true}]}}