{"id":10940,"date":"2025-07-14T23:24:34","date_gmt":"2025-07-14T23:24:34","guid":{"rendered":"https:\/\/verdadincomodadiario.ar\/?p=10940"},"modified":"2025-07-14T23:24:34","modified_gmt":"2025-07-14T23:24:34","slug":"saluden-a-francia-que-se-va-le-abren-la-puerta-a-refugiados-palestinos-de-gaza","status":"publish","type":"post","link":"https:\/\/verdadincomodadiario.ar\/?p=10940","title":{"rendered":"Saluden a Francia que se va: le abren la puerta a refugiados palestinos de Gaza"},"content":{"rendered":"<p>En medio de los festejos por el D\u00eda de la Bastilla, Francia se ve envuelta en una nueva controversia tras una decisi\u00f3n judicial que podr\u00eda redefinir su pol\u00edtica migratoria. <strong>El Tribunal Nacional de Asilo, con sede en Par\u00eds, concedi\u00f3 por primera vez el estatus de refugiado a una madre y su hijo que huyeron de Gaza tras el 7 de octubre de 2023<\/strong>.<\/p>\n<p>La medida\u00a0<strong>podr\u00eda abrir las puertas a m\u00e1s de 400.000 gazat\u00edes<\/strong>\u00a0 que no est\u00e1n registrados por UNRWA y, por tanto, no calificaban hasta ahora para este tipo de protecci\u00f3n en Francia.<\/p>\n<p>La sentencia menciona expl\u00edcitamente la operaci\u00f3n militar israel\u00ed en Gaza como contexto justificante. Esto\u00a0ampl\u00eda el marco legal para futuras solicitudes. Seg\u00fan fuentes del sistema judicial, <strong>m\u00e1s de 200 peticiones similares ya est\u00e1n en evaluaci\u00f3n<\/strong>.<\/p>\n<div class=\"inter_image image_horizontal\">\n<picture><source class=\"img-responsive\" type=\"image\/webp\" data-srcset=\"https:\/\/filesedc.com\/uploads\/image\/post\/2025\/07\/refugiadosgaza_300_200.webp 300w, https:\/\/filesedc.com\/uploads\/image\/post\/2025\/07\/refugiadosgaza_630_420.webp 630w, https:\/\/filesedc.com\/uploads\/image\/post\/2025\/07\/refugiadosgaza_760_507.webp 760w, https:\/\/filesedc.com\/uploads\/image\/post\/2025\/07\/refugiadosgaza_1200_800.webp 1200w, https:\/\/filesedc.com\/uploads\/image\/post\/2025\/07\/refugiadosgaza_1600_1067.webp 1600w, \"><img decoding=\"async\" src=\"https:\/\/derechadiario.com.ar\/filesedc\/uploads\/image\/post\/2025\/07\/refugiadosgaza_1200_800.webp\" class=\"img-responsive lazyload\" alt=\"Una familia camina entre tiendas de campa\u00f1a en un campamento improvisado llevando bidones de agua, con edificios da\u00f1ados al fondo bajo un cielo despejado.\" title=\"Una familia camina entre tiendas de campa\u00f1a en un campamento improvisado llevando bidones de agua, con edificios da\u00f1ados al fondo bajo un cielo despejado.\"><\/picture>\n<div>\n<span class=\"img_footer\">Los gazat\u00edes podr\u00edan recibir asilo en Francia <\/span>| <span class=\"img_author\">La Derecha Diario<\/span>\n<\/div>\n<\/div>\n<p>La decisi\u00f3n provoc\u00f3 reacciones en cadena en el \u00e1mbito pol\u00edtico franc\u00e9s. <strong>Desde la derecha advierten sobre una posible \u201cinvasi\u00f3n silenciosa\u201d<\/strong> que podr\u00eda alterar el equilibrio demogr\u00e1fico y de seguridad. En cambio,\u00a0la izquierda aplaude\u00a0el gesto como un acto de humanidad hacia &#8220;sobrevivientes de un genocidio&#8221;.<\/p>\n<p>El debate se intensifica <strong>tras un reciente episodio violento en el barrio de inmigrantes La Chapelle<\/strong>, en el distrito 18 de Par\u00eds, donde dos palestinos se apu\u00f1alaron mutuamente por razones a\u00fan desconocidas. <strong>La polic\u00eda ve en este incidente un posible presagio del tipo de conflictos que podr\u00eda importar la nueva ola migratoria<\/strong>.<\/p>\n","protected":false},"excerpt":{"rendered":"<p>En medio de los festejos por el D\u00eda de la Bastilla, Francia se ve envuelta en una nueva controversia tras una decisi\u00f3n judicial que podr\u00eda redefinir su pol\u00edtica migratoria. El Tribunal Nacional de Asilo, con sede en Par\u00eds, concedi\u00f3 por primera vez el estatus de refugiado a una madre y su hijo que huyeron de [&hellip;]<\/p>\n","protected":false},"author":2,"featured_media":10941,"comment_status":"open","ping_status":"open","sticky":false,"template":"","format":"standard","meta":{"_et_pb_use_builder":"","_et_pb_old_content":"","_et_gb_content_width":"","footnotes":""},"categories":[84],"tags":[],"class_list":["post-10940","post","type-post","status-publish","format-standard","has-post-thumbnail","hentry","category-ultimomomento"],"_links":{"self":[{"href":"https:\/\/verdadincomodadiario.ar\/index.php?rest_route=\/wp\/v2\/posts\/10940","targetHints":{"allow":["GET"]}}],"collection":[{"href":"https:\/\/verdadincomodadiario.ar\/index.php?rest_route=\/wp\/v2\/posts"}],"about":[{"href":"https:\/\/verdadincomodadiario.ar\/index.php?rest_route=\/wp\/v2\/types\/post"}],"author":[{"embeddable":true,"href":"https:\/\/verdadincomodadiario.ar\/index.php?rest_route=\/wp\/v2\/users\/2"}],"replies":[{"embeddable":true,"href":"https:\/\/verdadincomodadiario.ar\/index.php?rest_route=%2Fwp%2Fv2%2Fcomments&post=10940"}],"version-history":[{"count":0,"href":"https:\/\/verdadincomodadiario.ar\/index.php?rest_route=\/wp\/v2\/posts\/10940\/revisions"}],"wp:featuredmedia":[{"embeddable":true,"href":"https:\/\/verdadincomodadiario.ar\/index.php?rest_route=\/wp\/v2\/media\/10941"}],"wp:attachment":[{"href":"https:\/\/verdadincomodadiario.ar\/index.php?rest_route=%2Fwp%2Fv2%2Fmedia&parent=10940"}],"wp:term":[{"taxonomy":"category","embeddable":true,"href":"https:\/\/verdadincomodadiario.ar\/index.php?rest_route=%2Fwp%2Fv2%2Fcategories&post=10940"},{"taxonomy":"post_tag","embeddable":true,"href":"https:\/\/verdadincomodadiario.ar\/index.php?rest_route=%2Fwp%2Fv2%2Ftags&post=10940"}],"curies":[{"name":"wp","href":"https:\/\/api.w.org\/{rel}","templated":true}]}}