{"id":10936,"date":"2025-07-14T23:24:36","date_gmt":"2025-07-14T23:24:36","guid":{"rendered":"https:\/\/verdadincomodadiario.ar\/?p=10936"},"modified":"2025-07-14T23:24:36","modified_gmt":"2025-07-14T23:24:36","slug":"el-partido-religioso-degel-hatora-abandona-la-coalicion-de-gobierno","status":"publish","type":"post","link":"https:\/\/verdadincomodadiario.ar\/?p=10936","title":{"rendered":"El partido religioso Degel HaTor\u00e1 abandona la coalici\u00f3n de gobierno"},"content":{"rendered":"<p>El partido religioso <strong>Degel HaTor\u00e1 anunci\u00f3 este lunes por la noche su retiro del <a href=\"https:\/\/derechadiario.com.ar\/israel\/politica\/ataque-antisemita-grecia\" title=\"Antisemitas atacaron un restaurante kosher israel\u00ed en Atenas\">gobierno de coalici\u00f3n<\/a><\/strong>. El motivo es la pol\u00e9mica ley de reclutamiento.<\/p>\n<p>La decisi\u00f3n fue respaldada por una carta manuscrita del l\u00edder lituano, <strong>el rabino Dov Landau.<\/strong>\u00a0El mismo dijo: <strong>\u201cMi opini\u00f3n es que se debe terminar de inmediato la participaci\u00f3n en el gobierno\u00a0y la coalici\u00f3n, incluyendo la renuncia a todos los cargos implicados\u201d<\/strong>.<\/p>\n<p>En su carta, el rabino Landau justific\u00f3 la dr\u00e1stica decisi\u00f3n. Es que acus\u00f3\u00a0a las autoridades de intentar\u00a0<strong>\u201cagravar las condiciones de vida de los estudiantes de Tor\u00e1, humillarlos y aplastarlos\u201d<\/strong>.<\/p>\n<p>Adem\u00e1s se\u00f1al\u00f3 que <strong>el <a href=\"https:\/\/derechadiario.com.ar\/israel\/politica\/ejercito-israeli-elimino-al-terrorista-que-secuestro-emily-damari-7-octubre\" title=\"El ej\u00e9rcito israel\u00ed elimin\u00f3 al terrorista que secuestr\u00f3 a Emily Damari el 7 de octubre\">Estado<\/a> incumpli\u00f3\u00a0repetidamente sus compromisos para regularizar el estatus legal de los j\u00f3venes de las yeshivot.<\/strong>\u00a0 En este sentido <strong>los calific\u00f3 como \u201cla corona de la creaci\u00f3n y el secreto de su existencia\u201d<\/strong>.<\/p>\n<div class=\"inter_image image_horizontal\">\n<picture><source class=\"img-responsive\" type=\"image\/webp\" data-srcset=\"https:\/\/filesedc.com\/uploads\/image\/post\/2025\/07\/gafnideri_300_200.webp 300w, https:\/\/filesedc.com\/uploads\/image\/post\/2025\/07\/gafnideri_630_420.webp 630w, https:\/\/filesedc.com\/uploads\/image\/post\/2025\/07\/gafnideri_760_507.webp 760w, https:\/\/filesedc.com\/uploads\/image\/post\/2025\/07\/gafnideri_1200_800.webp 1200w, https:\/\/filesedc.com\/uploads\/image\/post\/2025\/07\/gafnideri_1600_1067.webp 1600w, \"><img decoding=\"async\" src=\"https:\/\/derechadiario.com.ar\/filesedc\/uploads\/image\/post\/2025\/07\/gafnideri_1200_800.webp\" class=\"img-responsive lazyload\" alt=\"Dos hombres con barba y kip\u00e1 conversan sentados en un recinto parlamentario mientras otras personas est\u00e1n en el fondo\" title=\"Dos hombres con barba y kip\u00e1 conversan sentados en un recinto parlamentario mientras otras personas est\u00e1n en el fondo\"><\/picture>\n<div>\n<span class=\"img_footer\">Mosh\u00e9 Gafni junto al l\u00edder de Shas, Aryeh Deri <\/span>| <span class=\"img_author\">La Derecha Diario<\/span>\n<\/div>\n<\/div>\n<p>Fuentes dentro de Degel HaTor\u00e1 afirmaron que <strong>esta decisi\u00f3n podr\u00eda arrastrar tambi\u00e9n a los partidos Agudat Israel y Shas<\/strong>\u00a0 fuera de la coalici\u00f3n. <strong>\u201cAhora la batalla es traerlos de regreso, y eso solo ocurrir\u00e1 si se aprueba la Ley de Reclutamiento\u201d<\/strong>, indicaron.<\/p>\n<p>Cabe recordar que <strong>los partidos ortodoxos ya hab\u00edan advertido que abandonar\u00edan la coalici\u00f3n si no se presentaba una versi\u00f3n definitiva de la ley antes del final del d\u00eda<\/strong>. En las \u00faltimas semanas, se negaron a votar con el gobierno, paralizando el avance legislativo.<\/p>\n<p><strong>Desde el oficialismo criticaron duramente al presidente del Comit\u00e9 de Defensa y Asuntos Exteriores, Yuli Edelstein.<\/strong>\u00a0 Este \u00faltimo\u00a0fall\u00f3 en redactar una ley que logre calmar las tensiones. Adem\u00e1s, lo quieren\u00a0acusan de intentar sabotear la estabilidad gubernamental.\u00a0<\/p>\n<p>Aunque tanto Degel HaTor\u00e1 como Shas \u2014que juntos suman 18 esca\u00f1os\u2014 llegaran a abandonar la coalici\u00f3n, <strong>eso no provocar\u00eda autom\u00e1ticamente la ca\u00edda del gobierno<\/strong>. Para ello, N<strong>etanyahu tendr\u00eda que convocar elecciones anticipadas<\/strong>.\u00a0O\u00a0bien la Kn\u00e9set tendr\u00eda que aprobar una ley de disoluci\u00f3n, algo poco probable mientras est\u00e9 en receso.<\/p>\n<p>Aun as\u00ed, la salida oficial de ambos partidos debilitar\u00eda considerablemente la capacidad del primer ministro para avanzar cualquier iniciativa legislativa.<\/p>\n","protected":false},"excerpt":{"rendered":"<p>El partido religioso Degel HaTor\u00e1 anunci\u00f3 este lunes por la noche su retiro del gobierno de coalici\u00f3n. El motivo es la pol\u00e9mica ley de reclutamiento. La decisi\u00f3n fue respaldada por una carta manuscrita del l\u00edder lituano, el rabino Dov Landau.\u00a0El mismo dijo: \u201cMi opini\u00f3n es que se debe terminar de inmediato la participaci\u00f3n en el [&hellip;]<\/p>\n","protected":false},"author":2,"featured_media":10937,"comment_status":"open","ping_status":"open","sticky":false,"template":"","format":"standard","meta":{"_et_pb_use_builder":"","_et_pb_old_content":"","_et_gb_content_width":"","footnotes":""},"categories":[84],"tags":[],"class_list":["post-10936","post","type-post","status-publish","format-standard","has-post-thumbnail","hentry","category-ultimomomento"],"_links":{"self":[{"href":"https:\/\/verdadincomodadiario.ar\/index.php?rest_route=\/wp\/v2\/posts\/10936","targetHints":{"allow":["GET"]}}],"collection":[{"href":"https:\/\/verdadincomodadiario.ar\/index.php?rest_route=\/wp\/v2\/posts"}],"about":[{"href":"https:\/\/verdadincomodadiario.ar\/index.php?rest_route=\/wp\/v2\/types\/post"}],"author":[{"embeddable":true,"href":"https:\/\/verdadincomodadiario.ar\/index.php?rest_route=\/wp\/v2\/users\/2"}],"replies":[{"embeddable":true,"href":"https:\/\/verdadincomodadiario.ar\/index.php?rest_route=%2Fwp%2Fv2%2Fcomments&post=10936"}],"version-history":[{"count":0,"href":"https:\/\/verdadincomodadiario.ar\/index.php?rest_route=\/wp\/v2\/posts\/10936\/revisions"}],"wp:featuredmedia":[{"embeddable":true,"href":"https:\/\/verdadincomodadiario.ar\/index.php?rest_route=\/wp\/v2\/media\/10937"}],"wp:attachment":[{"href":"https:\/\/verdadincomodadiario.ar\/index.php?rest_route=%2Fwp%2Fv2%2Fmedia&parent=10936"}],"wp:term":[{"taxonomy":"category","embeddable":true,"href":"https:\/\/verdadincomodadiario.ar\/index.php?rest_route=%2Fwp%2Fv2%2Fcategories&post=10936"},{"taxonomy":"post_tag","embeddable":true,"href":"https:\/\/verdadincomodadiario.ar\/index.php?rest_route=%2Fwp%2Fv2%2Ftags&post=10936"}],"curies":[{"name":"wp","href":"https:\/\/api.w.org\/{rel}","templated":true}]}}