{"id":1093,"date":"2025-04-03T20:32:10","date_gmt":"2025-04-03T20:32:10","guid":{"rendered":"https:\/\/verdadincomodadiario.ar\/?p=1093"},"modified":"2025-04-03T20:32:10","modified_gmt":"2025-04-03T20:32:10","slug":"santander-relocaliza-una-sucursal-de-la-matanza-por-altos-impuestos-municipales","status":"publish","type":"post","link":"https:\/\/verdadincomodadiario.ar\/?p=1093","title":{"rendered":"Santander relocaliza una sucursal de La Matanza por altos impuestos municipales"},"content":{"rendered":"<p><strong>Santander Argentina anunci\u00f3 la relocalizaci\u00f3n de su sucursal ubicada en La Tablada<\/strong>, dentro del municipio de La Matanza, trasladando sus operaciones a Caseros, en el partido de <strong>Tres de Febrero.<\/strong><\/p>\n<p>La decisi\u00f3n se debe a los <a href=\"https:\/\/derechadiario.com.ar\/economia\/tasas-confiscatorias-que-municipios-mira-del-banco-nacion\" title=\"Tasas confiscatorias: qu\u00e9 municipios est\u00e1n en la mira del Banco Naci\u00f3n\">altos costos impositivos<\/a> que enfrenta la entidad en la localidad gobernada por el kirchnerista Fernando Espinoza, particularmente la tasa de Seguridad e Higiene, que \u00a0<strong>asciende al 7,5%.<\/strong><\/p>\n<h2><strong>Un esquema impositivo que impacta en la competitividad<\/strong><\/h2>\n<p><strong>El municipio de <a href=\"https:\/\/derechadiario.com.ar\/politica\/piden-que-los-municipios-expliquen-que-gastaron-las-tasas-que-le-cobran-al-campo\" title=\"Piden que los municipios expliquen en qu\u00e9 gastaron las tasas que le cobran al campo\">La Matanza<\/a> impone una carga fiscal considerablemente mayor en comparaci\u00f3n con otras jurisdicciones<\/strong>, lo que afecta la rentabilidad de las operaciones bancarias. En 2024, Santander destin\u00f3 3.700 millones de pesos solo al pago de la tasa de Seguridad e Higiene en esta localidad.<\/p>\n<div class=\"inter_image image_horizontal\">\n<picture><source class=\"img-responsive\" type=\"image\/webp\" data-srcset=\"\/filesedc\/uploads\/image\/post\/screenshot-2025-04-01-101706_300_200.webp 300w, \n\/filesedc\/uploads\/image\/post\/screenshot-2025-04-01-101706_630_420.webp 630w,\n                                \/filesedc\/uploads\/image\/post\/screenshot-2025-04-01-101706_760_507.webp 760w,\n                                \/filesedc\/uploads\/image\/post\/screenshot-2025-04-01-101706_1200_800.webp 1200w,\n                                \/filesedc\/uploads\/image\/post\/screenshot-2025-04-01-101706_1600_1067.webp 1600w\"><img decoding=\"async\" src=\"https:\/\/derechadiario.com.ar\/filesedc\/uploads\/image\/post\/screenshot-2025-04-01-101706_1200_800.webp\" class=\"img-responsive lazyload\" alt=\"Edificio de una sucursal bancaria en una esquina concurrida con personas caminando y un taxi estacionado enfrente.\" title=\"Edificio de una sucursal bancaria en una esquina concurrida con personas caminando y un taxi estacionado enfrente.\"><\/picture>\n<div>\n<span class=\"img_footer\">Santander relocaliza una sucursal de La Matanza por altos impuestos municipales <\/span>| <span class=\"img_author\">La Derecha Diario<\/span>\n<\/div>\n<\/div>\n<p>Fernando Bautista, Head de Canales y Distribuci\u00f3n Comercial de Santander Argentina, destac\u00f3:<br \/><strong>&#8220;Nuestro compromiso es garantizar la sostenibilidad del negocio a largo plazo, asegurando que nuestros clientes accedan a las mejores condiciones posibles.<\/strong> Para lograrlo, analizamos continuamente el impacto de los costos operativos en nuestra estructura, ya que estos inciden directamente en la competitividad de nuestros productos y servicios. Actualmente, <strong>Santander destin\u00f3 3.700 millones de pesos en 2024 solo en la tasa de Seguridad e Higiene en La Matanza, un monto que equivale a financiar 12.000 pr\u00e9stamos personales o prendarios de 3 millones de pesos cada uno,<\/strong> o bien m\u00e1s de 300 pr\u00e9stamos hipotecarios. Estamos convencidos de que esta decisi\u00f3n nos permite optimizar recursos y seguir ofreciendo soluciones accesibles y eficientes para nuestros clientes, <strong>sin afectar nuestra presencia en la comunidad.&#8221;<\/strong><\/p>\n<h2><strong>Presencia en La Matanza y apuesta por la digitalizaci\u00f3n<\/strong><\/h2>\n<aside class=\"whatsappChannelText\"><a href=\"https:\/\/whatsapp.com\/channel\/0029VagEjILGE56eKjedWF2U\" rel=\"nofollow\" title=\"WhatsApp Link\"><img alt=\"Logo de WhatsApp\" class=\"lazyload\" data-src=\"https:\/\/derechadiario.com.ar\/filesedc\/uploads\/other\/whatsapp_icon_mid_article.png\" width=\"32\" height=\"32\"><\/a> <a href=\"https:\/\/whatsapp.com\/channel\/0029VagEjILGE56eKjedWF2U\" rel=\"nofollow\" title=\"WhatsApp Link\"><strong>NO SE PIERDAN NINGUNA NOTICIA<\/strong>: Click aqu\u00ed para sumarte <strong>GRATIS<\/strong> al canal de noticias de <strong>La Derecha Diario en WhatsApp.<\/strong><\/a><\/aside>\n<figure><img decoding=\"async\" src=\"https:\/\/derechadiario.com.ar\/filesedc\/uploads\/image\/post\/screenshot-2025-04-01-101702_1200_800.webp\" class=\"img-responsive lazyload\" alt=\"Entrada de una sucursal bancaria con un letrero rojo y una persona entrando.\" title=\"Entrada de una sucursal bancaria con un letrero rojo y una persona entrando.\"><\/figure>\n<p>A pesar de esta relocalizaci\u00f3n, <strong>Santander Argentina mantendr\u00e1 su presencia en La Matanza a trav\u00e9s de cinco sucursales<\/strong>, entre ellas la de La Juanita, en Gregorio de Laferrere. Esta sede cumple un rol clave en la inclusi\u00f3n financiera y el acceso a servicios bancarios para los sectores m\u00e1s vulnerables. <strong>No obstante, tambi\u00e9n se ve afectada por la misma tasa de Seguridad e Higiene del 7,5%.<\/strong><\/p>\n<aside class=\"are-you-interested-container-photo\"><\/aside>\n<p>En l\u00ednea con su estrategia de transformaci\u00f3n digital, <strong>el banco refuerza su apuesta por la banca online, brindando herramientas seguras y \u00e1giles que permiten a los clientes operar desde cualquier lugar, en cualquier momento.<\/strong> La digitalizaci\u00f3n es un pilar fundamental para Santander, que contin\u00faa innovando en sus plataformas para ofrecer una experiencia bancaria eficiente y moderna.<\/p>\n","protected":false},"excerpt":{"rendered":"<p>Santander Argentina anunci\u00f3 la relocalizaci\u00f3n de su sucursal ubicada en La Tablada, dentro del municipio de La Matanza, trasladando sus operaciones a Caseros, en el partido de Tres de Febrero. La decisi\u00f3n se debe a los altos costos impositivos que enfrenta la entidad en la localidad gobernada por el kirchnerista Fernando Espinoza, particularmente la tasa [&hellip;]<\/p>\n","protected":false},"author":2,"featured_media":1094,"comment_status":"open","ping_status":"open","sticky":false,"template":"","format":"standard","meta":{"_et_pb_use_builder":"","_et_pb_old_content":"","_et_gb_content_width":"","footnotes":""},"categories":[80],"tags":[],"class_list":["post-1093","post","type-post","status-publish","format-standard","has-post-thumbnail","hentry","category-economia-2"],"_links":{"self":[{"href":"https:\/\/verdadincomodadiario.ar\/index.php?rest_route=\/wp\/v2\/posts\/1093","targetHints":{"allow":["GET"]}}],"collection":[{"href":"https:\/\/verdadincomodadiario.ar\/index.php?rest_route=\/wp\/v2\/posts"}],"about":[{"href":"https:\/\/verdadincomodadiario.ar\/index.php?rest_route=\/wp\/v2\/types\/post"}],"author":[{"embeddable":true,"href":"https:\/\/verdadincomodadiario.ar\/index.php?rest_route=\/wp\/v2\/users\/2"}],"replies":[{"embeddable":true,"href":"https:\/\/verdadincomodadiario.ar\/index.php?rest_route=%2Fwp%2Fv2%2Fcomments&post=1093"}],"version-history":[{"count":0,"href":"https:\/\/verdadincomodadiario.ar\/index.php?rest_route=\/wp\/v2\/posts\/1093\/revisions"}],"wp:featuredmedia":[{"embeddable":true,"href":"https:\/\/verdadincomodadiario.ar\/index.php?rest_route=\/wp\/v2\/media\/1094"}],"wp:attachment":[{"href":"https:\/\/verdadincomodadiario.ar\/index.php?rest_route=%2Fwp%2Fv2%2Fmedia&parent=1093"}],"wp:term":[{"taxonomy":"category","embeddable":true,"href":"https:\/\/verdadincomodadiario.ar\/index.php?rest_route=%2Fwp%2Fv2%2Fcategories&post=1093"},{"taxonomy":"post_tag","embeddable":true,"href":"https:\/\/verdadincomodadiario.ar\/index.php?rest_route=%2Fwp%2Fv2%2Ftags&post=1093"}],"curies":[{"name":"wp","href":"https:\/\/api.w.org\/{rel}","templated":true}]}}