{"id":1091,"date":"2025-04-03T20:32:11","date_gmt":"2025-04-03T20:32:11","guid":{"rendered":"https:\/\/verdadincomodadiario.ar\/?p=1091"},"modified":"2025-04-03T20:32:11","modified_gmt":"2025-04-03T20:32:11","slug":"desde-hoy-kicillof-y-macri-aumentaron-el-boleto-de-colectivo-en-caba-y-pba","status":"publish","type":"post","link":"https:\/\/verdadincomodadiario.ar\/?p=1091","title":{"rendered":"Desde hoy, Kicillof y Macri aumentaron el boleto de colectivo en CABA y PBA"},"content":{"rendered":"<p>Desde hoy, <strong>las tarifas del <a href=\"https:\/\/derechadiario.com.ar\/sociedad\/paro-colectivos-amba-por-ataque-chofer-que-lineas-no-funcionan\" title=\"Paro de colectivos en el AMBA por el ataque a un chofer: qu\u00e9 l\u00edneas no funcionan\">transporte p\u00fablico<\/a> en la Ciudad de Buenos Aires (CABA) y la Provincia de Buenos Aires (PBA) han experimentado un nuevo aumento debido a la decisi\u00f3n de Axel Kicillof, gobernador de PBA, y de Jorge Macri, jefe de Gobierno porte\u00f1o.<\/strong><\/p>\n<p>Sin embargo, \u00a0<strong>las l\u00edneas de Jurisdicci\u00f3n Nacional<\/strong>\u2014aquellas administradas por el Estado Nacional y que conectan mayormente CABA y PBA\u2014<strong>no sufrieron modificaciones en sus tarifas<\/strong> y mantienen los valores establecidos desde agosto de 2024.<\/p>\n<h2><strong>Nuevas tarifas de colectivos en CABA y PBA<\/strong><\/h2>\n<p><strong>L\u00edneas de Jurisdicci\u00f3n Nacional (sin aumento)<\/strong><\/p>\n<ul>\n<li>Tarifa m\u00ednima con SUBE registrada: $371,13<\/li>\n<li>Tarifa con Tarifa Social Federal: $167<\/li>\n<li>Tarifa sin SUBE registrada: $590,10<\/li>\n<\/ul>\n<aside class=\"whatsappChannelText\"><a href=\"https:\/\/whatsapp.com\/channel\/0029VagEjILGE56eKjedWF2U\" rel=\"nofollow\" title=\"WhatsApp Link\"><img alt=\"Logo de WhatsApp\" class=\"lazyload\" data-src=\"https:\/\/derechadiario.com.ar\/filesedc\/uploads\/other\/whatsapp_icon_mid_article.png\" width=\"32\" height=\"32\"><\/a> <a href=\"https:\/\/whatsapp.com\/channel\/0029VagEjILGE56eKjedWF2U\" rel=\"nofollow\" title=\"WhatsApp Link\"><strong>NO SE PIERDAN NINGUNA NOTICIA<\/strong>: Click aqu\u00ed para sumarte <strong>GRATIS<\/strong> al canal de noticias de <strong>La Derecha Diario en WhatsApp.<\/strong><\/a><\/aside>\n<p><strong>L\u00edneas de colectivos en CABA (con aumento desde hoy)<\/strong><\/p>\n<aside class=\"are-you-interested-container-photo\"><\/aside>\n<ul>\n<li>Tarifa m\u00ednima con SUBE registrada: $426,21<\/li>\n<li>Tarifa con Tarifa Social Federal: $191,79<\/li>\n<li>Tarifa sin SUBE registrada: $677,67<\/li>\n<\/ul>\n<p><strong>L\u00edneas de colectivos en PBA (con aumento desde hoy)<\/strong><\/p>\n<ul>\n<li>\n<p>Tarifa m\u00ednima con SUBE registrada: $425,5<\/p>\n<\/li>\n<li>\n<p>Tarifa con Tarifa Social Federal: $191,50<\/p>\n<\/li>\n<li>Tarifa sin SUBE registrada: $676,66<\/li>\n<\/ul>\n<div class=\"inter_image image_horizontal\">\n<picture><source class=\"img-responsive\" type=\"image\/webp\" data-srcset=\"\/filesedc\/uploads\/image\/post\/screenshot-2025-04-01-121259_300_200.webp 300w, \n\/filesedc\/uploads\/image\/post\/screenshot-2025-04-01-121259_630_420.webp 630w,\n                                \/filesedc\/uploads\/image\/post\/screenshot-2025-04-01-121259_760_507.webp 760w,\n                                \/filesedc\/uploads\/image\/post\/screenshot-2025-04-01-121259_1200_800.webp 1200w,\n                                \/filesedc\/uploads\/image\/post\/screenshot-2025-04-01-121259_1600_1067.webp 1600w\"><img decoding=\"async\" src=\"https:\/\/derechadiario.com.ar\/filesedc\/uploads\/image\/post\/screenshot-2025-04-01-121259_1200_800.webp\" class=\"img-responsive lazyload\" alt=\"Dos autobuses verdes y plateados circulan por una calle de la ciudad con edificios de fondo.\" title=\"Dos autobuses verdes y plateados circulan por una calle de la ciudad con edificios de fondo.\"><\/picture>\n<div>\n<span class=\"img_footer\">Desde hoy, Kicillof y Macri aumentaron el boleto de colectivo en CABA y PBA <\/span>| <span class=\"img_author\">La Derecha Diario<\/span>\n<\/div>\n<\/div>\n<h2><strong>Cantidad de l\u00edneas por jurisdicci\u00f3n<\/strong><\/h2>\n<p>El sistema de <a href=\"https:\/\/derechadiario.com.ar\/sociedad\/tragedia-matanza-camion-choco-contra-colectivo-y-dejo-dos-muertos\" title=\"Tragedia en La Matanza: un cami\u00f3n choc\u00f3 contra un colectivo y dej\u00f3 dos muertos\">colectivos<\/a> en el \u00c1rea Metropolitana de Buenos Aires (AMBA) est\u00e1 compuesto por distintas jurisdicciones:<\/p>\n<ul>\n<li>103 l\u00edneas bajo Jurisdicci\u00f3n Nacional (sin aumentos).<\/li>\n<li>250 l\u00edneas en Provincia de Buenos Aires (incluye municipales y provinciales).<\/li>\n<li>31 l\u00edneas en Ciudad de Buenos Aires.<\/li>\n<\/ul>\n<figure><img decoding=\"async\" src=\"https:\/\/derechadiario.com.ar\/filesedc\/uploads\/image\/post\/screenshot-2025-04-01-121254_1200_800.webp\" class=\"img-responsive lazyload\" alt=\"Un autob\u00fas de transporte p\u00fablico en la ciudad con el n\u00famero 108 en la parte delantera, indicando su ruta entre Liniers y Retiro.\" title=\"Un autob\u00fas de transporte p\u00fablico en la ciudad con el n\u00famero 108 en la parte delantera, indicando su ruta entre Liniers y Retiro.\"><\/figure>\n<p>El aumento en el boleto de colectivos afecta exclusivamente a las l\u00edneas que operan dentro de CABA y PBA, <strong>mientras que las de Jurisdicci\u00f3n Nacional mantienen sus precios sin cambios<\/strong>. Como siempre, contar con la SUBE registrada sigue siendo clave para acceder a la tarifa m\u00e1s baja y evitar costos adicionales en el transporte p\u00fablico.<\/p>\n","protected":false},"excerpt":{"rendered":"<p>Desde hoy, las tarifas del transporte p\u00fablico en la Ciudad de Buenos Aires (CABA) y la Provincia de Buenos Aires (PBA) han experimentado un nuevo aumento debido a la decisi\u00f3n de Axel Kicillof, gobernador de PBA, y de Jorge Macri, jefe de Gobierno porte\u00f1o. Sin embargo, \u00a0las l\u00edneas de Jurisdicci\u00f3n Nacional\u2014aquellas administradas por el Estado [&hellip;]<\/p>\n","protected":false},"author":2,"featured_media":1092,"comment_status":"open","ping_status":"open","sticky":false,"template":"","format":"standard","meta":{"_et_pb_use_builder":"","_et_pb_old_content":"","_et_gb_content_width":"","footnotes":""},"categories":[80],"tags":[],"class_list":["post-1091","post","type-post","status-publish","format-standard","has-post-thumbnail","hentry","category-economia-2"],"_links":{"self":[{"href":"https:\/\/verdadincomodadiario.ar\/index.php?rest_route=\/wp\/v2\/posts\/1091","targetHints":{"allow":["GET"]}}],"collection":[{"href":"https:\/\/verdadincomodadiario.ar\/index.php?rest_route=\/wp\/v2\/posts"}],"about":[{"href":"https:\/\/verdadincomodadiario.ar\/index.php?rest_route=\/wp\/v2\/types\/post"}],"author":[{"embeddable":true,"href":"https:\/\/verdadincomodadiario.ar\/index.php?rest_route=\/wp\/v2\/users\/2"}],"replies":[{"embeddable":true,"href":"https:\/\/verdadincomodadiario.ar\/index.php?rest_route=%2Fwp%2Fv2%2Fcomments&post=1091"}],"version-history":[{"count":0,"href":"https:\/\/verdadincomodadiario.ar\/index.php?rest_route=\/wp\/v2\/posts\/1091\/revisions"}],"wp:featuredmedia":[{"embeddable":true,"href":"https:\/\/verdadincomodadiario.ar\/index.php?rest_route=\/wp\/v2\/media\/1092"}],"wp:attachment":[{"href":"https:\/\/verdadincomodadiario.ar\/index.php?rest_route=%2Fwp%2Fv2%2Fmedia&parent=1091"}],"wp:term":[{"taxonomy":"category","embeddable":true,"href":"https:\/\/verdadincomodadiario.ar\/index.php?rest_route=%2Fwp%2Fv2%2Fcategories&post=1091"},{"taxonomy":"post_tag","embeddable":true,"href":"https:\/\/verdadincomodadiario.ar\/index.php?rest_route=%2Fwp%2Fv2%2Ftags&post=1091"}],"curies":[{"name":"wp","href":"https:\/\/api.w.org\/{rel}","templated":true}]}}