{"id":10896,"date":"2025-07-14T19:27:46","date_gmt":"2025-07-14T19:27:46","guid":{"rendered":"https:\/\/verdadincomodadiario.ar\/?p=10896"},"modified":"2025-07-14T19:27:46","modified_gmt":"2025-07-14T19:27:46","slug":"antisemitas-atacaron-un-restaurante-kosher-israeli-en-atenas","status":"publish","type":"post","link":"https:\/\/verdadincomodadiario.ar\/?p=10896","title":{"rendered":"Antisemitas atacaron un restaurante kosher israel\u00ed en Atenas"},"content":{"rendered":"<p>Un grupo de al menos seis individuos <strong>irrumpi\u00f3 en un restaurante kosher israel\u00ed en Atenas<\/strong>\u00a0 y vandaliz\u00f3 el local frente a empleados y comensales, en lo que las autoridades investigan como un posible crimen de odio.<\/p>\n<p>El ataque ocurri\u00f3 en el <strong>restaurante King David Burger<\/strong>, que abri\u00f3 sus puertas hace apenas un mes en una transitada zona del centro de Atenas, a unos 200 metros de la Acr\u00f3polis.<\/p>\n<p>Un video publicado por el establecimiento muestra c\u00f3mo los agresores ingresaron al local mientras lanzaban panfletos y pintaban con aerosol negro varias superficies del lugar. En una de las ventanas pegaron un cartel con la leyenda: <strong>\u201cTodos los soldados de las FDI son criminales de guerra\u2014no los queremos aqu\u00ed<\/strong>.\u201d<\/p>\n<div class=\"inter_image image_vertical\">\n<picture><source class=\"img-responsive\" type=\"image\/webp\" data-srcset=\"https:\/\/filesedc.com\/uploads\/image\/post\/2025\/07\/greciarest_300_400.webp 300w, https:\/\/filesedc.com\/uploads\/image\/post\/2025\/07\/greciarest_630_840.webp 630w, https:\/\/filesedc.com\/uploads\/image\/post\/2025\/07\/greciarest_760_1013.webp 760w, https:\/\/filesedc.com\/uploads\/image\/post\/2025\/07\/greciarest_1200_1600.webp 1200w, https:\/\/filesedc.com\/uploads\/image\/post\/2025\/07\/greciarest_1600_2133.webp 1600w, \"><img decoding=\"async\" src=\"https:\/\/derechadiario.com.ar\/filesedc\/uploads\/image\/post\/2025\/07\/greciarest_1200_1600.webp\" class=\"img-responsive lazyload\" alt=\"Mensaje pintado en una barra amarilla de un local que dice \" no zionist is safe here con letras negras y una caja registradora al fondo title=\"Mensaje pintado en una barra amarilla de un local que dice \"><\/picture>\n<div>\n<span class=\"img_footer\">Im\u00e1genes del retaurante atacado en Atenas <\/span>| <span class=\"img_author\">La Derecha Diario<\/span>\n<\/div>\n<\/div>\n<p><strong>Zvika Levinson<\/strong>, propietario del restaurante y residente en Israel, explic\u00f3 que ninguno de los empleados presentes durante el ataque era israel\u00ed.<\/p>\n<p>Tras el incidente, <strong>decenas de israel\u00edes que se encontraban en la ciudad se acercaron al lugar y cantaron \u201cAm Israel Chai\u201d<\/strong>\u00a0 como gesto de solidaridad y resistencia frente al odio.<\/p>\n<p>Miles de turistas israel\u00edes pasan a diario por esta zona de Atenas, lo que ha convertido al restaurante en un punto de encuentro para viajeros y miembros de la comunidad jud\u00eda.<\/p>\n<p>Levinson pidi\u00f3 a las autoridades griegas que intervengan y castiguen a los responsables: \u201cSer\u00eda una pena que los israel\u00edes dejaran de venir a Atenas. Pero si no se act\u00faa, la situaci\u00f3n no ser\u00e1 buena\u201d, advirti\u00f3.<\/p>\n","protected":false},"excerpt":{"rendered":"<p>Un grupo de al menos seis individuos irrumpi\u00f3 en un restaurante kosher israel\u00ed en Atenas\u00a0 y vandaliz\u00f3 el local frente a empleados y comensales, en lo que las autoridades investigan como un posible crimen de odio. El ataque ocurri\u00f3 en el restaurante King David Burger, que abri\u00f3 sus puertas hace apenas un mes en una [&hellip;]<\/p>\n","protected":false},"author":2,"featured_media":10897,"comment_status":"open","ping_status":"open","sticky":false,"template":"","format":"standard","meta":{"_et_pb_use_builder":"","_et_pb_old_content":"","_et_gb_content_width":"","footnotes":""},"categories":[84],"tags":[],"class_list":["post-10896","post","type-post","status-publish","format-standard","has-post-thumbnail","hentry","category-ultimomomento"],"_links":{"self":[{"href":"https:\/\/verdadincomodadiario.ar\/index.php?rest_route=\/wp\/v2\/posts\/10896","targetHints":{"allow":["GET"]}}],"collection":[{"href":"https:\/\/verdadincomodadiario.ar\/index.php?rest_route=\/wp\/v2\/posts"}],"about":[{"href":"https:\/\/verdadincomodadiario.ar\/index.php?rest_route=\/wp\/v2\/types\/post"}],"author":[{"embeddable":true,"href":"https:\/\/verdadincomodadiario.ar\/index.php?rest_route=\/wp\/v2\/users\/2"}],"replies":[{"embeddable":true,"href":"https:\/\/verdadincomodadiario.ar\/index.php?rest_route=%2Fwp%2Fv2%2Fcomments&post=10896"}],"version-history":[{"count":0,"href":"https:\/\/verdadincomodadiario.ar\/index.php?rest_route=\/wp\/v2\/posts\/10896\/revisions"}],"wp:featuredmedia":[{"embeddable":true,"href":"https:\/\/verdadincomodadiario.ar\/index.php?rest_route=\/wp\/v2\/media\/10897"}],"wp:attachment":[{"href":"https:\/\/verdadincomodadiario.ar\/index.php?rest_route=%2Fwp%2Fv2%2Fmedia&parent=10896"}],"wp:term":[{"taxonomy":"category","embeddable":true,"href":"https:\/\/verdadincomodadiario.ar\/index.php?rest_route=%2Fwp%2Fv2%2Fcategories&post=10896"},{"taxonomy":"post_tag","embeddable":true,"href":"https:\/\/verdadincomodadiario.ar\/index.php?rest_route=%2Fwp%2Fv2%2Ftags&post=10896"}],"curies":[{"name":"wp","href":"https:\/\/api.w.org\/{rel}","templated":true}]}}