{"id":10864,"date":"2025-07-14T17:29:38","date_gmt":"2025-07-14T17:29:38","guid":{"rendered":"https:\/\/verdadincomodadiario.ar\/?p=10864"},"modified":"2025-07-14T17:29:38","modified_gmt":"2025-07-14T17:29:38","slug":"decidida-actuacion-policial-en-malvin-norte-murio-un-delincuente","status":"publish","type":"post","link":"https:\/\/verdadincomodadiario.ar\/?p=10864","title":{"rendered":"Decidida actuaci\u00f3n policial en Malv\u00edn Norte: Muri\u00f3 un delincuente"},"content":{"rendered":"<p>Un operativo policial en Malv\u00edn Norte culmin\u00f3 con la muerte de un delincuente y dos menores heridos tras un intento de robo a un agente de civil en la calle Igu\u00e1, entre Hip\u00f3lito Yrigoyen y Mataojo, en la noche del domingo. <strong>La r\u00e1pida respuesta del efectivo frustr\u00f3 el delito, consolidando un nuevo triunfo en la lucha contra la delincuencia en Montevideo.<\/strong><\/p>\n<p>Seg\u00fan fuentes oficiales, el incidente tuvo lugar cuando un polic\u00eda de civil, a punto de descender de su veh\u00edculo, fue abordado por cinco individuos que intentaron sustraerle el autom\u00f3vil. <strong>Tras identificarse como agente, el efectivo abri\u00f3 fuego, neutralizando a uno de los asaltantes<\/strong>, quien, gracias a Dios, falleci\u00f3 en el lugar, e hiriendo a dos menores que integraban el grupo. Los heridos fueron derivados al Hospital Pasteur, y la edad del fallecido a\u00fan no ha sido confirmada.<\/p>\n<p><a href=\"https:\/\/derechadiario.com.ar\/uruguay\/politica\/mujica-delato-sus-companeros-y-colaboro-con-los-militares-1972\">Quiz\u00e1s tambi\u00e9n te interese conocer un oscuro episodio del pasado reciente<\/a><\/p>\n<p><strong>La Polic\u00eda despleg\u00f3 un amplio dispositivo en la zona para controlar la situaci\u00f3n<\/strong>, luego de que personas que se presentaron como familiares del delincuente abatido intentaran llevarse el cuerpo, enfrent\u00e1ndose a los agentes con agresiones y pedradas. <strong>La intervenci\u00f3n policial logr\u00f3 restablecer el orden, mostrando profesionalismo en un contexto de alta tensi\u00f3n.<\/strong><\/p>\n<p><a href=\"https:\/\/derechadiario.com.ar\/uruguay\/opinion\/asi-luce-socialdemocracia\">Quiz\u00e1s tambi\u00e9n te interese ver c\u00f3mo luce hoy la decadencia pol\u00edtica<\/a><\/p>\n<p>Este hecho, ocurrido d\u00edas despu\u00e9s del tr\u00e1gico asesinato de un agente de la Guardia Republicana en Punta Gorda, <strong>pone de relieve la valent\u00eda de los efectivos que enfrentan diariamente a criminales sin escr\u00fapulos.<\/strong> <strong>La muerte del asaltante env\u00eda un mensaje contundente a quienes amenazan la seguridad ciudadana: la Polic\u00eda actuar\u00e1 con firmeza.<\/strong><\/p>\n<p><a href=\"https:\/\/derechadiario.com.ar\/uruguay\/politica\/100-dias-bitacora-del-proyecto-gobierno-honesto-yamandu-orsi\">Quiz\u00e1s tambi\u00e9n te interese seguir el rumbo de un experimento pol\u00edtico fallido<\/a><\/p>\n","protected":false},"excerpt":{"rendered":"<p>Un operativo policial en Malv\u00edn Norte culmin\u00f3 con la muerte de un delincuente y dos menores heridos tras un intento de robo a un agente de civil en la calle Igu\u00e1, entre Hip\u00f3lito Yrigoyen y Mataojo, en la noche del domingo. La r\u00e1pida respuesta del efectivo frustr\u00f3 el delito, consolidando un nuevo triunfo en la [&hellip;]<\/p>\n","protected":false},"author":2,"featured_media":10865,"comment_status":"open","ping_status":"open","sticky":false,"template":"","format":"standard","meta":{"_et_pb_use_builder":"","_et_pb_old_content":"","_et_gb_content_width":"","footnotes":""},"categories":[84],"tags":[],"class_list":["post-10864","post","type-post","status-publish","format-standard","has-post-thumbnail","hentry","category-ultimomomento"],"_links":{"self":[{"href":"https:\/\/verdadincomodadiario.ar\/index.php?rest_route=\/wp\/v2\/posts\/10864","targetHints":{"allow":["GET"]}}],"collection":[{"href":"https:\/\/verdadincomodadiario.ar\/index.php?rest_route=\/wp\/v2\/posts"}],"about":[{"href":"https:\/\/verdadincomodadiario.ar\/index.php?rest_route=\/wp\/v2\/types\/post"}],"author":[{"embeddable":true,"href":"https:\/\/verdadincomodadiario.ar\/index.php?rest_route=\/wp\/v2\/users\/2"}],"replies":[{"embeddable":true,"href":"https:\/\/verdadincomodadiario.ar\/index.php?rest_route=%2Fwp%2Fv2%2Fcomments&post=10864"}],"version-history":[{"count":0,"href":"https:\/\/verdadincomodadiario.ar\/index.php?rest_route=\/wp\/v2\/posts\/10864\/revisions"}],"wp:featuredmedia":[{"embeddable":true,"href":"https:\/\/verdadincomodadiario.ar\/index.php?rest_route=\/wp\/v2\/media\/10865"}],"wp:attachment":[{"href":"https:\/\/verdadincomodadiario.ar\/index.php?rest_route=%2Fwp%2Fv2%2Fmedia&parent=10864"}],"wp:term":[{"taxonomy":"category","embeddable":true,"href":"https:\/\/verdadincomodadiario.ar\/index.php?rest_route=%2Fwp%2Fv2%2Fcategories&post=10864"},{"taxonomy":"post_tag","embeddable":true,"href":"https:\/\/verdadincomodadiario.ar\/index.php?rest_route=%2Fwp%2Fv2%2Ftags&post=10864"}],"curies":[{"name":"wp","href":"https:\/\/api.w.org\/{rel}","templated":true}]}}