{"id":10826,"date":"2025-07-14T14:25:54","date_gmt":"2025-07-14T14:25:54","guid":{"rendered":"https:\/\/verdadincomodadiario.ar\/?p=10826"},"modified":"2025-07-14T14:25:54","modified_gmt":"2025-07-14T14:25:54","slug":"descubren-restos-que-podrian-probar-la-existencia-de-la-guerra-de-troya","status":"publish","type":"post","link":"https:\/\/verdadincomodadiario.ar\/?p=10826","title":{"rendered":"Descubren restos que podr\u00edan probar la existencia de la Guerra de Troya"},"content":{"rendered":"<p>Una excavaci\u00f3n en Turqu\u00eda encendi\u00f3 nuevamente el debate sobre la veracidad de la <strong>Guerra de Troya<\/strong>. <a href=\"https:\/\/derechadiario.com.ar\/sociedad\/alemania-hallan-flautas-42000-anos-que-siguen-funcionando\" title=\"Alemania: hallan flautas de 42.000 a\u00f1os que siguen funcionando\">Arque\u00f3logos<\/a> encontraron <strong>armas y proyectiles<\/strong> que datar\u00edan de la Edad de Bronce, en el coraz\u00f3n de la <a href=\"https:\/\/derechadiario.com.ar\/sociedad\/mit-revela-por-que-hormigon-romano-sigue-intacto-tras-siglos\" title=\"El MIT revela por qu\u00e9 el hormig\u00f3n romano sigue intacto tras siglos\">antigua ciudad<\/a>.<\/p>\n<p>Los elementos encontrados habr\u00edan sido usados en un enfrentamiento real, como el que se relata en la <strong>Il\u00edada de Homero<\/strong>.<\/p>\n<div class=\"inter_image image_horizontal\">\n<picture><source class=\"img-responsive\" type=\"image\/webp\" data-srcset=\"https:\/\/filesedc.com\/uploads\/image\/post\/2025\/07\/ciudad-de-troya_300_200.webp 300w, https:\/\/filesedc.com\/uploads\/image\/post\/2025\/07\/ciudad-de-troya_630_420.webp 630w, https:\/\/filesedc.com\/uploads\/image\/post\/2025\/07\/ciudad-de-troya_760_507.webp 760w, https:\/\/filesedc.com\/uploads\/image\/post\/2025\/07\/ciudad-de-troya_1200_800.webp 1200w, https:\/\/filesedc.com\/uploads\/image\/post\/2025\/07\/ciudad-de-troya_1600_1067.webp 1600w, \"><img decoding=\"async\" src=\"https:\/\/derechadiario.com.ar\/filesedc\/uploads\/image\/post\/2025\/07\/ciudad-de-troya_1200_800.webp\" class=\"img-responsive lazyload\" alt=\"Ruinas de una antigua ciudad con muros de piedra y estructuras parcialmente derrumbadas en un terreno seco\" title=\"Ruinas de una antigua ciudad con muros de piedra y estructuras parcialmente derrumbadas en un terreno seco\"><\/picture>\n<div>\n<span class=\"img_footer\">Los elementos encontrados habr\u00edan sido usados en un enfrentamiento real <\/span>| <span class=\"img_author\">La Derecha Diario<\/span>\n<\/div>\n<\/div>\n<h2><strong>Un lugar clave en la historia antigua<\/strong><\/h2>\n<p>La ciudad de <strong>Troya<\/strong> fue un punto estrat\u00e9gico hace 5000 a\u00f1os. Se encontraba sobre la colina de Hisarlik, cerca del estrecho de los Dardanelos, y fue codiciada por varios pueblos.<\/p>\n<p>Su fama se expandi\u00f3 gracias a la <strong>literatura \u00e9pica<\/strong>, pero su existencia real fue confirmada en excavaciones desde el siglo XIX. Hoy, los investigadores siguen descubriendo nuevos indicios.<\/p>\n<h2><strong>\u00bfUna guerra literaria o hist\u00f3rica?<\/strong><\/h2>\n<p>El relato popular cuenta que la guerra comenz\u00f3 cuando <strong>Paris<\/strong>, pr\u00edncipe troyano, secuestr\u00f3 a <strong>Helena<\/strong>. La historia del <strong>caballo de madera<\/strong> se convirti\u00f3 en s\u00edmbolo de estrategia militar.<\/p>\n<figure><img decoding=\"async\" src=\"https:\/\/derechadiario.com.ar\/filesedc\/uploads\/image\/post\/2025\/07\/troya_1200_800.webp\" class=\"img-responsive lazyload\" alt=\"Ruinas de una antigua construcci\u00f3n de piedra rodeada de \u00e1rboles y vegetaci\u00f3n bajo la luz del sol\" title=\"Ruinas de una antigua construcci\u00f3n de piedra rodeada de \u00e1rboles y vegetaci\u00f3n bajo la luz del sol\"><\/figure>\n<p>Pero por siglos se crey\u00f3 que todo era una ficci\u00f3n. Las excavaciones actuales podr\u00edan cambiar esa percepci\u00f3n por completo.<\/p>\n<h2><strong>El descubrimiento que reaviv\u00f3 el mito<\/strong><\/h2>\n<p>Los arque\u00f3logos accedieron a la llamada <strong>\u201ccapa de destrucci\u00f3n\u201d<\/strong>, que conserva restos de la transici\u00f3n entre la Edad de Bronce y la Edad de Hierro. All\u00ed hallaron <strong>proyectiles de honda<\/strong> de m\u00e1s de 3500 a\u00f1os.<\/p>\n<figure><img decoding=\"async\" src=\"https:\/\/derechadiario.com.ar\/filesedc\/uploads\/image\/post\/2025\/07\/muralla-troyana_1200_800.webp\" class=\"img-responsive lazyload\" alt=\"Ruinas de una antigua muralla de piedra rodeada de \u00e1rboles y un camino de madera bajo un cielo despejado\" title=\"Ruinas de una antigua muralla de piedra rodeada de \u00e1rboles y un camino de madera bajo un cielo despejado\"><\/figure>\n<aside class=\"whatsappChannelText\"><a href=\"https:\/\/whatsapp.com\/channel\/0029VagEjILGE56eKjedWF2U\" rel=\"nofollow\" title=\"WhatsApp Link\"><img alt=\"Logo de WhatsApp\" class=\"lazyload\" data-src=\"https:\/\/derechadiario.com.ar\/filesedc\/uploads\/other\/whatsapp_icon_mid_article.png\" width=\"32\" height=\"32\"><\/a> <a href=\"https:\/\/whatsapp.com\/channel\/0029VagEjILGE56eKjedWF2U\" rel=\"nofollow\" title=\"WhatsApp Link\"><strong>NO SE PIERDAN NINGUNA NOTICIA<\/strong>: Click aqu\u00ed para sumarte <strong>GRATIS<\/strong> al canal de noticias de <strong>La Derecha Diario en WhatsApp.<\/strong><\/a><\/aside>\n<p>Estas municiones aparecieron cerca de una <strong>estructura palaciega<\/strong> atribuida a Troya VI, una zona clave durante ese periodo. Su presencia en ese lugar no ser\u00eda casual.<\/p>\n<h2><strong>\u00bfQu\u00e9 funci\u00f3n ten\u00edan los proyectiles?<\/strong><\/h2>\n<p>El profesor <strong>Rustem Aslan<\/strong>, de la Universidad Canakkale Onsekiz Mart, explic\u00f3 que los proyectiles estaban ubicados de manera deliberada frente al palacio. Para \u00e9l, eso indica una <strong>actividad militar concreta<\/strong>.<\/p>\n<p>Adem\u00e1s, record\u00f3 que el a\u00f1o pasado ya hab\u00edan aparecido <strong>puntas de flecha<\/strong> en el mismo sector. Todo apunta a un <strong>conflicto prolongado<\/strong> en torno a la ciudadela.<\/p>\n<figure><img decoding=\"async\" src=\"https:\/\/derechadiario.com.ar\/filesedc\/uploads\/image\/post\/2025\/07\/municiones-guerra-de-troya_1200_800.webp\" class=\"img-responsive lazyload\" alt=\"Mano sosteniendo una piedra sobre un grupo de piedras redondas acomodadas en el suelo de tierra\" title=\"Mano sosteniendo una piedra sobre un grupo de piedras redondas acomodadas en el suelo de tierra\"><\/figure>\n<h2><strong>Otros rastros de batalla en Troya<\/strong><\/h2>\n<p>En campa\u00f1as anteriores ya se hab\u00edan encontrado <strong>armas, flechas y restos humanos<\/strong> esparcidos por el sitio arqueol\u00f3gico. Tambi\u00e9n se identificaron <strong>estratos quemados y edificios destruidos<\/strong>.<\/p>\n<p>Seg\u00fan los especialistas, esto sugiere una <strong>destrucci\u00f3n violenta<\/strong> entre las fases Troya VI y Troya VII. Incluso se hallaron esqueletos enterrados de forma apurada y descuidada.<\/p>\n","protected":false},"excerpt":{"rendered":"<p>Una excavaci\u00f3n en Turqu\u00eda encendi\u00f3 nuevamente el debate sobre la veracidad de la Guerra de Troya. Arque\u00f3logos encontraron armas y proyectiles que datar\u00edan de la Edad de Bronce, en el coraz\u00f3n de la antigua ciudad. Los elementos encontrados habr\u00edan sido usados en un enfrentamiento real, como el que se relata en la Il\u00edada de Homero. [&hellip;]<\/p>\n","protected":false},"author":2,"featured_media":10827,"comment_status":"open","ping_status":"open","sticky":false,"template":"","format":"standard","meta":{"_et_pb_use_builder":"","_et_pb_old_content":"","_et_gb_content_width":"","footnotes":""},"categories":[84],"tags":[],"class_list":["post-10826","post","type-post","status-publish","format-standard","has-post-thumbnail","hentry","category-ultimomomento"],"_links":{"self":[{"href":"https:\/\/verdadincomodadiario.ar\/index.php?rest_route=\/wp\/v2\/posts\/10826","targetHints":{"allow":["GET"]}}],"collection":[{"href":"https:\/\/verdadincomodadiario.ar\/index.php?rest_route=\/wp\/v2\/posts"}],"about":[{"href":"https:\/\/verdadincomodadiario.ar\/index.php?rest_route=\/wp\/v2\/types\/post"}],"author":[{"embeddable":true,"href":"https:\/\/verdadincomodadiario.ar\/index.php?rest_route=\/wp\/v2\/users\/2"}],"replies":[{"embeddable":true,"href":"https:\/\/verdadincomodadiario.ar\/index.php?rest_route=%2Fwp%2Fv2%2Fcomments&post=10826"}],"version-history":[{"count":0,"href":"https:\/\/verdadincomodadiario.ar\/index.php?rest_route=\/wp\/v2\/posts\/10826\/revisions"}],"wp:featuredmedia":[{"embeddable":true,"href":"https:\/\/verdadincomodadiario.ar\/index.php?rest_route=\/wp\/v2\/media\/10827"}],"wp:attachment":[{"href":"https:\/\/verdadincomodadiario.ar\/index.php?rest_route=%2Fwp%2Fv2%2Fmedia&parent=10826"}],"wp:term":[{"taxonomy":"category","embeddable":true,"href":"https:\/\/verdadincomodadiario.ar\/index.php?rest_route=%2Fwp%2Fv2%2Fcategories&post=10826"},{"taxonomy":"post_tag","embeddable":true,"href":"https:\/\/verdadincomodadiario.ar\/index.php?rest_route=%2Fwp%2Fv2%2Ftags&post=10826"}],"curies":[{"name":"wp","href":"https:\/\/api.w.org\/{rel}","templated":true}]}}