{"id":10822,"date":"2025-07-14T14:25:56","date_gmt":"2025-07-14T14:25:56","guid":{"rendered":"https:\/\/verdadincomodadiario.ar\/?p=10822"},"modified":"2025-07-14T14:25:56","modified_gmt":"2025-07-14T14:25:56","slug":"historico-homenaje-en-el-parlamento-israeli-a-las-victimas-de-la-amia","status":"publish","type":"post","link":"https:\/\/verdadincomodadiario.ar\/?p=10822","title":{"rendered":"Hist\u00f3rico homenaje en el Parlamento israel\u00ed a las v\u00edctimas de la AMIA"},"content":{"rendered":"<p>En una jornada cargada de emoci\u00f3n y significado pol\u00edtico, la Knesset israel\u00ed realiz\u00f3 este lunes <strong>un acto sin precedentes para recordar a las v\u00edctimas del atentado contra la sede de la AMIA en Buenos Aires<\/strong>, a 31 a\u00f1os del ataque perpetrado por el r\u00e9gimen iran\u00ed a trav\u00e9s de Hezbollah.<\/p>\n<p>El acto fue impulsado por <strong>el embajador argentino en Israel, Axel Wahnish<\/strong>, quien se\u00f1al\u00f3 la importancia hist\u00f3rica del evento. Adem\u00e1s, subray\u00f3 el v\u00ednculo directo entre el terrorismo que golpe\u00f3 a la Argentina en 1994 y las amenazas actuales que enfrenta Israel.<\/p>\n<p><strong>\u201cAlgunos me dijeron \u2018no mezcles los casos\u2019, pero no es mezclar: es exactamente lo mismo. Son los mismos enemigos, y es el mismo dolor<\/strong>\u201d, afirm\u00f3. <strong>\u201cNo se trata de una pelea regional. Es una lucha global entre la vida y la muerte, entre la verdad y el terror\u201d.<\/strong><\/p>\n<p>Wahnish dedic\u00f3 una parte central de su intervenci\u00f3n a destacar la postura que ha adoptado <strong>el presidente Javier Milei en el plano internacional<\/strong>. <strong>\u201cMientras gran parte del mundo guarda silencio frente al terrorismo iran\u00ed, nuestro presidente ha elegido con valent\u00eda pararse del lado correcto de la historia. Hoy, Javier Milei es una figura de liderazgo moral en el mundo occidental\u201d<\/strong>, sostuvo.<\/p>\n<div class=\"inter_image image_horizontal\">\n<picture><source class=\"img-responsive\" type=\"image\/webp\" data-srcset=\"https:\/\/filesedc.com\/uploads\/image\/post\/2025\/07\/axelsogolohanaamia_300_200.webp 300w, https:\/\/filesedc.com\/uploads\/image\/post\/2025\/07\/axelsogolohanaamia_630_420.webp 630w, https:\/\/filesedc.com\/uploads\/image\/post\/2025\/07\/axelsogolohanaamia_760_507.webp 760w, https:\/\/filesedc.com\/uploads\/image\/post\/2025\/07\/axelsogolohanaamia_1200_800.webp 1200w, https:\/\/filesedc.com\/uploads\/image\/post\/2025\/07\/axelsogolohanaamia_1600_1067.webp 1600w, \"><img decoding=\"async\" src=\"https:\/\/derechadiario.com.ar\/filesedc\/uploads\/image\/post\/2025\/07\/axelsogolohanaamia_1200_800.webp\" class=\"img-responsive lazyload\" alt=\"Cuatro hombres de traje sostienen una placa de reconocimiento en una ceremonia formal con banderas de fondo.\" title=\"Cuatro hombres de traje sostienen una placa de reconocimiento en una ceremonia formal con banderas de fondo.\"><\/picture>\n<div>\n<span class=\"img_footer\">Entreg\u00e1ndole una menci\u00f3n al Presidente de la Knesset, Amir Ohana <\/span>| <span class=\"img_author\">La Derecha Diario<\/span>\n<\/div>\n<\/div>\n<p>El embajador tambi\u00e9n elogi\u00f3 la reciente aprobaci\u00f3n en Argentina de la ley que permite realizar juicios en ausencia para casos de terrorismo.\u00a0La calific\u00f3 como \u201cun punto de inflexi\u00f3n despu\u00e9s de d\u00e9cadas de impunidad\u201d.<\/p>\n<p>Para Wahnish, esto representa un cambio de \u00e9poca: <strong>\u201cLa Argentina ha pasado de pactar con los responsables del atentado a alinearse con quienes defienden la vida y la libertad\u201d<\/strong>.<\/p>\n<p>Junto a Wahnish, participaron del acto <strong>el presidente de la Knesset, Amir Ohana, el diputado Erez Malul, el presidente de la AMIA, Mario Sogol, el sobreviviente del atentado Javier Waldman, y el rabino principal de Israel, Kalman Ber<\/strong>.<\/p>\n<p>Tambi\u00e9n estuvieron presentes embajadores latinoamericanos y representantes de la comunidad argentina en Israel.<\/p>\n<p><strong>Ohana no dud\u00f3 en calificar a Milei como \u201cel mejor amigo que Israel ha tenido en la historia de la Argentina\u201d<\/strong>, y record\u00f3 su reciente visita a Buenos Aires.<\/p>\n<p>Erez Malul, por su parte, destac\u00f3 la resiliencia de la comunidad jud\u00eda argentina: \u201cLos que atacaron la AMIA quisieron destruir, pero se equivocaron. El pueblo argentino se levant\u00f3, reconstruy\u00f3 y sigue siendo un ejemplo de dignidad\u201d.<\/p>\n<figure><img decoding=\"async\" src=\"https:\/\/derechadiario.com.ar\/filesedc\/uploads\/image\/post\/2025\/07\/axelsogolamia_1200_1600.webp\" class=\"img-responsive lazyload\" alt=\"Dos hombres de traje posan juntos mientras sostienen una placa de reconocimiento en un evento formal con banderas de fondo\" title=\"Dos hombres de traje posan juntos mientras sostienen una placa de reconocimiento en un evento formal con banderas de fondo\"><\/figure>\n<p><strong>El acto cerr\u00f3 con una plegaria del Gran Rabino Kalman Ber<\/strong>\u00a0 y con un llamado a no olvidar a los rehenes israel\u00edes secuestrados por Hamas. \u201cMientras ellos est\u00e9n cautivos, nosotros no podemos sentirnos completamente libres\u201d, dijo. El mensaje fue claro: la memoria del pasado y las tragedias del presente est\u00e1n unidas por la misma lucha por justicia y verdad.<\/p>\n","protected":false},"excerpt":{"rendered":"<p>En una jornada cargada de emoci\u00f3n y significado pol\u00edtico, la Knesset israel\u00ed realiz\u00f3 este lunes un acto sin precedentes para recordar a las v\u00edctimas del atentado contra la sede de la AMIA en Buenos Aires, a 31 a\u00f1os del ataque perpetrado por el r\u00e9gimen iran\u00ed a trav\u00e9s de Hezbollah. El acto fue impulsado por el [&hellip;]<\/p>\n","protected":false},"author":2,"featured_media":10823,"comment_status":"open","ping_status":"open","sticky":false,"template":"","format":"standard","meta":{"_et_pb_use_builder":"","_et_pb_old_content":"","_et_gb_content_width":"","footnotes":""},"categories":[84],"tags":[],"class_list":["post-10822","post","type-post","status-publish","format-standard","has-post-thumbnail","hentry","category-ultimomomento"],"_links":{"self":[{"href":"https:\/\/verdadincomodadiario.ar\/index.php?rest_route=\/wp\/v2\/posts\/10822","targetHints":{"allow":["GET"]}}],"collection":[{"href":"https:\/\/verdadincomodadiario.ar\/index.php?rest_route=\/wp\/v2\/posts"}],"about":[{"href":"https:\/\/verdadincomodadiario.ar\/index.php?rest_route=\/wp\/v2\/types\/post"}],"author":[{"embeddable":true,"href":"https:\/\/verdadincomodadiario.ar\/index.php?rest_route=\/wp\/v2\/users\/2"}],"replies":[{"embeddable":true,"href":"https:\/\/verdadincomodadiario.ar\/index.php?rest_route=%2Fwp%2Fv2%2Fcomments&post=10822"}],"version-history":[{"count":0,"href":"https:\/\/verdadincomodadiario.ar\/index.php?rest_route=\/wp\/v2\/posts\/10822\/revisions"}],"wp:featuredmedia":[{"embeddable":true,"href":"https:\/\/verdadincomodadiario.ar\/index.php?rest_route=\/wp\/v2\/media\/10823"}],"wp:attachment":[{"href":"https:\/\/verdadincomodadiario.ar\/index.php?rest_route=%2Fwp%2Fv2%2Fmedia&parent=10822"}],"wp:term":[{"taxonomy":"category","embeddable":true,"href":"https:\/\/verdadincomodadiario.ar\/index.php?rest_route=%2Fwp%2Fv2%2Fcategories&post=10822"},{"taxonomy":"post_tag","embeddable":true,"href":"https:\/\/verdadincomodadiario.ar\/index.php?rest_route=%2Fwp%2Fv2%2Ftags&post=10822"}],"curies":[{"name":"wp","href":"https:\/\/api.w.org\/{rel}","templated":true}]}}