{"id":10814,"date":"2025-07-14T12:28:19","date_gmt":"2025-07-14T12:28:19","guid":{"rendered":"https:\/\/verdadincomodadiario.ar\/?p=10814"},"modified":"2025-07-14T12:28:19","modified_gmt":"2025-07-14T12:28:19","slug":"estos-serian-los-colores-del-iphone-17-apple-dejaria-afuera-un-clasico","status":"publish","type":"post","link":"https:\/\/verdadincomodadiario.ar\/?p=10814","title":{"rendered":"Estos ser\u00edan los colores del iPhone 17: Apple dejar\u00eda afuera un cl\u00e1sico"},"content":{"rendered":"<p>El <a href=\"https:\/\/derechadiario.com.ar\/sociedad\/iphone-17-trae-nuevo-detalle-que-no-vas-ver-sentir-tus-manos\" title=\"El iPhone 17 trae un nuevo detalle que no vas a ver, pero s\u00ed sentir en tus manos\"><strong>iPhone 17<\/strong><\/a> llega con una renovaci\u00f3n est\u00e9tica que incluye nuevos <strong>colores<\/strong> y una decisi\u00f3n que va a dar que hablar.<\/p>\n<p>Seg\u00fan las filtraciones, <strong><a href=\"https:\/\/derechadiario.com.ar\/sociedad\/apple-prepara-iphone-plegable-todos-los-detalles-que-se-filtraron\" title=\"Apple prepara el iPhone plegable: todos los detalles que se filtraron\">Apple<\/a><\/strong>\u00a0 eliminar\u00eda el <strong>blanco tradicional<\/strong> de su pr\u00f3xima l\u00ednea de celulares, prevista para septiembre.<\/p>\n<div class=\"inter_image image_horizontal\">\n<picture><source class=\"img-responsive\" type=\"image\/webp\" data-srcset=\"https:\/\/filesedc.com\/uploads\/image\/post\/2025\/07\/iphone-blanco-colores-17_300_200.webp 300w, https:\/\/filesedc.com\/uploads\/image\/post\/2025\/07\/iphone-blanco-colores-17_630_420.webp 630w, https:\/\/filesedc.com\/uploads\/image\/post\/2025\/07\/iphone-blanco-colores-17_760_507.webp 760w, https:\/\/filesedc.com\/uploads\/image\/post\/2025\/07\/iphone-blanco-colores-17_1200_800.webp 1200w, https:\/\/filesedc.com\/uploads\/image\/post\/2025\/07\/iphone-blanco-colores-17_1600_1067.webp 1600w, \"><img decoding=\"async\" src=\"https:\/\/derechadiario.com.ar\/filesedc\/uploads\/image\/post\/2025\/07\/iphone-blanco-colores-17_1200_800.webp\" class=\"img-responsive lazyload\" alt=\"Persona sosteniendo un tel\u00e9fono inteligente dorado con triple c\u00e1mara trasera mientras otro dispositivo similar est\u00e1 sobre una mesa\" title=\"Persona sosteniendo un tel\u00e9fono inteligente dorado con triple c\u00e1mara trasera mientras otro dispositivo similar est\u00e1 sobre una mesa\"><\/picture>\n<div>\n<span class=\"img_footer\">Apple eliminar\u00eda el blanco tradicional de su pr\u00f3xima l\u00ednea de celulares <\/span>| <span class=\"img_author\">La Derecha Diario<\/span>\n<\/div>\n<\/div>\n<h2><strong>Los cinco colores del iPhone 17 base<\/strong><\/h2>\n<p>El modelo base del <strong>iPhone 17<\/strong> saldr\u00eda en cinco tonos: <strong>negro, azul, verde, morado y plata<\/strong>. La ausencia del blanco es la gran sorpresa.<\/p>\n<p>Esta selecci\u00f3n mantiene la l\u00ednea suave y pastel que Apple viene impulsando, pero con algunas variaciones nunca vistas en la marca.<\/p>\n<aside class=\"whatsappChannelText\"><a href=\"https:\/\/whatsapp.com\/channel\/0029VagEjILGE56eKjedWF2U\" rel=\"nofollow\" title=\"WhatsApp Link\"><img alt=\"Logo de WhatsApp\" class=\"lazyload\" data-src=\"https:\/\/derechadiario.com.ar\/filesedc\/uploads\/other\/whatsapp_icon_mid_article.png\" width=\"32\" height=\"32\"><\/a> <a href=\"https:\/\/whatsapp.com\/channel\/0029VagEjILGE56eKjedWF2U\" rel=\"nofollow\" title=\"WhatsApp Link\"><strong>NO SE PIERDAN NINGUNA NOTICIA<\/strong>: Click aqu\u00ed para sumarte <strong>GRATIS<\/strong> al canal de noticias de <strong>La Derecha Diario en WhatsApp.<\/strong><\/a><\/aside>\n<h3><strong>Una paleta con ajustes sutiles<\/strong><\/h3>\n<p>El <strong>verde y el morado<\/strong> tendr\u00edan nuevas variantes, distintas a las del iPhone 16. El <strong>azul<\/strong> se ver\u00eda casi blanco bajo ciertas luces.<\/p>\n<figure><img decoding=\"async\" src=\"https:\/\/derechadiario.com.ar\/filesedc\/uploads\/image\/post\/2025\/07\/iphone-17-colores-filtrados_1200_800.webp\" class=\"img-responsive lazyload\" alt=\"Dos manos sostienen dos tel\u00e9fonos iPhone de colores azul y verde con fondo desenfocado.\" title=\"Dos manos sostienen dos tel\u00e9fonos iPhone de colores azul y verde con fondo desenfocado.\"><\/figure>\n<p>El <strong>tono plateado<\/strong> m\u00e1s claro podr\u00eda cumplir el rol visual del blanco, aunque no es exactamente lo mismo.<\/p>\n<h3><strong>Qu\u00e9 revelaron las filtraciones<\/strong><\/h3>\n<p>Los datos salieron a la luz por medio de fuentes con acceso a la producci\u00f3n de los <strong>anillos de c\u00e1mara<\/strong>. Estos anillos suelen compartir color con el tel\u00e9fono.<\/p>\n<figure><img decoding=\"async\" src=\"https:\/\/derechadiario.com.ar\/filesedc\/uploads\/image\/post\/2025\/07\/colores-apple-iphone-17_1200_800.webp\" class=\"img-responsive lazyload\" alt=\"Varios tel\u00e9fonos inteligentes de diferentes colores exhibidos en una tienda con personas desenfocadas al fondo\" title=\"Varios tel\u00e9fonos inteligentes de diferentes colores exhibidos en una tienda con personas desenfocadas al fondo\"><\/figure>\n<p>Hasta ahora, no hay im\u00e1genes oficiales. Se espera que la confirmaci\u00f3n llegue en la pr\u00f3xima <strong>keynote de Apple<\/strong> en septiembre.<\/p>\n","protected":false},"excerpt":{"rendered":"<p>El iPhone 17 llega con una renovaci\u00f3n est\u00e9tica que incluye nuevos colores y una decisi\u00f3n que va a dar que hablar. Seg\u00fan las filtraciones, Apple\u00a0 eliminar\u00eda el blanco tradicional de su pr\u00f3xima l\u00ednea de celulares, prevista para septiembre. Apple eliminar\u00eda el blanco tradicional de su pr\u00f3xima l\u00ednea de celulares | La Derecha Diario Los cinco [&hellip;]<\/p>\n","protected":false},"author":2,"featured_media":10815,"comment_status":"open","ping_status":"open","sticky":false,"template":"","format":"standard","meta":{"_et_pb_use_builder":"","_et_pb_old_content":"","_et_gb_content_width":"","footnotes":""},"categories":[84],"tags":[],"class_list":["post-10814","post","type-post","status-publish","format-standard","has-post-thumbnail","hentry","category-ultimomomento"],"_links":{"self":[{"href":"https:\/\/verdadincomodadiario.ar\/index.php?rest_route=\/wp\/v2\/posts\/10814","targetHints":{"allow":["GET"]}}],"collection":[{"href":"https:\/\/verdadincomodadiario.ar\/index.php?rest_route=\/wp\/v2\/posts"}],"about":[{"href":"https:\/\/verdadincomodadiario.ar\/index.php?rest_route=\/wp\/v2\/types\/post"}],"author":[{"embeddable":true,"href":"https:\/\/verdadincomodadiario.ar\/index.php?rest_route=\/wp\/v2\/users\/2"}],"replies":[{"embeddable":true,"href":"https:\/\/verdadincomodadiario.ar\/index.php?rest_route=%2Fwp%2Fv2%2Fcomments&post=10814"}],"version-history":[{"count":0,"href":"https:\/\/verdadincomodadiario.ar\/index.php?rest_route=\/wp\/v2\/posts\/10814\/revisions"}],"wp:featuredmedia":[{"embeddable":true,"href":"https:\/\/verdadincomodadiario.ar\/index.php?rest_route=\/wp\/v2\/media\/10815"}],"wp:attachment":[{"href":"https:\/\/verdadincomodadiario.ar\/index.php?rest_route=%2Fwp%2Fv2%2Fmedia&parent=10814"}],"wp:term":[{"taxonomy":"category","embeddable":true,"href":"https:\/\/verdadincomodadiario.ar\/index.php?rest_route=%2Fwp%2Fv2%2Fcategories&post=10814"},{"taxonomy":"post_tag","embeddable":true,"href":"https:\/\/verdadincomodadiario.ar\/index.php?rest_route=%2Fwp%2Fv2%2Ftags&post=10814"}],"curies":[{"name":"wp","href":"https:\/\/api.w.org\/{rel}","templated":true}]}}