{"id":10812,"date":"2025-07-14T12:28:20","date_gmt":"2025-07-14T12:28:20","guid":{"rendered":"https:\/\/verdadincomodadiario.ar\/?p=10812"},"modified":"2025-07-14T12:28:20","modified_gmt":"2025-07-14T12:28:20","slug":"benjamin-vicuna-mostro-su-domingo-familiar-tras-el-conflicto-con-la-china-suarez","status":"publish","type":"post","link":"https:\/\/verdadincomodadiario.ar\/?p=10812","title":{"rendered":"Benjam\u00edn Vicu\u00f1a mostr\u00f3 su domingo familiar tras el conflicto con la China Su\u00e1rez"},"content":{"rendered":"<p><a href=\"https:\/\/derechadiario.com.ar\/sociedad\/china-suarez-estallo-contra-benjamin-vicuna-hasta-aca-llegaste\" title=\"La China Su\u00e1rez estall\u00f3 contra Benjam\u00edn Vicu\u00f1a: \u201cHasta ac\u00e1 llegaste\u201d\">Despu\u00e9s de d\u00edas marcados por el esc\u00e1ndalo medi\u00e1tico con Eugenia &#8220;la China&#8221; Su\u00e1rez,<\/a> \u00a0<strong>Benjam\u00edn Vicu\u00f1a<\/strong> public\u00f3 una imagen que busc\u00f3 traer algo de calma<strong>. En la foto se lo vio sonriente junto a Magnolia y Amancio,<\/strong>\u00a0 los dos hijos que tiene con la actriz.<\/p>\n<p>El gesto se produjo luego de una semana intensa, en la que Vicu\u00f1a decidi\u00f3 revocar\u00a0el permiso que le permit\u00eda a Su\u00e1rez viajar con los menores<strong>. <a href=\"https:\/\/derechadiario.com.ar\/sociedad\/china-suarez-se-canso-las-criticas-y-respondio-los-comentarios-negativos\" title=\"La China Su\u00e1rez se cans\u00f3 de las cr\u00edticas y respondi\u00f3 a los comentarios negativos\">La actriz, que parti\u00f3 a Turqu\u00eda junto a Mauro Icardi,<\/a><\/strong>\u00a0 lo hizo sin sus hijos, y eso encendi\u00f3 todas las alarmas.<\/p>\n<h2><strong>La pol\u00e9mica por la comunicaci\u00f3n con sus hijos<\/strong><\/h2>\n<p>Seg\u00fan trascendi\u00f3, Vicu\u00f1a se mostr\u00f3 muy preocupado por no haber podido contactar a los ni\u00f1os durante varias horas. Se supo que pasaron casi 24 horas sin tener noticias del paradero de los chicos, quienes estaban bajo el cuidado de la familia materna.<\/p>\n<div class=\"inter_image image_vertical\">\n<picture><source class=\"img-responsive\" type=\"image\/webp\" data-srcset=\"https:\/\/filesedc.com\/uploads\/image\/post\/2025\/07\/segundo-de-todo-39_300_400.webp 300w, https:\/\/filesedc.com\/uploads\/image\/post\/2025\/07\/segundo-de-todo-39_630_840.webp 630w, https:\/\/filesedc.com\/uploads\/image\/post\/2025\/07\/segundo-de-todo-39_760_1013.webp 760w, https:\/\/filesedc.com\/uploads\/image\/post\/2025\/07\/segundo-de-todo-39_1200_1600.webp 1200w, https:\/\/filesedc.com\/uploads\/image\/post\/2025\/07\/segundo-de-todo-39_1600_2133.webp 1600w, \"><img decoding=\"async\" src=\"https:\/\/derechadiario.com.ar\/filesedc\/uploads\/image\/post\/2025\/07\/segundo-de-todo-39_1200_1600.webp\" class=\"img-responsive lazyload\" alt=\"Un hombre sonriente abraza a un ni\u00f1o y una ni\u00f1a mientras se sientan juntos al aire libre disfrutando de un momento alegre bajo el sol\" title=\"Un hombre sonriente abraza a un ni\u00f1o y una ni\u00f1a mientras se sientan juntos al aire libre disfrutando de un momento alegre bajo el sol\"><\/picture>\n<div>\n<span class=\"img_footer\">La foto del domingo compartida por el actor junto a  Amancio y Magnolia. <\/span>| <span class=\"img_author\">Redacci\u00f3n<\/span>\n<\/div>\n<\/div>\n<p>Esta situaci\u00f3n habr\u00eda generado tensi\u00f3n no solo entre los protagonistas sino tambi\u00e9n en redes, donde se viraliz\u00f3 <a href=\"https:\/\/derechadiario.com.ar\/sociedad\/china-suarez-tildo-mentiroso-y-mala-leche-angel-brito-los-motivos\" title=\"La China Su\u00e1rez tild\u00f3 de mentiroso y mala leche a \u00c1ngel De Brito: los motivos\"><strong>el cruce entre la actriz y \u00c1ngel de Brito<\/strong><\/a>. Mientras tanto, desde el exterior, Su\u00e1rez intent\u00f3 desmentir cualquier tipo de impedimento para que el actor hablara con los chicos.<\/p>\n<p>El propio Vicu\u00f1a habl\u00f3 en una entrevista y asegur\u00f3: \u201cCreo que es una cuesti\u00f3n de tiempo y las cosas se van a acomodar\u201d. A pesar de mostrarse dolido, eligi\u00f3 no confrontar p\u00fablicamente a su ex.<\/p>\n<h2><strong>El respaldo de Bautista y una nueva cr\u00edtica<\/strong><\/h2>\n<p>En medio del revuelo, <a href=\"https:\/\/derechadiario.com.ar\/sociedad\/bautista-vicuna-hijo-mayor-benjamin-vicuna-cruzo-china-suarez-redes\" title=\"Bautista Vicu\u00f1a, el hijo mayor de Benjam\u00edn Vicu\u00f1a, cruz\u00f3 a la China Su\u00e1rez en redes\">Bautista Vicu\u00f1a Ardohain, el hijo mayor del actor y Pampita, sali\u00f3 a defender a su padre a trav\u00e9s de sus redes. <\/a>El joven reaccion\u00f3 ante los comentarios: &#8220;Gente que no conoce a mi pap\u00e1 y mi mam\u00e1 puede opinar lo que quiera. Yo y mis hermanos sabemos qui\u00e9n es quien&#8221;.<\/p>\n<p>\u201cEst\u00e1 para la foto\u201d, hab\u00eda escrito Su\u00e1rez en sus historias, sugiriendo que el actor solo aparec\u00eda en momentos puntuales. \u00a0<strong>\u201cEl padre que pide que le saquen fotos las dos veces que va a buscarlos al colegio\u201d,<\/strong>\u00a0 agreg\u00f3 en una frase con fuerte iron\u00eda.<\/p>\n<p>Desde Estambul, la actriz public\u00f3 fotos de los ni\u00f1os con sus familiares, buscando contrarrestar la imagen de abandono que se intent\u00f3 instalar. Pero <strong>en redes, el tema dividi\u00f3 aguas y reaviv\u00f3 la interna entre ambos.<\/strong><\/p>\n<p>A pesar de todo, <strong>Vicu\u00f1a opt\u00f3 por mostrarse en calma<\/strong>, disfrutando de un domingo con sus hijos, en lo que pareci\u00f3 un mensaje silencioso, pero claro.<\/p>\n<aside class=\"whatsappChannelText\"><a href=\"https:\/\/whatsapp.com\/channel\/0029VagEjILGE56eKjedWF2U\" rel=\"nofollow\" title=\"WhatsApp Link\"><img alt=\"Logo de WhatsApp\" class=\"lazyload\" data-src=\"https:\/\/derechadiario.com.ar\/filesedc\/uploads\/other\/whatsapp_icon_mid_article.png\" width=\"32\" height=\"32\"><\/a> <a href=\"https:\/\/whatsapp.com\/channel\/0029VagEjILGE56eKjedWF2U\" rel=\"nofollow\" title=\"WhatsApp Link\"><strong>NO SE PIERDAN NINGUNA NOTICIA<\/strong>: Click aqu\u00ed para sumarte <strong>GRATIS<\/strong> al canal de noticias de <strong>La Derecha Diario en WhatsApp.<\/strong><\/a><\/aside>\n<aside class=\"low-arrow-links automatic-low-arrow-links-end-body\"><\/aside>\n","protected":false},"excerpt":{"rendered":"<p>Despu\u00e9s de d\u00edas marcados por el esc\u00e1ndalo medi\u00e1tico con Eugenia &#8220;la China&#8221; Su\u00e1rez, \u00a0Benjam\u00edn Vicu\u00f1a public\u00f3 una imagen que busc\u00f3 traer algo de calma. En la foto se lo vio sonriente junto a Magnolia y Amancio,\u00a0 los dos hijos que tiene con la actriz. El gesto se produjo luego de una semana intensa, en la [&hellip;]<\/p>\n","protected":false},"author":2,"featured_media":10813,"comment_status":"open","ping_status":"open","sticky":false,"template":"","format":"standard","meta":{"_et_pb_use_builder":"","_et_pb_old_content":"","_et_gb_content_width":"","footnotes":""},"categories":[84],"tags":[],"class_list":["post-10812","post","type-post","status-publish","format-standard","has-post-thumbnail","hentry","category-ultimomomento"],"_links":{"self":[{"href":"https:\/\/verdadincomodadiario.ar\/index.php?rest_route=\/wp\/v2\/posts\/10812","targetHints":{"allow":["GET"]}}],"collection":[{"href":"https:\/\/verdadincomodadiario.ar\/index.php?rest_route=\/wp\/v2\/posts"}],"about":[{"href":"https:\/\/verdadincomodadiario.ar\/index.php?rest_route=\/wp\/v2\/types\/post"}],"author":[{"embeddable":true,"href":"https:\/\/verdadincomodadiario.ar\/index.php?rest_route=\/wp\/v2\/users\/2"}],"replies":[{"embeddable":true,"href":"https:\/\/verdadincomodadiario.ar\/index.php?rest_route=%2Fwp%2Fv2%2Fcomments&post=10812"}],"version-history":[{"count":0,"href":"https:\/\/verdadincomodadiario.ar\/index.php?rest_route=\/wp\/v2\/posts\/10812\/revisions"}],"wp:featuredmedia":[{"embeddable":true,"href":"https:\/\/verdadincomodadiario.ar\/index.php?rest_route=\/wp\/v2\/media\/10813"}],"wp:attachment":[{"href":"https:\/\/verdadincomodadiario.ar\/index.php?rest_route=%2Fwp%2Fv2%2Fmedia&parent=10812"}],"wp:term":[{"taxonomy":"category","embeddable":true,"href":"https:\/\/verdadincomodadiario.ar\/index.php?rest_route=%2Fwp%2Fv2%2Fcategories&post=10812"},{"taxonomy":"post_tag","embeddable":true,"href":"https:\/\/verdadincomodadiario.ar\/index.php?rest_route=%2Fwp%2Fv2%2Ftags&post=10812"}],"curies":[{"name":"wp","href":"https:\/\/api.w.org\/{rel}","templated":true}]}}