{"id":10802,"date":"2025-07-14T10:25:41","date_gmt":"2025-07-14T10:25:41","guid":{"rendered":"https:\/\/verdadincomodadiario.ar\/?p=10802"},"modified":"2025-07-14T10:25:41","modified_gmt":"2025-07-14T10:25:41","slug":"el-gobierno-del-terrorista-mujica-financio-a-la-diaria-en-2013","status":"publish","type":"post","link":"https:\/\/verdadincomodadiario.ar\/?p=10802","title":{"rendered":"El gobierno del terrorista Mujica financi\u00f3 a La Diaria en 2013"},"content":{"rendered":"<p>El panfleto de ultra izquierda se <strong>financia<\/strong> con dinero p\u00fablico, y con dinero de organizaciones internacionales que promueven el <strong>aborto<\/strong>, la ideolog\u00eda de g\u00e9nero, el fanatismo ambiental, el feminismo radical, y que apoya a las narco <strong>dictaduras<\/strong> de Cuba, Venezuela y Nicaragua.\u00a0<\/p>\n<p>Desde La Derecha Diario ya noticiamos que una de sus fuentes de <strong>financiamiento<\/strong> es la Fundaci\u00f3n Avina, que junto con Omidyar Network y Avina Americas, cre\u00f3 la Alianza Latinoamericana para la Tecnolog\u00eda C\u00edvica (ALTEC) en 2017, con un fondo de 3,5 millones de <strong>d\u00f3lares<\/strong> para &#8220;apoyar proyectos de tecnolog\u00eda c\u00edvica en Am\u00e9rica Latina&#8221;.\u00a0<\/p>\n<p>La Diaria tiene a esta Fundaci\u00f3n <strong>extranjera<\/strong> como una fuente de su <strong>financiamiento<\/strong>.<\/p>\n<p>Tambi\u00e9n utilizan el FONDES, aprovechando su <strong>afinidad<\/strong> ideol\u00f3gica con los gobiernos del Frente Amplio.<\/p>\n<h2>\u00bfQue es el FONDES?<\/h2>\n<p>Es el Fondo para el Desarrollo, y se cre\u00f3 por la ley 19.337 de 2015, durante el segundo gobierno de <strong>V\u00e1zquez<\/strong>.<\/p>\n<p>Se trata de un mecanismo de &#8220;apoyo a proyectos\u201d. Fue creado para financiar empresas, especialmente <strong>cooperativas<\/strong>, y fomentar la &#8220;econom\u00eda social y solidaria&#8221;.\u00a0<\/p>\n<div class=\"inter_image image_horizontal\">\n<picture><source class=\"img-responsive\" type=\"image\/webp\" data-srcset=\"https:\/\/filesedc.com\/uploads\/image\/post\/2025\/07\/images-1752473798843_300_200.webp 300w, https:\/\/filesedc.com\/uploads\/image\/post\/2025\/07\/images-1752473798843_630_420.webp 630w, https:\/\/filesedc.com\/uploads\/image\/post\/2025\/07\/images-1752473798843_760_507.webp 760w, https:\/\/filesedc.com\/uploads\/image\/post\/2025\/07\/images-1752473798843_1200_800.webp 1200w, https:\/\/filesedc.com\/uploads\/image\/post\/2025\/07\/images-1752473798843_1600_1067.webp 1600w, \"><img decoding=\"async\" src=\"https:\/\/derechadiario.com.ar\/filesedc\/uploads\/image\/post\/2025\/07\/images-1752473798843_1200_800.webp\" class=\"img-responsive lazyload\" alt=\"Logo de FONDES INACAP con texto Fondo para el Desarrollo y l\u00edneas curvas de colores azul, rojo y amarillo en la parte superior\" title=\"Logo de FONDES INACAP con texto Fondo para el Desarrollo y l\u00edneas curvas de colores azul, rojo y amarillo en la parte superior\"><\/picture>\n<div>\n<span class=\"img_footer\">Logo del FONDES  <\/span>| <span class=\"img_author\">La Derecha Diario<\/span>\n<\/div>\n<\/div>\n<p>Se divide en dos reparticiones: una administrada por el Instituto Nacional del Cooperativismo (Inacoop), y otra por la Agencia Nacional de Desarrollo (ANDE).<\/p>\n<p>En la pr\u00e1ctica se dedica a <strong>financiar<\/strong> a cooperativas dirigidas por individuos cercanos al Frente Amplio o al PIT-CNT.<\/p>\n<p>Se le inyecta <strong>dinero<\/strong> a emprendimientos cooperativos que casi siempre terminan en la ruina por corrupci\u00f3n y por ineficiencia.<\/p>\n<h2>Los 400.000 d\u00f3lares de Mujica<\/h2>\n<p>El 2013, durante la presidencia del frenteamplista Jos\u00e9 Mujica, se le otorg\u00f3 &#8220;<strong>un<\/strong>\u00a0<strong>apoyo<\/strong>&#8220;, de <strong>400.000<\/strong>\u00a0<strong>d\u00f3lares<\/strong> a trav\u00e9s del FONDES.<\/p>\n<p>A mediados de 2013 el gobierno del entonces presidente Mujica estaba evaluando otorgar ondas de <strong>televisi\u00f3n<\/strong> a diversos grupos empresariales.\u00a0<\/p>\n<p>Uno de esos era el <strong>Consorcio<\/strong>\u00a0<strong>Giro<\/strong>, integrado por el pasqu\u00edn comunista La Diaria.<\/p>\n<p>En setiembre de <strong>2013<\/strong>, seg\u00fan inform\u00f3 el 27 de ese mes el portal 180.com.uy, Jos\u00e9 Mujica se\u00f1al\u00f3 respecto a La Diaria &#8220;hace un mes, por el car\u00e1cter cooperativo, nos pidieron en el FONDES un apoyo para sacar una <strong>revista<\/strong>. Un apoyo de <strong>400.000<\/strong>\u00a0<strong>d\u00f3lares<\/strong>. Y si para sacar una revista precisabas un pr\u00e9stamo, no me pidas un canal ahora. Porque adem\u00e1s, si me ped\u00eds plata para eso y me ped\u00eds un canal, quedo como si te doy plata, levanto centro y voy a cabecear. Es una l\u00f3gica infantil&#8221;.<\/p>\n<figure><img decoding=\"async\" src=\"https:\/\/derechadiario.com.ar\/filesedc\/uploads\/image\/post\/2025\/07\/descarga-1752473878504_1200_800.webp\" class=\"img-responsive lazyload\" alt=\"Portada con la palabra LENTO en letras grandes y rojas sobre fondo gris claro\" title=\"Portada con la palabra LENTO en letras grandes y rojas sobre fondo gris claro\"><\/figure>\n<p>Se refer\u00eda a que el FONDES le hab\u00eda otorgado a La Diaria 400.000 d\u00f3lares &#8220;de <strong>apoyo<\/strong>&#8220;, seg\u00fan confes\u00f3 el propio presidente frenteamplista.<\/p>\n<p>Luego de ese &#8220;<strong>apoyo<\/strong>&#8221; de <strong>dinero<\/strong> p\u00fablico, en el segundo semestre de 2013, el pasqu\u00edn de ultra izquierda pretend\u00eda que el gobierno de Mujica le otorgara una onda de televisi\u00f3n, a lo cual Mujica se neg\u00f3 porque el proyecto televisivo de La Diaria era inviable.<\/p>\n<p>El programa radial No toquen nada, emitido por FM Del Sol, confirm\u00f3 en setiembre de 2013 que el FONDES autoriz\u00f3 la <strong>inyecci\u00f3n<\/strong> de <strong>dinero<\/strong> a La Diaria.\u00a0<\/p>\n<p>La idea del pasqu\u00edn era lanzar una revista de nombre Lento. Con la excusa de financiar una nueva revista <strong>recibieron<\/strong> 400.000 d\u00f3lares. Una <strong>fortuna<\/strong> para un panfleto que se hab\u00eda fundado en 2006, y que ten\u00eda poqu\u00edsimos lectores.<\/p>\n<h2>&#8220;Periodismo&#8221; ensobrado<\/h2>\n<p>C\u00f3mo se advierte f\u00e1cilmente La Diaria aprovech\u00f3 su cercan\u00eda con el gobierno <strong>frenteamplista<\/strong>, y en 2013 le inyectaron 400.000 d\u00f3lares.<\/p>\n<p>La <strong>maniobra<\/strong> se realiz\u00f3 a trav\u00e9s del FONDES, todo se disfraz\u00f3 como &#8220;un apoyo&#8221; a una nueva revista.<\/p>\n<figure><img decoding=\"async\" src=\"https:\/\/derechadiario.com.ar\/filesedc\/uploads\/image\/post\/2025\/07\/inshot-20250714-040118643_1200_800.webp\" class=\"img-responsive lazyload\" alt=\"El presidente Jos\u00e9 Mujica explica por qu\u00e9 descart\u00f3 la propuesta de Consorcio Giro para un canal de TV digital, argumentando que era d\u00e9bil econ\u00f3micamente y mencionando que si para sacar una revista necesitaban un pr\u00e9stamo, no pod\u00edan pedir un canal, acompa\u00f1ado de una foto de Mujica hablando ante la prensa.\" title=\"El presidente Jos\u00e9 Mujica explica por qu\u00e9 descart\u00f3 la propuesta de Consorcio Giro para un canal de TV digital, argumentando que era d\u00e9bil econ\u00f3micamente y mencionando que si para sacar una revista necesitaban un pr\u00e9stamo, no pod\u00edan pedir un canal, acompa\u00f1ado de una foto de Mujica hablando ante la prensa.\"><\/figure>\n<p>No contentos con haber recibido esa <strong>fortuna<\/strong>, presionaron al presidente tupamaro para que adem\u00e1s les otorgue una onda para un canal de televisi\u00f3n, que finalmente no lograron.<\/p>\n<p>Desde el panfleto chavista siguen insistiendo que se financian con &#8220;suscriptores y suscriptoras&#8221;, pero lo cierto es que han recibido toneladas de <strong>dinero<\/strong> p\u00fablico de diferentes formas.<\/p>\n<p>No solo a trav\u00e9s de la pauta de <strong>publicidad<\/strong> estatal de diversos ministerios, o empresas p\u00fablicas como UTE o ANTEL, sino a trav\u00e9s del FONDES.<\/p>\n<p>El pasqu\u00edn que se autopercibe &#8220;medio de prensa independiente&#8221; se <strong>financia<\/strong> con el dinero de todos los uruguayos.<\/p>\n<p>De independientes no tienen nada. Reciben dinero p\u00fablico gracias a oscuros contactos con gobernantes <strong>inescrupulosos<\/strong> que utilizan los recursos de todos para financiar a pasquines compa\u00f1eros.<\/p>\n<p>La Diaria se financia con el <strong>dinero<\/strong> de los <strong>contribuyentes<\/strong> que sacrificadamente pagan sus impuestos, y adem\u00e1s, con turbios fondos que vienen del exterior.<\/p>\n","protected":false},"excerpt":{"rendered":"<p>El panfleto de ultra izquierda se financia con dinero p\u00fablico, y con dinero de organizaciones internacionales que promueven el aborto, la ideolog\u00eda de g\u00e9nero, el fanatismo ambiental, el feminismo radical, y que apoya a las narco dictaduras de Cuba, Venezuela y Nicaragua.\u00a0 Desde La Derecha Diario ya noticiamos que una de sus fuentes de financiamiento [&hellip;]<\/p>\n","protected":false},"author":2,"featured_media":10803,"comment_status":"open","ping_status":"open","sticky":false,"template":"","format":"standard","meta":{"_et_pb_use_builder":"","_et_pb_old_content":"","_et_gb_content_width":"","footnotes":""},"categories":[84],"tags":[],"class_list":["post-10802","post","type-post","status-publish","format-standard","has-post-thumbnail","hentry","category-ultimomomento"],"_links":{"self":[{"href":"https:\/\/verdadincomodadiario.ar\/index.php?rest_route=\/wp\/v2\/posts\/10802","targetHints":{"allow":["GET"]}}],"collection":[{"href":"https:\/\/verdadincomodadiario.ar\/index.php?rest_route=\/wp\/v2\/posts"}],"about":[{"href":"https:\/\/verdadincomodadiario.ar\/index.php?rest_route=\/wp\/v2\/types\/post"}],"author":[{"embeddable":true,"href":"https:\/\/verdadincomodadiario.ar\/index.php?rest_route=\/wp\/v2\/users\/2"}],"replies":[{"embeddable":true,"href":"https:\/\/verdadincomodadiario.ar\/index.php?rest_route=%2Fwp%2Fv2%2Fcomments&post=10802"}],"version-history":[{"count":0,"href":"https:\/\/verdadincomodadiario.ar\/index.php?rest_route=\/wp\/v2\/posts\/10802\/revisions"}],"wp:featuredmedia":[{"embeddable":true,"href":"https:\/\/verdadincomodadiario.ar\/index.php?rest_route=\/wp\/v2\/media\/10803"}],"wp:attachment":[{"href":"https:\/\/verdadincomodadiario.ar\/index.php?rest_route=%2Fwp%2Fv2%2Fmedia&parent=10802"}],"wp:term":[{"taxonomy":"category","embeddable":true,"href":"https:\/\/verdadincomodadiario.ar\/index.php?rest_route=%2Fwp%2Fv2%2Fcategories&post=10802"},{"taxonomy":"post_tag","embeddable":true,"href":"https:\/\/verdadincomodadiario.ar\/index.php?rest_route=%2Fwp%2Fv2%2Ftags&post=10802"}],"curies":[{"name":"wp","href":"https:\/\/api.w.org\/{rel}","templated":true}]}}