{"id":10788,"date":"2025-07-14T01:25:35","date_gmt":"2025-07-14T01:25:35","guid":{"rendered":"https:\/\/verdadincomodadiario.ar\/?p=10788"},"modified":"2025-07-14T01:25:35","modified_gmt":"2025-07-14T01:25:35","slug":"semana-clave-para-oscar-andrade-por-corrupcion-en-el-sunca","status":"publish","type":"post","link":"https:\/\/verdadincomodadiario.ar\/?p=10788","title":{"rendered":"Semana clave para Oscar Andrade por corrupci\u00f3n en el Sunca"},"content":{"rendered":"<p>En enero de 2025 se denunci\u00f3 penalmente un desv\u00edo de 35.6 millones de pesos uruguayos (aproximadamente 1.2 millones de <strong>d\u00f3lares<\/strong>) y 17.500 d\u00f3lares del <strong>FOSVOC<\/strong> (Fondo Social de Vivienda de Obreros de la Construcci\u00f3n) entre febrero y noviembre de 2024.\u00a0<\/p>\n<p>El Fondo, destinado a facilitar el acceso a viviendas para trabajadores de la construcci\u00f3n, es gestionado por una comisi\u00f3n paritaria entre sindicalistas del Sunca y empleadores.<\/p>\n<h2>Sindicalistas condenados<\/h2>\n<p>Tres ex sindicalistas del Partido Comunista (PCU), Santiago Bernaola, Bruno Bertolio, y V\u00edctor Rivero, fueron condenados penalmente por apropiaci\u00f3n indebida, <strong>estafa<\/strong>, asociaci\u00f3n para <strong>delinquir<\/strong>, y asistencia al lavado de activos.\u00a0<\/p>\n<p>Sus declaraciones ante la Fiscal\u00eda, liderada por <strong>Gilberto<\/strong>\u00a0<strong>Rodr\u00edguez<\/strong>, se\u00f1alaron al senador comunista <strong>\u00d3scar<\/strong>\u00a0<strong>Andrade<\/strong> y al diputado tambi\u00e9n comunista Daniel <strong>Diverio<\/strong> como conocedores de las maniobras fraudulentas.<\/p>\n<div class=\"inter_image image_horizontal\">\n<picture><source class=\"img-responsive\" type=\"image\/webp\" data-srcset=\"https:\/\/filesedc.com\/uploads\/image\/post\/2025\/07\/images-1752452571008_300_200.webp 300w, https:\/\/filesedc.com\/uploads\/image\/post\/2025\/07\/images-1752452571008_630_420.webp 630w, https:\/\/filesedc.com\/uploads\/image\/post\/2025\/07\/images-1752452571008_760_507.webp 760w, https:\/\/filesedc.com\/uploads\/image\/post\/2025\/07\/images-1752452571008_1200_800.webp 1200w, https:\/\/filesedc.com\/uploads\/image\/post\/2025\/07\/images-1752452571008_1600_1067.webp 1600w, \"><img decoding=\"async\" src=\"https:\/\/derechadiario.com.ar\/filesedc\/uploads\/image\/post\/2025\/07\/images-1752452571008_1200_800.webp\" class=\"img-responsive lazyload\" alt=\"Bandera roja del sindicato SUNCA de Uruguay sostenida por manifestantes en una marcha urbana\" title=\"Bandera roja del sindicato SUNCA de Uruguay sostenida por manifestantes en una marcha urbana\"><\/picture>\n<div>\n<span class=\"img_footer\">Bandera del Sunca  <\/span>| <span class=\"img_author\">La Derecha Diario<\/span>\n<\/div>\n<\/div>\n<p>Los ex sindicalistas afirmaron que <strong>Andrade<\/strong>, por su rol central en SUNCA, \u201cera imposible que no estuviera al tanto\u201d de la mega estafa de <strong>1.2<\/strong>\u00a0<strong>millones<\/strong>\u00a0<strong>de<\/strong>\u00a0<strong>d\u00f3lares<\/strong>.<\/p>\n<p>El fiscal investiga que parte de los fondos <strong>desviados<\/strong> se us\u00f3 para financiar campa\u00f1as <strong>electorales<\/strong> del PCU, incluyendo las elecciones internas y nacionales de 2024, las departamentales y municipales de 2025.<\/p>\n<p>Tambi\u00e9n, el dinero <strong>robado<\/strong> por los sindicalistas comunistas se us\u00f3 para la campa\u00f1a electoral del <strong>plebiscito<\/strong> sobre seguridad social impulsado por el PIT-CNT en octubre de 2024.\u00a0<\/p>\n<p>Los condenados se\u00f1alaron a <strong>Andrade<\/strong> como cerebro de la <strong>maniobra<\/strong>.\u00a0<\/p>\n<p>Concretamente que el senador se benefici\u00f3 directamente para potenciar su <strong>candidatura<\/strong> al senado, banca que consigui\u00f3 en las elecciones de octubre del a\u00f1o pasado.<\/p>\n<h2>Testimonio clave<\/h2>\n<p>Bruno Bertolio, dirigente del PCU, y ex presidente del FOSVOC en 2024, declar\u00f3 el 11 de junio de 2025 que el presidente de SUNCA, Richard Ferreira, y el secretario general, Javier D\u00edaz, recibieron dinero del fondo, y que se les pidi\u00f3 \u201cgenerar condiciones\u201d para la <strong>elecci\u00f3n<\/strong> de Andrade y Diverio como legisladores.<\/p>\n<figure><img decoding=\"async\" src=\"https:\/\/derechadiario.com.ar\/filesedc\/uploads\/image\/post\/2025\/07\/20230804jc-00812_1200_800.webp\" class=\"img-responsive lazyload\" alt=\"Hombre de cabello canoso y barba mirando al frente con expresi\u00f3n seria frente a un fondo azul y amarillo con letras grandes.\" title=\"Hombre de cabello canoso y barba mirando al frente con expresi\u00f3n seria frente a un fondo azul y amarillo con letras grandes.\"><\/figure>\n<p>La acusaci\u00f3n contra los parlamentarios comunistas <strong>Andrade<\/strong>\u00a0y <strong>Diverio<\/strong> es demoledora. Seg\u00fan estos sindicalistas, del PCU ambos usaron <strong>dinero<\/strong> destinado a un fondo de obreros de la construcci\u00f3n para promover sus carreras pol\u00edticas personales.<\/p>\n<h2>Pol\u00e9mica contrataci\u00f3n del abogado<\/h2>\n<p>Andrade y Diverio contrataron al prestigioso letrado <strong>Gonzalo<\/strong>\u00a0<strong>Fern\u00e1ndez<\/strong>, ex miembro del Frente Amplio y uno de los abogados m\u00e1s <strong>costosos<\/strong> de Uruguay.<\/p>\n<p>Durante largos a\u00f1os el abogado personal de Tabar\u00e9 <strong>V\u00e1zquez<\/strong> y ocup\u00f3 important\u00edsimos cargos en pasados gobiernos frenteamplistas.<\/p>\n<p>Esta contrataci\u00f3n gener\u00f3 cr\u00edticas totalmente razonables, ya que Andrade hab\u00eda declarado previamente no tener recursos para pagar <strong>impuestos<\/strong>, o un arquitecto para su casa, lo que plantea dudas sobre la fuente de los fondos para pagar a Fern\u00e1ndez.<\/p>\n<p>Vale recordar que \u00d3scar Andrade tiene un espectacular <strong>chalet<\/strong> en el <strong>balneario<\/strong> San Luis (Canelones), y durante una d\u00e9cada no pag\u00f3 la <strong>contribuci\u00f3n<\/strong>\u00a0<strong>inmobiliaria<\/strong> a la intendencia del Departamento.<\/p>\n<p>Cuando el caso se hizo p\u00fablico gracias a un informe del programa televisivo Santo y se\u00f1a emitido por Canal 4, el senador comunista intent\u00f3 ponerse al d\u00eda con su deuda.<\/p>\n<figure><img decoding=\"async\" src=\"https:\/\/derechadiario.com.ar\/filesedc\/uploads\/image\/post\/2025\/07\/35808_1200_800.webp\" class=\"img-responsive lazyload\" alt=\"Bandera roja con el logo y las letras amarillas de SUNCA ondeando frente a un edificio\" title=\"Bandera roja con el logo y las letras amarillas de SUNCA ondeando frente a un edificio\"><\/figure>\n<h2>Andrade a fiscal\u00eda<\/h2>\n<p>Culminada la feria judicial el 13 de julio, el fiscal Rodr\u00edguez continuar\u00e1 con su investigaci\u00f3n penal, y como ya anunci\u00f3 hace algunas semanas, tanto <strong>Andrade<\/strong> como <strong>Diverio<\/strong>\u00a0podr\u00edan ser <strong>citados<\/strong> a la fiscal\u00eda.<\/p>\n<p>Sobre ambos legisladores comunistas pesan serias acusaciones que deben ser aclaradas.<\/p>\n<p>Si finalmente se comprueba que el Partido Comunista infiltr\u00f3 sindicalistas en el Sunca para realizar una <strong>estafa<\/strong> millonaria y as\u00ed financiar su campa\u00f1a electoral ser\u00eda realmente grav\u00edsimo.<\/p>\n<p>Estamos hablando que un sector principal del Frente Amplio, al cual pertenece el ministro de Trabajo Juan <strong>Castillo<\/strong>, us\u00f3 el dinero de obreros de la construcci\u00f3n il\u00edcitamente para financiar su campa\u00f1a electoral.<\/p>\n<p>Hasta ahora las explicaciones que ha brindado Andrade est\u00e1n llenas de <strong>contradicciones<\/strong> y no cierran por ning\u00fan lado.<\/p>\n<p>No puede explicar coherentemente las acusaciones que pesan sobre \u00e9l. Fiscal\u00eda debe ir a fondo en su investigaci\u00f3n y los responsables de una mega <strong>estafa<\/strong> millonaria deben ser responsabilizados.<\/p>\n","protected":false},"excerpt":{"rendered":"<p>En enero de 2025 se denunci\u00f3 penalmente un desv\u00edo de 35.6 millones de pesos uruguayos (aproximadamente 1.2 millones de d\u00f3lares) y 17.500 d\u00f3lares del FOSVOC (Fondo Social de Vivienda de Obreros de la Construcci\u00f3n) entre febrero y noviembre de 2024.\u00a0 El Fondo, destinado a facilitar el acceso a viviendas para trabajadores de la construcci\u00f3n, es [&hellip;]<\/p>\n","protected":false},"author":2,"featured_media":10789,"comment_status":"open","ping_status":"open","sticky":false,"template":"","format":"standard","meta":{"_et_pb_use_builder":"","_et_pb_old_content":"","_et_gb_content_width":"","footnotes":""},"categories":[84],"tags":[],"class_list":["post-10788","post","type-post","status-publish","format-standard","has-post-thumbnail","hentry","category-ultimomomento"],"_links":{"self":[{"href":"https:\/\/verdadincomodadiario.ar\/index.php?rest_route=\/wp\/v2\/posts\/10788","targetHints":{"allow":["GET"]}}],"collection":[{"href":"https:\/\/verdadincomodadiario.ar\/index.php?rest_route=\/wp\/v2\/posts"}],"about":[{"href":"https:\/\/verdadincomodadiario.ar\/index.php?rest_route=\/wp\/v2\/types\/post"}],"author":[{"embeddable":true,"href":"https:\/\/verdadincomodadiario.ar\/index.php?rest_route=\/wp\/v2\/users\/2"}],"replies":[{"embeddable":true,"href":"https:\/\/verdadincomodadiario.ar\/index.php?rest_route=%2Fwp%2Fv2%2Fcomments&post=10788"}],"version-history":[{"count":0,"href":"https:\/\/verdadincomodadiario.ar\/index.php?rest_route=\/wp\/v2\/posts\/10788\/revisions"}],"wp:featuredmedia":[{"embeddable":true,"href":"https:\/\/verdadincomodadiario.ar\/index.php?rest_route=\/wp\/v2\/media\/10789"}],"wp:attachment":[{"href":"https:\/\/verdadincomodadiario.ar\/index.php?rest_route=%2Fwp%2Fv2%2Fmedia&parent=10788"}],"wp:term":[{"taxonomy":"category","embeddable":true,"href":"https:\/\/verdadincomodadiario.ar\/index.php?rest_route=%2Fwp%2Fv2%2Fcategories&post=10788"},{"taxonomy":"post_tag","embeddable":true,"href":"https:\/\/verdadincomodadiario.ar\/index.php?rest_route=%2Fwp%2Fv2%2Ftags&post=10788"}],"curies":[{"name":"wp","href":"https:\/\/api.w.org\/{rel}","templated":true}]}}