{"id":10780,"date":"2025-07-13T21:26:51","date_gmt":"2025-07-13T21:26:51","guid":{"rendered":"https:\/\/verdadincomodadiario.ar\/?p=10780"},"modified":"2025-07-13T21:26:51","modified_gmt":"2025-07-13T21:26:51","slug":"israel-elimino-a-altos-mandos-de-la-jihad-islamica-y-de-hamas","status":"publish","type":"post","link":"https:\/\/verdadincomodadiario.ar\/?p=10780","title":{"rendered":"Israel elimin\u00f3 a altos mandos de la Jihad Isl\u00e1mica y de Hamas"},"content":{"rendered":"<p>En una serie de ataques a\u00e9reos llevados a cabo durante las \u00faltimas dos semanas, <strong>las Fuerzas de Defensa de Israel (FDI) y el servicio de inteligencia interna Shin Bet anunciaron la eliminaci\u00f3n de varios altos mandos terroristas de Ham\u00e1s y la Jihad Isl\u00e1mica Palestina<\/strong>. Los objetivos formaban parte de las estructuras clave encargadas de reconstruir las capacidades militares de estos grupos tras los duros reveses sufridos desde el inicio del conflicto.<\/p>\n<p>Seg\u00fan el comunicado conjunto, los operativos eliminados encabezaban unidades dedicadas a la producci\u00f3n de armas, inteligencia militar y financiaci\u00f3n terrorista. Entre los principales abatidos se encuentran:<\/p>\n<ul>\n<li>\n<strong>Muhammad Abu Awwad<\/strong>, alto miembro del departamento de proyectos y desarrollo de armamento de Ham\u00e1s;<\/li>\n<li>\n<strong>Bilal Abu Shikha y Tayseer Shareem<\/strong>, comandantes de secci\u00f3n en la sede de producci\u00f3n de armas;<\/li>\n<li>\n<strong>Mundhir Salami<\/strong>, jefe de un sitio de fabricaci\u00f3n de armamento;<\/li>\n<li>\n<strong>Bilal Musallam<\/strong>, miembro de la divisi\u00f3n de inteligencia militar de Ham\u00e1s;<\/li>\n<li>\n<strong>Rabi\u2019 Mustafa Rabi\u2019 Sukhweil<\/strong>, operador financiero clave, responsable del traslado de millones de d\u00f3lares al ala militar del grupo;<\/li>\n<li>\n<strong>Ahmad Abu Shamala<\/strong>, comandante de escuadra en inteligencia militar;<\/li>\n<li>\n<strong>Mustafa Dababesh<\/strong>, subdirector en el cuartel de producci\u00f3n de armas;<\/li>\n<li>\n<strong>Muhammad Al-Bayouk<\/strong>, figura relevante en el sistema de producci\u00f3n de armamento de la Jihad Isl\u00e1mica.<\/li>\n<\/ul>\n<p>Estos ataques forman parte de <strong>una estrategia continua de Israel<\/strong>\u00a0 para impedir que los grupos terroristas se reorganicen y reconstruyan su infraestructura b\u00e9lica. La operaci\u00f3n demuestra una vez m\u00e1s la <strong>capacidad de inteligencia israel\u00ed<\/strong>\u00a0 para localizar a los actores clave del terrorismo en Gaza y neutralizarlos con precisi\u00f3n, protegiendo as\u00ed a su poblaci\u00f3n y desmantelando los engranajes de la violencia.<\/p>\n","protected":false},"excerpt":{"rendered":"<p>En una serie de ataques a\u00e9reos llevados a cabo durante las \u00faltimas dos semanas, las Fuerzas de Defensa de Israel (FDI) y el servicio de inteligencia interna Shin Bet anunciaron la eliminaci\u00f3n de varios altos mandos terroristas de Ham\u00e1s y la Jihad Isl\u00e1mica Palestina. Los objetivos formaban parte de las estructuras clave encargadas de reconstruir [&hellip;]<\/p>\n","protected":false},"author":2,"featured_media":10781,"comment_status":"open","ping_status":"open","sticky":false,"template":"","format":"standard","meta":{"_et_pb_use_builder":"","_et_pb_old_content":"","_et_gb_content_width":"","footnotes":""},"categories":[84],"tags":[],"class_list":["post-10780","post","type-post","status-publish","format-standard","has-post-thumbnail","hentry","category-ultimomomento"],"_links":{"self":[{"href":"https:\/\/verdadincomodadiario.ar\/index.php?rest_route=\/wp\/v2\/posts\/10780","targetHints":{"allow":["GET"]}}],"collection":[{"href":"https:\/\/verdadincomodadiario.ar\/index.php?rest_route=\/wp\/v2\/posts"}],"about":[{"href":"https:\/\/verdadincomodadiario.ar\/index.php?rest_route=\/wp\/v2\/types\/post"}],"author":[{"embeddable":true,"href":"https:\/\/verdadincomodadiario.ar\/index.php?rest_route=\/wp\/v2\/users\/2"}],"replies":[{"embeddable":true,"href":"https:\/\/verdadincomodadiario.ar\/index.php?rest_route=%2Fwp%2Fv2%2Fcomments&post=10780"}],"version-history":[{"count":0,"href":"https:\/\/verdadincomodadiario.ar\/index.php?rest_route=\/wp\/v2\/posts\/10780\/revisions"}],"wp:featuredmedia":[{"embeddable":true,"href":"https:\/\/verdadincomodadiario.ar\/index.php?rest_route=\/wp\/v2\/media\/10781"}],"wp:attachment":[{"href":"https:\/\/verdadincomodadiario.ar\/index.php?rest_route=%2Fwp%2Fv2%2Fmedia&parent=10780"}],"wp:term":[{"taxonomy":"category","embeddable":true,"href":"https:\/\/verdadincomodadiario.ar\/index.php?rest_route=%2Fwp%2Fv2%2Fcategories&post=10780"},{"taxonomy":"post_tag","embeddable":true,"href":"https:\/\/verdadincomodadiario.ar\/index.php?rest_route=%2Fwp%2Fv2%2Ftags&post=10780"}],"curies":[{"name":"wp","href":"https:\/\/api.w.org\/{rel}","templated":true}]}}