{"id":10776,"date":"2025-07-13T20:24:25","date_gmt":"2025-07-13T20:24:25","guid":{"rendered":"https:\/\/verdadincomodadiario.ar\/?p=10776"},"modified":"2025-07-13T20:24:25","modified_gmt":"2025-07-13T20:24:25","slug":"israel-casi-elimina-al-presidente-de-iran","status":"publish","type":"post","link":"https:\/\/verdadincomodadiario.ar\/?p=10776","title":{"rendered":"Israel casi elimina al presidente de Ir\u00e1n"},"content":{"rendered":"<p>Israel contin\u00faa defendiendo su existencia frente a la creciente amenaza del r\u00e9gimen iran\u00ed. Seg\u00fan informes publicados por la agencia semi-oficial Fars, el <strong>presidente iran\u00ed Masoud Pezeshkian<\/strong>\u00a0 result\u00f3 herido en una pierna durante un ataque a\u00e9reo israel\u00ed <strong>el pasado 16 de junio<\/strong>\u00a0 contra un edificio del Consejo Supremo de Seguridad Nacional en el oeste de Teher\u00e1n.<\/p>\n<p><strong>En la reuni\u00f3n se encontraban altos mandos del r\u00e9gimen, incluyendo el presidente del Parlamento y el jefe del Poder Judicial.<\/strong>\u00a0 El ataque, que form\u00f3 parte de una campa\u00f1a a\u00e9rea lanzada por Israel contra el programa nuclear y de misiles bal\u00edsticos de Ir\u00e1n, habr\u00eda utilizado <strong>seis misiles dirigidos con informaci\u00f3n de inteligencia precisa<\/strong>, lo que ha llevado a las autoridades iran\u00edes a sospechar de una posible infiltraci\u00f3n.<\/p>\n<p><strong>Pezeshkian<\/strong>, en una entrevista reciente con <strong>el periodista anti-israel\u00ed financiado por Qatar Tucker Carlson<\/strong>, acus\u00f3 directamente a Israel de intentar asesinarlo, reconociendo que la informaci\u00f3n que permiti\u00f3 el ataque fue producto de \u201cesp\u00edas\u201d israel\u00edes. Aunque los l\u00edderes pol\u00edticos escaparon por una salida de emergencia, algunos \u2014incluido el presidente\u2014 sufrieron heridas al huir sin luz ni ox\u00edgeno.<\/p>\n<div class=\"inter_image image_horizontal\">\n<picture><source class=\"img-responsive\" type=\"image\/webp\" data-srcset=\"https:\/\/filesedc.com\/uploads\/image\/post\/2025\/07\/avionesmilitaresisrael_300_200.webp 300w, https:\/\/filesedc.com\/uploads\/image\/post\/2025\/07\/avionesmilitaresisrael_630_420.webp 630w, https:\/\/filesedc.com\/uploads\/image\/post\/2025\/07\/avionesmilitaresisrael_760_507.webp 760w, https:\/\/filesedc.com\/uploads\/image\/post\/2025\/07\/avionesmilitaresisrael_1200_800.webp 1200w, https:\/\/filesedc.com\/uploads\/image\/post\/2025\/07\/avionesmilitaresisrael_1600_1067.webp 1600w, \"><img decoding=\"async\" src=\"https:\/\/derechadiario.com.ar\/filesedc\/uploads\/image\/post\/2025\/07\/avionesmilitaresisrael_1200_800.webp\" class=\"img-responsive lazyload\" alt=\"Cinco aviones de combate con camuflaje volando en formaci\u00f3n sobre un paisaje \u00e1rido con algunas nubes dispersas\" title=\"Cinco aviones de combate con camuflaje volando en formaci\u00f3n sobre un paisaje \u00e1rido con algunas nubes dispersas\"><\/picture>\n<div>\n<span class=\"img_footer\">Aviones de las FDI <\/span>| <span class=\"img_author\">La Derecha Diario<\/span>\n<\/div>\n<\/div>\n<p>La operaci\u00f3n israel\u00ed fue parte de una ofensiva de gran escala que, seg\u00fan el gobierno de Jerusal\u00e9n, ten\u00eda como objetivo neutralizar la amenaza existencial que representa Ir\u00e1n, que ha declarado abiertamente su intenci\u00f3n de destruir el Estado jud\u00edo. <strong>En esa ofensiva, fueron eliminados altos mandos militares iran\u00edes, incluidos jefes de la Guardia Revolucionaria y del programa de misiles<\/strong>.<\/p>\n<p>Aunque Israel dej\u00f3 claro que no busca un cambio de r\u00e9gimen, s\u00ed demostr\u00f3 su capacidad de golpear con precisi\u00f3n y contundencia para frenar los avances nucleares iran\u00edes. <strong>La ofensiva culmin\u00f3 con una tregua negociada por EE.UU. tras su propia intervenci\u00f3n militar<\/strong>.<\/p>\n","protected":false},"excerpt":{"rendered":"<p>Israel contin\u00faa defendiendo su existencia frente a la creciente amenaza del r\u00e9gimen iran\u00ed. Seg\u00fan informes publicados por la agencia semi-oficial Fars, el presidente iran\u00ed Masoud Pezeshkian\u00a0 result\u00f3 herido en una pierna durante un ataque a\u00e9reo israel\u00ed el pasado 16 de junio\u00a0 contra un edificio del Consejo Supremo de Seguridad Nacional en el oeste de Teher\u00e1n. [&hellip;]<\/p>\n","protected":false},"author":2,"featured_media":10777,"comment_status":"open","ping_status":"open","sticky":false,"template":"","format":"standard","meta":{"_et_pb_use_builder":"","_et_pb_old_content":"","_et_gb_content_width":"","footnotes":""},"categories":[84],"tags":[],"class_list":["post-10776","post","type-post","status-publish","format-standard","has-post-thumbnail","hentry","category-ultimomomento"],"_links":{"self":[{"href":"https:\/\/verdadincomodadiario.ar\/index.php?rest_route=\/wp\/v2\/posts\/10776","targetHints":{"allow":["GET"]}}],"collection":[{"href":"https:\/\/verdadincomodadiario.ar\/index.php?rest_route=\/wp\/v2\/posts"}],"about":[{"href":"https:\/\/verdadincomodadiario.ar\/index.php?rest_route=\/wp\/v2\/types\/post"}],"author":[{"embeddable":true,"href":"https:\/\/verdadincomodadiario.ar\/index.php?rest_route=\/wp\/v2\/users\/2"}],"replies":[{"embeddable":true,"href":"https:\/\/verdadincomodadiario.ar\/index.php?rest_route=%2Fwp%2Fv2%2Fcomments&post=10776"}],"version-history":[{"count":0,"href":"https:\/\/verdadincomodadiario.ar\/index.php?rest_route=\/wp\/v2\/posts\/10776\/revisions"}],"wp:featuredmedia":[{"embeddable":true,"href":"https:\/\/verdadincomodadiario.ar\/index.php?rest_route=\/wp\/v2\/media\/10777"}],"wp:attachment":[{"href":"https:\/\/verdadincomodadiario.ar\/index.php?rest_route=%2Fwp%2Fv2%2Fmedia&parent=10776"}],"wp:term":[{"taxonomy":"category","embeddable":true,"href":"https:\/\/verdadincomodadiario.ar\/index.php?rest_route=%2Fwp%2Fv2%2Fcategories&post=10776"},{"taxonomy":"post_tag","embeddable":true,"href":"https:\/\/verdadincomodadiario.ar\/index.php?rest_route=%2Fwp%2Fv2%2Ftags&post=10776"}],"curies":[{"name":"wp","href":"https:\/\/api.w.org\/{rel}","templated":true}]}}