{"id":10756,"date":"2025-07-13T15:27:28","date_gmt":"2025-07-13T15:27:28","guid":{"rendered":"https:\/\/verdadincomodadiario.ar\/?p=10756"},"modified":"2025-07-13T15:27:28","modified_gmt":"2025-07-13T15:27:28","slug":"atacantes-palestinos-lanzaron-piedras-contra-pastores-israelies-en-cisjordania","status":"publish","type":"post","link":"https:\/\/verdadincomodadiario.ar\/?p=10756","title":{"rendered":"Atacantes palestinos lanzaron piedras contra pastores israel\u00edes en Cisjordania"},"content":{"rendered":"<p>Un violento episodio ocurrido en el norte de Ramallah, Cisjordania, ha vuelto a evidenciar <strong>la amenaza constante del terrorismo palestino<\/strong>\u00a0 en la regi\u00f3n y la compleja din\u00e1mica de seguridad que enfrentan los civiles israel\u00edes.<\/p>\n<p>Seg\u00fan las <strong>Fuerzas de Defensa de Israel (FDI)<\/strong>, todo comenz\u00f3 cuando un grupo de pastores jud\u00edos fue atacado con piedras y hondas por decenas de palestinos cerca de la localidad de <strong>Sinjil<\/strong>, resultando heridos dos de ellos.<\/p>\n<p>El ataque desencaden\u00f3 <strong>una serie de enfrentamientos<\/strong>\u00a0 que derivaron en da\u00f1os materiales, incendios y violencia f\u00edsica.<\/p>\n<div class=\"inter_image image_horizontal\">\n<picture><source class=\"img-responsive\" type=\"image\/webp\" data-srcset=\"https:\/\/filesedc.com\/uploads\/image\/post\/2025\/07\/ataquepales2_300_200.webp 300w, https:\/\/filesedc.com\/uploads\/image\/post\/2025\/07\/ataquepales2_630_420.webp 630w, https:\/\/filesedc.com\/uploads\/image\/post\/2025\/07\/ataquepales2_760_507.webp 760w, https:\/\/filesedc.com\/uploads\/image\/post\/2025\/07\/ataquepales2_1200_800.webp 1200w, https:\/\/filesedc.com\/uploads\/image\/post\/2025\/07\/ataquepales2_1600_1067.webp 1600w, \"><img decoding=\"async\" src=\"https:\/\/derechadiario.com.ar\/filesedc\/uploads\/image\/post\/2025\/07\/ataquepales2_1200_800.webp\" class=\"img-responsive lazyload\" alt=\"Un grupo de personas y un soldado se encuentran en un terreno rocoso y \u00e1rido junto a un tractor azul con un remolque que transporta un \u00e1rbol, bajo un cielo despejado\" title=\"Un grupo de personas y un soldado se encuentran en un terreno rocoso y \u00e1rido junto a un tractor azul con un remolque que transporta un \u00e1rbol, bajo un cielo despejado\"><\/picture>\n<div>\n<span class=\"img_footer\">Las Fuerzas de Seguridad en la zona del ataque <\/span>| <span class=\"img_author\">La Derecha Diario<\/span>\n<\/div>\n<\/div>\n<p>La situaci\u00f3n escal\u00f3 r\u00e1pidamente cuando se descubrieron explosivos improvisados escondidos dentro de barreras de piedra, colocados con la aparente intenci\u00f3n de matar soldados israel\u00edes que acudieran al lugar. Afortunadamente, <strong>las fuerzas de seguridad lograron desactivar los artefactos sin que se registraran v\u00edctimas<\/strong>.<\/p>\n<p>Seg\u00fan fuentes del movimiento de colonos, <strong>activistas israel\u00edes de izquierda acompa\u00f1aban a los palestinos durante el incidente<\/strong>, lo que sugiere una posible coordinaci\u00f3n previa del ataque. La agencia oficial palestina WAFA, por su parte, afirm\u00f3 que el objetivo de la acci\u00f3n era expulsar a los pastores y desmantelar la granja.<\/p>\n<p>El Ministerio de Salud palestino, controlado por Ham\u00e1s, inform\u00f3 que <strong>dos palestinos murieron<\/strong>\u00a0 durante los enfrentamientos, uno de ellos ciudadano estadounidense, identificado como Saif al-Din Kamel Abdul Karim Musallat.<\/p>\n<p>Las autoridades israel\u00edes subrayan que se trat\u00f3 de un ataque terrorista premeditado y desmienten las acusaciones de &#8220;pogromo&#8221; lanzadas por l\u00edderes palestinos.<\/p>\n","protected":false},"excerpt":{"rendered":"<p>Un violento episodio ocurrido en el norte de Ramallah, Cisjordania, ha vuelto a evidenciar la amenaza constante del terrorismo palestino\u00a0 en la regi\u00f3n y la compleja din\u00e1mica de seguridad que enfrentan los civiles israel\u00edes. Seg\u00fan las Fuerzas de Defensa de Israel (FDI), todo comenz\u00f3 cuando un grupo de pastores jud\u00edos fue atacado con piedras y [&hellip;]<\/p>\n","protected":false},"author":2,"featured_media":10757,"comment_status":"open","ping_status":"open","sticky":false,"template":"","format":"standard","meta":{"_et_pb_use_builder":"","_et_pb_old_content":"","_et_gb_content_width":"","footnotes":""},"categories":[84],"tags":[],"class_list":["post-10756","post","type-post","status-publish","format-standard","has-post-thumbnail","hentry","category-ultimomomento"],"_links":{"self":[{"href":"https:\/\/verdadincomodadiario.ar\/index.php?rest_route=\/wp\/v2\/posts\/10756","targetHints":{"allow":["GET"]}}],"collection":[{"href":"https:\/\/verdadincomodadiario.ar\/index.php?rest_route=\/wp\/v2\/posts"}],"about":[{"href":"https:\/\/verdadincomodadiario.ar\/index.php?rest_route=\/wp\/v2\/types\/post"}],"author":[{"embeddable":true,"href":"https:\/\/verdadincomodadiario.ar\/index.php?rest_route=\/wp\/v2\/users\/2"}],"replies":[{"embeddable":true,"href":"https:\/\/verdadincomodadiario.ar\/index.php?rest_route=%2Fwp%2Fv2%2Fcomments&post=10756"}],"version-history":[{"count":0,"href":"https:\/\/verdadincomodadiario.ar\/index.php?rest_route=\/wp\/v2\/posts\/10756\/revisions"}],"wp:featuredmedia":[{"embeddable":true,"href":"https:\/\/verdadincomodadiario.ar\/index.php?rest_route=\/wp\/v2\/media\/10757"}],"wp:attachment":[{"href":"https:\/\/verdadincomodadiario.ar\/index.php?rest_route=%2Fwp%2Fv2%2Fmedia&parent=10756"}],"wp:term":[{"taxonomy":"category","embeddable":true,"href":"https:\/\/verdadincomodadiario.ar\/index.php?rest_route=%2Fwp%2Fv2%2Fcategories&post=10756"},{"taxonomy":"post_tag","embeddable":true,"href":"https:\/\/verdadincomodadiario.ar\/index.php?rest_route=%2Fwp%2Fv2%2Ftags&post=10756"}],"curies":[{"name":"wp","href":"https:\/\/api.w.org\/{rel}","templated":true}]}}